{"id":98717,"date":"2019-11-20T14:32:21","date_gmt":"2019-11-20T11:32:21","guid":{"rendered":"http:\/\/arantv.az\/?p=98717"},"modified":"2019-11-20T14:32:21","modified_gmt":"2019-11-20T11:32:21","slug":"bakida-avtomobill%c9%99rin-parklanmasi-pulsuzdur-bna-dan-aciqlama","status":"publish","type":"post","link":"https:\/\/arantv.az\/?p=98717","title":{"rendered":"Bak\u0131da avtomobill\u0259rin parklanmas\u0131 PULSUZDUR &#8211; BNA-dan A\u00c7IQLAMA"},"content":{"rendered":"<p>&#8220;\u018fvv\u0259ll\u0259r Bak\u0131 \u015e\u0259h\u0259r \u0130cra Hakimiyy\u0259ti t\u0259r\u0259find\u0259n t\u0259\u015fkil olunmu\u015f b\u00fct\u00fcn parklanma yerl\u0259ri hans\u0131 ki, parklanma \u00fc\u00e7\u00fcn m\u00fcvafiq ni\u015fanlar da qoyulub, h\u0259min yerl\u0259rd\u0259 avtomobill\u0259ri park etm\u0259k olar v\u0259 bu da \u00f6d\u0259ni\u015fsizdir&#8221;.<\/p>\n<p>Bunu Modern.az-\u0131n sor\u011fusuna cavab olaraq Bak\u0131 N\u0259qliyyat Agentliyinin (BNA) m\u0259tbuat katibi Mais A\u011fayev s\u00fcr\u00fcc\u00fcl\u0259rin parklanma yerl\u0259ri \u00fc\u00e7\u00fcn t\u0259l\u0259b edil\u0259n \u00f6d\u0259ni\u015fl\u0259r\u0259 etiraz\u0131na cavab ver\u0259rk\u0259n bildirib. M.A\u011fayev qeyd edib ki, \u0259vv\u0259ll\u0259r Bak\u0131 \u015e\u0259h\u0259r \u0130cra Hakimiyy\u0259ti t\u0259r\u0259find\u0259n t\u0259\u015fkil olunan 423 parklanma yeri BNA-ya t\u0259hvil verils\u0259 d\u0259, h\u0259l\u0259lik tarifl\u0259r m\u00fc\u0259yy\u0259nl\u0259\u015fm\u0259yib: &#8220;K\u00fc\u00e7\u0259 parklanma yerl\u0259rinin idar\u0259 olunmas\u0131 il\u0259 ba\u011fl\u0131 z\u0259ruri komponentl\u0259r var. \u018fn vacib olan\u0131 is\u0259 tarifl\u0259r m\u0259s\u0259l\u0259sidir. Tarifl\u0259rin m\u00fc\u0259yy\u0259nl\u0259\u015fdirilm\u0259si \u00fc\u00e7\u00fcn Nazirl\u0259r Kabinetin\u0259 m\u00fcraci\u0259t olunub. Haz\u0131rda Nazirl\u0259r Kabinetind\u0259 m\u0259s\u0259l\u0259y\u0259 bax\u0131l\u0131r. Bu yax\u0131nlarda biz\u0259 r\u0259smi cavab veril\u0259c\u0259yi bildirilib&#8221;.<\/p>\n<div><\/div>\n<p>M.A\u011fayev qeyd edib ki, tarifl\u0259r m\u00fc\u0259yy\u0259nl\u0259\u015f\u0259n\u0259d\u0259k k\u00fc\u00e7\u0259 parklanmas\u0131na g\u00f6r\u0259 v\u0259t\u0259nda\u015flardan pul y\u0131\u011fan \u015f\u0259xsl\u0259rin, yaxud t\u0259\u015fkilat\u0131n f\u0259aliyy\u0259ti tam qanunsuzdur: &#8220;\u00c7\u00fcnki Bak\u0131 da daxil olmaqla \u00f6lk\u0259 \u00fczr\u0259 avtomobil parklanmas\u0131na g\u00f6r\u0259 tarifl\u0259r t\u0259sdiql\u0259nm\u0259yib. H\u0259tta qanunsuz \u00f6d\u0259ni\u015fl\u0259rl\u0259 ba\u011fl\u0131 Bak\u0131 N\u0259qliyyat Agentliyi t\u0259r\u0259find\u0259n h\u00fcquq m\u00fchafiz\u0259 orqanlar\u0131na, prokurolu\u011fa da m\u00fcraci\u0259t edilib&#8221;.<\/p>\n","protected":false},"excerpt":{"rendered":"<p>&#8220;\u018fvv\u0259ll\u0259r Bak\u0131 \u015e\u0259h\u0259r \u0130cra Hakimiyy\u0259ti t\u0259r\u0259find\u0259n t\u0259\u015fkil olunmu\u015f b\u00fct\u00fcn parklanma yerl\u0259ri hans\u0131 ki, parklanma \u00fc\u00e7\u00fcn m\u00fcvafiq ni\u015fanlar da qoyulub, h\u0259min yerl\u0259rd\u0259 avtomobill\u0259ri park etm\u0259k olar v\u0259 bu da \u00f6d\u0259ni\u015fsizdir&#8221;. Bunu Modern.az-\u0131n sor\u011fusuna cavab olaraq Bak\u0131 N\u0259qliyyat Agentliyinin (BNA) m\u0259tbuat katibi Mais A\u011fayev s\u00fcr\u00fcc\u00fcl\u0259rin parklanma yerl\u0259ri \u00fc\u00e7\u00fcn t\u0259l\u0259b edil\u0259n \u00f6d\u0259ni\u015fl\u0259r\u0259 etiraz\u0131na cavab ver\u0259rk\u0259n bildirib. M.A\u011fayev qeyd edib ki, \u0259vv\u0259ll\u0259r Bak\u0131 \u015e\u0259h\u0259r \u0130cra Hakimiyy\u0259ti t\u0259r\u0259find\u0259n t\u0259\u015fkil olunan 423 parklanma yeri BNA-ya t\u0259hvil verils\u0259 d\u0259, h\u0259l\u0259lik tarifl\u0259r m\u00fc\u0259yy\u0259nl\u0259\u015fm\u0259yib: &#8220;K\u00fc\u00e7\u0259 parklanma yerl\u0259rinin idar\u0259 olunmas\u0131 il\u0259 ba\u011fl\u0131 z\u0259ruri komponentl\u0259r var. \u018fn vacib olan\u0131 is\u0259 tarifl\u0259r&hellip;<\/p>\n","protected":false},"author":2,"featured_media":98718,"comment_status":"closed","ping_status":"closed","sticky":false,"template":"","format":"standard","meta":{"om_disable_all_campaigns":false,"_monsterinsights_skip_tracking":false,"_monsterinsights_sitenote_active":false,"_monsterinsights_sitenote_note":"","_monsterinsights_sitenote_category":0},"categories":[1],"tags":[],"aioseo_notices":[],"gutentor_comment":0,"rttpg_featured_image_url":{"full":["https:\/\/arantv.az\/wp-content\/uploads\/2019\/11\/1574247944_b7cf1b3.jpg",550,345,false],"landscape":["https:\/\/arantv.az\/wp-content\/uploads\/2019\/11\/1574247944_b7cf1b3.jpg",550,345,false],"portraits":["https:\/\/arantv.az\/wp-content\/uploads\/2019\/11\/1574247944_b7cf1b3.jpg",550,345,false],"thumbnail":["https:\/\/arantv.az\/wp-content\/uploads\/2019\/11\/1574247944_b7cf1b3-150x150.jpg",150,150,true],"medium":["https:\/\/arantv.az\/wp-content\/uploads\/2019\/11\/1574247944_b7cf1b3-300x188.jpg",300,188,true],"large":["https:\/\/arantv.az\/wp-content\/uploads\/2019\/11\/1574247944_b7cf1b3.jpg",550,345,false],"1536x1536":["https:\/\/arantv.az\/wp-content\/uploads\/2019\/11\/1574247944_b7cf1b3.jpg",550,345,false],"2048x2048":["https:\/\/arantv.az\/wp-content\/uploads\/2019\/11\/1574247944_b7cf1b3.jpg",550,345,false],"post-thumbnail":["https:\/\/arantv.az\/wp-content\/uploads\/2019\/11\/1574247944_b7cf1b3-240x172.jpg",240,172,true],"advps-thumb-one":["https:\/\/arantv.az\/wp-content\/uploads\/2019\/11\/1574247944_b7cf1b3.jpg",550,345,false]},"rttpg_author":{"display_name":"V\u00fcsal Rafiqo\u011flu","author_link":"https:\/\/arantv.az\/?author=2"},"rttpg_comment":0,"rttpg_category":"<a href=\"https:\/\/arantv.az\/?cat=1\" rel=\"category\">C\u0259miyy\u0259t<\/a>","rttpg_excerpt":"&#8220;\u018fvv\u0259ll\u0259r Bak\u0131 \u015e\u0259h\u0259r \u0130cra Hakimiyy\u0259ti t\u0259r\u0259find\u0259n t\u0259\u015fkil olunmu\u015f b\u00fct\u00fcn parklanma yerl\u0259ri hans\u0131 ki, parklanma \u00fc\u00e7\u00fcn m\u00fcvafiq ni\u015fanlar da qoyulub, h\u0259min yerl\u0259rd\u0259 avtomobill\u0259ri park etm\u0259k olar v\u0259 bu da \u00f6d\u0259ni\u015fsizdir&#8221;. Bunu Modern.az-\u0131n sor\u011fusuna cavab olaraq Bak\u0131 N\u0259qliyyat Agentliyinin (BNA) m\u0259tbuat katibi Mais A\u011fayev s\u00fcr\u00fcc\u00fcl\u0259rin parklanma yerl\u0259ri \u00fc\u00e7\u00fcn t\u0259l\u0259b edil\u0259n \u00f6d\u0259ni\u015fl\u0259r\u0259 etiraz\u0131na cavab ver\u0259rk\u0259n bildirib. M.A\u011fayev qeyd&hellip;","_links":{"self":[{"href":"https:\/\/arantv.az\/index.php?rest_route=\/wp\/v2\/posts\/98717"}],"collection":[{"href":"https:\/\/arantv.az\/index.php?rest_route=\/wp\/v2\/posts"}],"about":[{"href":"https:\/\/arantv.az\/index.php?rest_route=\/wp\/v2\/types\/post"}],"author":[{"embeddable":true,"href":"https:\/\/arantv.az\/index.php?rest_route=\/wp\/v2\/users\/2"}],"replies":[{"embeddable":true,"href":"https:\/\/arantv.az\/index.php?rest_route=%2Fwp%2Fv2%2Fcomments&post=98717"}],"version-history":[{"count":0,"href":"https:\/\/arantv.az\/index.php?rest_route=\/wp\/v2\/posts\/98717\/revisions"}],"wp:featuredmedia":[{"embeddable":true,"href":"https:\/\/arantv.az\/index.php?rest_route=\/wp\/v2\/media\/98718"}],"wp:attachment":[{"href":"https:\/\/arantv.az\/index.php?rest_route=%2Fwp%2Fv2%2Fmedia&parent=98717"}],"wp:term":[{"taxonomy":"category","embeddable":true,"href":"https:\/\/arantv.az\/index.php?rest_route=%2Fwp%2Fv2%2Fcategories&post=98717"},{"taxonomy":"post_tag","embeddable":true,"href":"https:\/\/arantv.az\/index.php?rest_route=%2Fwp%2Fv2%2Ftags&post=98717"}],"curies":[{"name":"wp","href":"https:\/\/api.w.org\/{rel}","templated":true}]}}