{"id":98769,"date":"2019-11-20T15:37:07","date_gmt":"2019-11-20T12:37:07","guid":{"rendered":"http:\/\/arantv.az\/?p=98769"},"modified":"2019-11-20T15:37:07","modified_gmt":"2019-11-20T12:37:07","slug":"bakida-d%c9%99hs%c9%99tli-hadis%c9%99-ferma-sahibi-19-yasli-g%c9%99nci-%c9%99sir-goturdu-foto","status":"publish","type":"post","link":"https:\/\/arantv.az\/?p=98769","title":{"rendered":"Bak\u0131da D\u018fH\u015e\u018fTL\u0130 HAD\u0130S\u018f: Ferma sahibi 19 ya\u015fl\u0131 g\u0259nci \u0259sir g\u00f6t\u00fcrd\u00fc &#8211; FOTO"},"content":{"rendered":"<p>Az\u0259rbaycanda ferma sahibi 19 ya\u015fl\u0131 g\u0259nci \u0259sir g\u00f6t\u00fcr\u00fcb.<\/p>\n<p><b>ARANTV.AZ<\/b>-\u0131n m\u0259lumat\u0131na \u0259sas\u0259n, bu bar\u0259d\u0259 X\u0259z\u0259r televiziyas\u0131nda yay\u0131mlanan v\u0259 Xo\u015fq\u0259d\u0259m Hiday\u0259tq\u0131z\u0131n\u0131n apar\u0131c\u0131l\u0131q etdiyi &#8220;S\u0259ni axtar\u0131ram&#8221; verili\u015fin\u0259 m\u00fcraci\u0259t ed\u0259n v\u0259 o\u011flu S\u0259yad Bayramovu axtaran ana deyib.<\/p>\n<div><\/div>\n<p>Ana bildirib ki, o\u011flum 3 g\u00fcn \u00f6nc\u0259 Pir\u015fa\u011fa q\u0259s\u0259b\u0259sind\u0259n yoxa \u00e7\u0131x\u0131b:<br \/>\n&#8220;O\u011flum fermada i\u015fl\u0259yirdi. S\u0259yad orada t\u0259zyiq alt\u0131nda idi. Ferma sahibi onu \u0259sir g\u00f6t\u00fcrm\u00fc\u015fd\u00fc. Polis\u0259 d\u0259 m\u00fcraci\u0259t etmi\u015fik. Qarda\u015f\u0131m 6 ildir ki, orada i\u015fl\u0259yir. M\u00fcdir z\u0259ng etdi ki, qarda\u015f\u0131n i\u015f\u0259 g\u0259lmir. Qarda\u015f\u0131m 14 ya\u015f\u0131ndan orada i\u015fl\u0259yir. Ferma sahibinin ad\u0131 Fazildir&#8221;.<\/p>\n<p>Apar\u0131c\u0131 anan\u0131 14 ya\u015f\u0131ndan i\u015fl\u0259tdiyi \u00fc\u00e7\u00fcn q\u0131nay\u0131b: &#8220;Pula ehtiyac\u0131m var dey\u0259 3 ya\u015fl\u0131 \u0259kizl\u0259rim Arda v\u0259 Ar\u0131n\u0131 g\u00f6nd\u0259rim ki, pul qazans\u0131nlar?!&#8221;.<\/p>\n<p>S\u0259yad\u0131n qarda\u015f\u0131 dedi ki, Fazil polis mayorunun yan\u0131nda dedi ki, m\u0259n sizin u\u015fa\u011f\u0131 \u00f6ld\u00fcr\u00fcb, d\u0259niz\u0259 atm\u0131\u015fam. Gedin neyi bacar\u0131rs\u0131n\u0131zsa onu da edin&#8221;.Sonxeber.az<\/p>\n","protected":false},"excerpt":{"rendered":"<p>Az\u0259rbaycanda ferma sahibi 19 ya\u015fl\u0131 g\u0259nci \u0259sir g\u00f6t\u00fcr\u00fcb. ARANTV.AZ-\u0131n m\u0259lumat\u0131na \u0259sas\u0259n, bu bar\u0259d\u0259 X\u0259z\u0259r televiziyas\u0131nda yay\u0131mlanan v\u0259 Xo\u015fq\u0259d\u0259m Hiday\u0259tq\u0131z\u0131n\u0131n apar\u0131c\u0131l\u0131q etdiyi &#8220;S\u0259ni axtar\u0131ram&#8221; verili\u015fin\u0259 m\u00fcraci\u0259t ed\u0259n v\u0259 o\u011flu S\u0259yad Bayramovu axtaran ana deyib. Ana bildirib ki, o\u011flum 3 g\u00fcn \u00f6nc\u0259 Pir\u015fa\u011fa q\u0259s\u0259b\u0259sind\u0259n yoxa \u00e7\u0131x\u0131b: &#8220;O\u011flum fermada i\u015fl\u0259yirdi. S\u0259yad orada t\u0259zyiq alt\u0131nda idi. Ferma sahibi onu \u0259sir g\u00f6t\u00fcrm\u00fc\u015fd\u00fc. Polis\u0259 d\u0259 m\u00fcraci\u0259t etmi\u015fik. Qarda\u015f\u0131m 6 ildir ki, orada i\u015fl\u0259yir. M\u00fcdir z\u0259ng etdi ki, qarda\u015f\u0131n i\u015f\u0259 g\u0259lmir. Qarda\u015f\u0131m 14 ya\u015f\u0131ndan orada i\u015fl\u0259yir. Ferma sahibinin ad\u0131 Fazildir&#8221;. Apar\u0131c\u0131 anan\u0131 14 ya\u015f\u0131ndan i\u015fl\u0259tdiyi \u00fc\u00e7\u00fcn q\u0131nay\u0131b:&hellip;<\/p>\n","protected":false},"author":2,"featured_media":98770,"comment_status":"closed","ping_status":"closed","sticky":false,"template":"","format":"standard","meta":{"om_disable_all_campaigns":false,"_monsterinsights_skip_tracking":false,"_monsterinsights_sitenote_active":false,"_monsterinsights_sitenote_note":"","_monsterinsights_sitenote_category":0},"categories":[1],"tags":[],"aioseo_notices":[],"gutentor_comment":0,"rttpg_featured_image_url":{"full":["https:\/\/arantv.az\/wp-content\/uploads\/2019\/11\/15742524371.png",356,318,false],"landscape":["https:\/\/arantv.az\/wp-content\/uploads\/2019\/11\/15742524371.png",356,318,false],"portraits":["https:\/\/arantv.az\/wp-content\/uploads\/2019\/11\/15742524371.png",356,318,false],"thumbnail":["https:\/\/arantv.az\/wp-content\/uploads\/2019\/11\/15742524371-150x150.png",150,150,true],"medium":["https:\/\/arantv.az\/wp-content\/uploads\/2019\/11\/15742524371-300x268.png",300,268,true],"large":["https:\/\/arantv.az\/wp-content\/uploads\/2019\/11\/15742524371.png",356,318,false],"1536x1536":["https:\/\/arantv.az\/wp-content\/uploads\/2019\/11\/15742524371.png",356,318,false],"2048x2048":["https:\/\/arantv.az\/wp-content\/uploads\/2019\/11\/15742524371.png",356,318,false],"post-thumbnail":["https:\/\/arantv.az\/wp-content\/uploads\/2019\/11\/15742524371-240x172.png",240,172,true],"advps-thumb-one":["https:\/\/arantv.az\/wp-content\/uploads\/2019\/11\/15742524371.png",356,318,false]},"rttpg_author":{"display_name":"V\u00fcsal Rafiqo\u011flu","author_link":"https:\/\/arantv.az\/?author=2"},"rttpg_comment":0,"rttpg_category":"<a href=\"https:\/\/arantv.az\/?cat=1\" rel=\"category\">C\u0259miyy\u0259t<\/a>","rttpg_excerpt":"Az\u0259rbaycanda ferma sahibi 19 ya\u015fl\u0131 g\u0259nci \u0259sir g\u00f6t\u00fcr\u00fcb. ARANTV.AZ-\u0131n m\u0259lumat\u0131na \u0259sas\u0259n, bu bar\u0259d\u0259 X\u0259z\u0259r televiziyas\u0131nda yay\u0131mlanan v\u0259 Xo\u015fq\u0259d\u0259m Hiday\u0259tq\u0131z\u0131n\u0131n apar\u0131c\u0131l\u0131q etdiyi &#8220;S\u0259ni axtar\u0131ram&#8221; verili\u015fin\u0259 m\u00fcraci\u0259t ed\u0259n v\u0259 o\u011flu S\u0259yad Bayramovu axtaran ana deyib. Ana bildirib ki, o\u011flum 3 g\u00fcn \u00f6nc\u0259 Pir\u015fa\u011fa q\u0259s\u0259b\u0259sind\u0259n yoxa \u00e7\u0131x\u0131b: &#8220;O\u011flum fermada i\u015fl\u0259yirdi. S\u0259yad orada t\u0259zyiq alt\u0131nda idi. Ferma sahibi onu&hellip;","_links":{"self":[{"href":"https:\/\/arantv.az\/index.php?rest_route=\/wp\/v2\/posts\/98769"}],"collection":[{"href":"https:\/\/arantv.az\/index.php?rest_route=\/wp\/v2\/posts"}],"about":[{"href":"https:\/\/arantv.az\/index.php?rest_route=\/wp\/v2\/types\/post"}],"author":[{"embeddable":true,"href":"https:\/\/arantv.az\/index.php?rest_route=\/wp\/v2\/users\/2"}],"replies":[{"embeddable":true,"href":"https:\/\/arantv.az\/index.php?rest_route=%2Fwp%2Fv2%2Fcomments&post=98769"}],"version-history":[{"count":0,"href":"https:\/\/arantv.az\/index.php?rest_route=\/wp\/v2\/posts\/98769\/revisions"}],"wp:featuredmedia":[{"embeddable":true,"href":"https:\/\/arantv.az\/index.php?rest_route=\/wp\/v2\/media\/98770"}],"wp:attachment":[{"href":"https:\/\/arantv.az\/index.php?rest_route=%2Fwp%2Fv2%2Fmedia&parent=98769"}],"wp:term":[{"taxonomy":"category","embeddable":true,"href":"https:\/\/arantv.az\/index.php?rest_route=%2Fwp%2Fv2%2Fcategories&post=98769"},{"taxonomy":"post_tag","embeddable":true,"href":"https:\/\/arantv.az\/index.php?rest_route=%2Fwp%2Fv2%2Ftags&post=98769"}],"curies":[{"name":"wp","href":"https:\/\/api.w.org\/{rel}","templated":true}]}}