{"id":98773,"date":"2019-11-20T15:38:50","date_gmt":"2019-11-20T12:38:50","guid":{"rendered":"http:\/\/arantv.az\/?p=98773"},"modified":"2019-11-20T15:38:50","modified_gmt":"2019-11-20T12:38:50","slug":"5-ayliq-korp%c9%99-soyuqd%c9%99ym%c9%99d%c9%99n-oldu","status":"publish","type":"post","link":"https:\/\/arantv.az\/?p=98773","title":{"rendered":"5 ayl\u0131q k\u00f6rp\u0259 soyuqd\u0259ym\u0259d\u0259n \u00f6ld\u00fc"},"content":{"rendered":"<p>A\u011fstafa rayonunda 5 ayl\u0131q k\u00f6rp\u0259 soyuqd\u0259ym\u0259d\u0259n \u00f6l\u00fcb.<\/p>\n<p><strong>\u00a0ARANTV.AZ<\/strong> x\u0259b\u0259r verir ki,\u00a0 hadis\u0259 rayonun Vur\u011fun q\u0259s\u0259b\u0259sind\u0259 qeyd\u0259 al\u0131n\u0131b.<\/p>\n<p>Bel\u0259 ki, A\u011fstafa rayon sakini Tural Qas\u0131mov v\u0259 K\u0259mal\u0259 M\u0259mm\u0259dovan\u0131n \u00f6vladlar\u0131, 2019-cu il t\u0259v\u0259ll\u00fcdl\u00fc Turan Qas\u0131mov evd\u0259 d\u00fcnyas\u0131n\u0131 d\u0259yi\u015fib.<\/p>\n<p>Q\u0259s\u0259b\u0259nin h\u0259kim m\u0259nt\u0259q\u0259sinin m\u00fcdiri G\u00fcl\u015f\u0259n Babanl\u0131 bildirib ki, bununla ba\u011fl\u0131 onlara v\u0259 ya A\u011fstafa rayon t\u0259cili tibbi yard\u0131m briqadas\u0131na m\u0259lumat daxil olmay\u0131b: &#8220;Biz bu m\u0259s\u0259l\u0259d\u0259n daha sonra x\u0259b\u0259r tutduq v\u0259 ev\u0259 getdik, v\u0259ziyy\u0259tl\u0259 maraqland\u0131q. Valideynl\u0259ri k\u00f6rp\u0259nin ax\u015fam s\u00fcd \u0259mdiyini, bir az oynad\u0131qdan sonra da yatd\u0131\u011f\u0131n\u0131, ancaq s\u0259h\u0259r oyand\u0131qda \u00f6ld\u00fcy\u00fcn\u00fc g\u00f6rd\u00fckl\u0259rini dedil\u0259r. Bundan sonra da k\u00f6rp\u0259ni d\u0259fn edibl\u0259r&#8221;.<\/p>\n<p>Onun s\u00f6zl\u0259rin\u0259 g\u00f6r\u0259, k\u00f6rp\u0259 h\u0259kim m\u0259nt\u0259q\u0259sind\u0259 yaln\u0131z iki ayl\u0131\u011f\u0131nda yoxlan\u0131\u015fda olub: &#8220;H\u0259min vaxt u\u015faqda ciddi problem olmasa da, nevropatoloqa g\u00f6st\u0259rilm\u0259sini m\u0259sl\u0259h\u0259t g\u00f6rm\u00fc\u015fd\u00fck. Bundan sonra m\u0259nt\u0259q\u0259miz\u0259 m\u00fcraci\u0259t edilm\u0259yib. Valideynl\u0259ri d\u0259 \u00f6vladlar\u0131nda hans\u0131sa x\u0259st\u0259lik \u0259lam\u0259tinin m\u00fc\u015fahid\u0259 edildiyi bar\u0259d\u0259 he\u00e7 bir m\u0259lumat verm\u0259yibl\u0259r&#8221;.<\/p>\n<p>H\u0259kim deyib ki, u\u015fa\u011f\u0131n soyuqd\u0259ym\u0259d\u0259n \u00f6ld\u00fcy\u00fc ehtimal edilir: &#8220;Evl\u0259ri soyuq v\u0259 \u015f\u0259raitsiz idi. K\u00f6rp\u0259y\u0259 d\u0259 bu s\u0259b\u0259bd\u0259n soyuq d\u0259ydiyi ehtimal olunur. Y\u0259qin ki, valideynl\u0259ri daxili q\u0131zd\u0131rmas\u0131n\u0131n oldu\u011funu bilm\u0259yibl\u0259r. N\u0259tic\u0259d\u0259 k\u00f6rp\u0259 \u00f6l\u00fcb. T\u0259bii ki, b\u00fct\u00fcn bunlar, sad\u0259c\u0259, ehtimald\u0131r. \u00c7\u00fcnki k\u00f6rp\u0259ni d\u0259fn etdikl\u0259rind\u0259n he\u00e7 bir ekspertiza ke\u00e7irilm\u0259yib&#8221;.<\/p>\n<p>Qeyd ed\u0259k ki, Tural Qas\u0131mov v\u0259 K\u0259mal\u0259 M\u0259mm\u0259dovan\u0131n evi q\u0259s\u0259b\u0259nin k\u0259nar\u0131nda yerl\u0259\u015fir. Evd\u0259 ya\u015fay\u0131\u015f \u00fc\u00e7\u00fcn \u015f\u0259rait, dem\u0259k olar ki, yoxdur. H\u0259tta otaqlar\u0131n b\u0259zil\u0259rinin qap\u0131-p\u0259nc\u0259r\u0259si bel\u0259 yoxdur. Onlar\u0131n \u0259v\u0259zin\u0259, kilim v\u0259 ya palaz vurulub. Ail\u0259nin daha \u00fc\u00e7 \u00f6vlad\u0131 (1 q\u0131z, 2 o\u011flan) bel\u0259 bir \u015f\u0259raitd\u0259 ya\u015fay\u0131r. Onlardan ikisi m\u0259kt\u0259blidir, birinin is\u0259 4 ya\u015f\u0131 var.BiG.AZ<\/p>\n","protected":false},"excerpt":{"rendered":"<p>A\u011fstafa rayonunda 5 ayl\u0131q k\u00f6rp\u0259 soyuqd\u0259ym\u0259d\u0259n \u00f6l\u00fcb. \u00a0ARANTV.AZ x\u0259b\u0259r verir ki,\u00a0 hadis\u0259 rayonun Vur\u011fun q\u0259s\u0259b\u0259sind\u0259 qeyd\u0259 al\u0131n\u0131b. Bel\u0259 ki, A\u011fstafa rayon sakini Tural Qas\u0131mov v\u0259 K\u0259mal\u0259 M\u0259mm\u0259dovan\u0131n \u00f6vladlar\u0131, 2019-cu il t\u0259v\u0259ll\u00fcdl\u00fc Turan Qas\u0131mov evd\u0259 d\u00fcnyas\u0131n\u0131 d\u0259yi\u015fib. Q\u0259s\u0259b\u0259nin h\u0259kim m\u0259nt\u0259q\u0259sinin m\u00fcdiri G\u00fcl\u015f\u0259n Babanl\u0131 bildirib ki, bununla ba\u011fl\u0131 onlara v\u0259 ya A\u011fstafa rayon t\u0259cili tibbi yard\u0131m briqadas\u0131na m\u0259lumat daxil olmay\u0131b: &#8220;Biz bu m\u0259s\u0259l\u0259d\u0259n daha sonra x\u0259b\u0259r tutduq v\u0259 ev\u0259 getdik, v\u0259ziyy\u0259tl\u0259 maraqland\u0131q. Valideynl\u0259ri k\u00f6rp\u0259nin ax\u015fam s\u00fcd \u0259mdiyini, bir az oynad\u0131qdan sonra da yatd\u0131\u011f\u0131n\u0131, ancaq s\u0259h\u0259r oyand\u0131qda \u00f6ld\u00fcy\u00fcn\u00fc g\u00f6rd\u00fckl\u0259rini dedil\u0259r. Bundan sonra da&hellip;<\/p>\n","protected":false},"author":2,"featured_media":98774,"comment_status":"closed","ping_status":"closed","sticky":false,"template":"","format":"standard","meta":{"om_disable_all_campaigns":false,"_monsterinsights_skip_tracking":false,"_monsterinsights_sitenote_active":false,"_monsterinsights_sitenote_note":"","_monsterinsights_sitenote_category":0},"categories":[5],"tags":[],"aioseo_notices":[],"gutentor_comment":0,"rttpg_featured_image_url":{"full":["https:\/\/arantv.az\/wp-content\/uploads\/2019\/11\/usaqdogum_878.jpg",600,400,false],"landscape":["https:\/\/arantv.az\/wp-content\/uploads\/2019\/11\/usaqdogum_878.jpg",600,400,false],"portraits":["https:\/\/arantv.az\/wp-content\/uploads\/2019\/11\/usaqdogum_878.jpg",600,400,false],"thumbnail":["https:\/\/arantv.az\/wp-content\/uploads\/2019\/11\/usaqdogum_878-150x150.jpg",150,150,true],"medium":["https:\/\/arantv.az\/wp-content\/uploads\/2019\/11\/usaqdogum_878-300x200.jpg",300,200,true],"large":["https:\/\/arantv.az\/wp-content\/uploads\/2019\/11\/usaqdogum_878.jpg",600,400,false],"1536x1536":["https:\/\/arantv.az\/wp-content\/uploads\/2019\/11\/usaqdogum_878.jpg",600,400,false],"2048x2048":["https:\/\/arantv.az\/wp-content\/uploads\/2019\/11\/usaqdogum_878.jpg",600,400,false],"post-thumbnail":["https:\/\/arantv.az\/wp-content\/uploads\/2019\/11\/usaqdogum_878-240x172.jpg",240,172,true],"advps-thumb-one":["https:\/\/arantv.az\/wp-content\/uploads\/2019\/11\/usaqdogum_878.jpg",600,400,false]},"rttpg_author":{"display_name":"V\u00fcsal Rafiqo\u011flu","author_link":"https:\/\/arantv.az\/?author=2"},"rttpg_comment":0,"rttpg_category":"<a href=\"https:\/\/arantv.az\/?cat=5\" rel=\"category\">Hadis\u0259<\/a>","rttpg_excerpt":"A\u011fstafa rayonunda 5 ayl\u0131q k\u00f6rp\u0259 soyuqd\u0259ym\u0259d\u0259n \u00f6l\u00fcb. \u00a0ARANTV.AZ x\u0259b\u0259r verir ki,\u00a0 hadis\u0259 rayonun Vur\u011fun q\u0259s\u0259b\u0259sind\u0259 qeyd\u0259 al\u0131n\u0131b. Bel\u0259 ki, A\u011fstafa rayon sakini Tural Qas\u0131mov v\u0259 K\u0259mal\u0259 M\u0259mm\u0259dovan\u0131n \u00f6vladlar\u0131, 2019-cu il t\u0259v\u0259ll\u00fcdl\u00fc Turan Qas\u0131mov evd\u0259 d\u00fcnyas\u0131n\u0131 d\u0259yi\u015fib. Q\u0259s\u0259b\u0259nin h\u0259kim m\u0259nt\u0259q\u0259sinin m\u00fcdiri G\u00fcl\u015f\u0259n Babanl\u0131 bildirib ki, bununla ba\u011fl\u0131 onlara v\u0259 ya A\u011fstafa rayon t\u0259cili tibbi yard\u0131m briqadas\u0131na&hellip;","_links":{"self":[{"href":"https:\/\/arantv.az\/index.php?rest_route=\/wp\/v2\/posts\/98773"}],"collection":[{"href":"https:\/\/arantv.az\/index.php?rest_route=\/wp\/v2\/posts"}],"about":[{"href":"https:\/\/arantv.az\/index.php?rest_route=\/wp\/v2\/types\/post"}],"author":[{"embeddable":true,"href":"https:\/\/arantv.az\/index.php?rest_route=\/wp\/v2\/users\/2"}],"replies":[{"embeddable":true,"href":"https:\/\/arantv.az\/index.php?rest_route=%2Fwp%2Fv2%2Fcomments&post=98773"}],"version-history":[{"count":0,"href":"https:\/\/arantv.az\/index.php?rest_route=\/wp\/v2\/posts\/98773\/revisions"}],"wp:featuredmedia":[{"embeddable":true,"href":"https:\/\/arantv.az\/index.php?rest_route=\/wp\/v2\/media\/98774"}],"wp:attachment":[{"href":"https:\/\/arantv.az\/index.php?rest_route=%2Fwp%2Fv2%2Fmedia&parent=98773"}],"wp:term":[{"taxonomy":"category","embeddable":true,"href":"https:\/\/arantv.az\/index.php?rest_route=%2Fwp%2Fv2%2Fcategories&post=98773"},{"taxonomy":"post_tag","embeddable":true,"href":"https:\/\/arantv.az\/index.php?rest_route=%2Fwp%2Fv2%2Ftags&post=98773"}],"curies":[{"name":"wp","href":"https:\/\/api.w.org\/{rel}","templated":true}]}}