{"id":98909,"date":"2019-11-21T08:28:39","date_gmt":"2019-11-21T05:28:39","guid":{"rendered":"http:\/\/arantv.az\/?p=98909"},"modified":"2019-11-21T08:28:39","modified_gmt":"2019-11-21T05:28:39","slug":"masallinin-%c9%99sas-magistral-yolunun-k%c9%99nari-yasillasdirilacaq","status":"publish","type":"post","link":"https:\/\/arantv.az\/?p=98909","title":{"rendered":"Masall\u0131n\u0131n \u0259sas magistral yolunun k\u0259nar\u0131 ya\u015f\u0131lla\u015fd\u0131r\u0131lacaq"},"content":{"rendered":"<blockquote><p><em><strong>Birinci vitse-prezident Mehriban \u018fliyevan\u0131n dahi \u015fair \u0130mad\u0259ddin N\u0259siminin yubileyi m\u00fcnasib\u0259til\u0259 bir g\u00fcnd\u0259 650 min a\u011fac \u0259kilm\u0259si t\u0259\u015f\u0259bb\u00fcs\u00fc \u00e7\u0259r\u00e7iv\u0259sind\u0259 \u018fl\u0259t-Astara magistral\u0131n\u0131n Masall\u0131 rayonundan ke\u00e7\u0259n hiss\u0259sind\u0259 yolun h\u0259r iki t\u0259r\u0259find\u0259 ya\u015f\u0131ll\u0131q zola\u011f\u0131 sal\u0131nacaq.<\/strong><\/em><\/p><\/blockquote>\n<p><strong>ARANTV.AZ\u00a0<\/strong> bildirir ki, bunu\u00a0<a href=\"http:\/\/az.trend.az\/\" target=\"_blank\" rel=\"noopener\">Trend<\/a>-\u0259 Masall\u0131 Rayon \u0130cra Hakimiyy\u0259tinin ba\u015f\u00e7\u0131s\u0131n\u0131n m\u00fcavini Ad\u0259m M\u0259h\u0259rr\u0259mov deyib.<\/p>\n<p>Onun s\u00f6zl\u0259rin\u0259 g\u00f6r\u0259, t\u0259\u015f\u0259bb\u00fcs \u00e7\u0259r\u00e7iv\u0259sind\u0259 Masall\u0131 rayonunda 5000 a\u011fac \u0259kil\u0259c\u0259k. \u018fkin sah\u0259si 5 min hektar \u0259razini \u0259hat\u0259 ed\u0259c\u0259k.<\/p>\n<p>A.M\u0259h\u0259rr\u0259mov \u0259razid\u0259 a\u011fcaqay\u0131n a\u011fac\u0131n\u0131n \u0259kilm\u0259sin\u0259 \u00fcst\u00fcnl\u00fck veril\u0259c\u0259yini s\u00f6yl\u0259yib: &#8220;Art\u0131q a\u011faclar\u0131n \u0259kil\u0259c\u0259yi \u0259razil\u0259rd\u0259 hamarlama i\u015fl\u0259ri apar\u0131l\u0131b, \u00e7alalar qaz\u0131l\u0131b. Biz art\u0131q \u0259kin\u0259 tam haz\u0131r\u0131q&#8221;.<\/p>\n<p>Qeyd ed\u0259k ki, noyabr\u0131n sonunda Birinci vitse-prezident Mehriban \u018fliyevan\u0131n dahi \u015fair \u0130mad\u0259ddin N\u0259siminin 650 illik yubileyi m\u00fcnasib\u0259til\u0259 bir g\u00fcnd\u0259 respublikam\u0131zda 650 min a\u011fac\u0131n \u0259kilm\u0259si t\u0259\u015f\u0259bb\u00fcs\u00fc h\u0259yata ke\u00e7iril\u0259c\u0259k. Az\u0259rbaycan\u0131n tarixind\u0259 ilk d\u0259f\u0259dir ki, bir g\u00fcn \u0259rzind\u0259 bu q\u0259d\u0259r \u00e7ox sayda a\u011fac \u0259kil\u0259c\u0259k.<\/p>\n<p>B\u00fct\u00fcn a\u011faclar Me\u015f\u0259 T\u0259s\u0259rr\u00fcfat\u0131 M\u0259rk\u0259zl\u0259rinin v\u0259 Az\u0259rbaycan Ya\u015f\u0131lla\u015fd\u0131rma v\u0259 Land\u015faft Qurulu\u015fu ASC-nin 17 tinglik sah\u0259sind\u0259 yeti\u015fdirilib. \u018fkil\u0259c\u0259k a\u011faclar aras\u0131nda h\u0259m me\u015f\u0259cinsli, h\u0259m d\u0259 meyv\u0259 a\u011faclar\u0131 olacaq. K\u00fctl\u0259vi a\u011fac\u0259km\u0259 t\u0259dbirinin ke\u00e7iril\u0259c\u0259yi bir g\u00fcnd\u0259 \u0259sas\u0259n xan \u00e7inar\u0131, Eldar \u015fam\u0131, s\u0259rv, akasiya, s\u00f6y\u00fcd, g\u00f6yr\u00fc\u015f, iyd\u0259, zeytun, qara\u011fac, \u0259ncir, qovaq, \u015faftal\u0131, gaval\u0131, alma, c\u00f6k\u0259, q\u0131z\u0131la\u011fac, saqq\u0131z, katalpa, \u00e7inar, nar v\u0259 s. \u0259kil\u0259c\u0259k.<\/p>\n","protected":false},"excerpt":{"rendered":"<p>Birinci vitse-prezident Mehriban \u018fliyevan\u0131n dahi \u015fair \u0130mad\u0259ddin N\u0259siminin yubileyi m\u00fcnasib\u0259til\u0259 bir g\u00fcnd\u0259 650 min a\u011fac \u0259kilm\u0259si t\u0259\u015f\u0259bb\u00fcs\u00fc \u00e7\u0259r\u00e7iv\u0259sind\u0259 \u018fl\u0259t-Astara magistral\u0131n\u0131n Masall\u0131 rayonundan ke\u00e7\u0259n hiss\u0259sind\u0259 yolun h\u0259r iki t\u0259r\u0259find\u0259 ya\u015f\u0131ll\u0131q zola\u011f\u0131 sal\u0131nacaq. ARANTV.AZ\u00a0 bildirir ki, bunu\u00a0Trend-\u0259 Masall\u0131 Rayon \u0130cra Hakimiyy\u0259tinin ba\u015f\u00e7\u0131s\u0131n\u0131n m\u00fcavini Ad\u0259m M\u0259h\u0259rr\u0259mov deyib. Onun s\u00f6zl\u0259rin\u0259 g\u00f6r\u0259, t\u0259\u015f\u0259bb\u00fcs \u00e7\u0259r\u00e7iv\u0259sind\u0259 Masall\u0131 rayonunda 5000 a\u011fac \u0259kil\u0259c\u0259k. \u018fkin sah\u0259si 5 min hektar \u0259razini \u0259hat\u0259 ed\u0259c\u0259k. A.M\u0259h\u0259rr\u0259mov \u0259razid\u0259 a\u011fcaqay\u0131n a\u011fac\u0131n\u0131n \u0259kilm\u0259sin\u0259 \u00fcst\u00fcnl\u00fck veril\u0259c\u0259yini s\u00f6yl\u0259yib: &#8220;Art\u0131q a\u011faclar\u0131n \u0259kil\u0259c\u0259yi \u0259razil\u0259rd\u0259 hamarlama i\u015fl\u0259ri apar\u0131l\u0131b, \u00e7alalar qaz\u0131l\u0131b. Biz art\u0131q \u0259kin\u0259 tam haz\u0131r\u0131q&#8221;. Qeyd ed\u0259k ki, noyabr\u0131n sonunda Birinci&hellip;<\/p>\n","protected":false},"author":2,"featured_media":98910,"comment_status":"closed","ping_status":"closed","sticky":false,"template":"","format":"standard","meta":{"om_disable_all_campaigns":false,"_monsterinsights_skip_tracking":false,"_monsterinsights_sitenote_active":false,"_monsterinsights_sitenote_note":"","_monsterinsights_sitenote_category":0},"categories":[1],"tags":[],"aioseo_notices":[],"gutentor_comment":0,"rttpg_featured_image_url":{"full":["https:\/\/arantv.az\/wp-content\/uploads\/2019\/11\/803949.jpg",800,600,false],"landscape":["https:\/\/arantv.az\/wp-content\/uploads\/2019\/11\/803949.jpg",800,600,false],"portraits":["https:\/\/arantv.az\/wp-content\/uploads\/2019\/11\/803949.jpg",800,600,false],"thumbnail":["https:\/\/arantv.az\/wp-content\/uploads\/2019\/11\/803949-150x150.jpg",150,150,true],"medium":["https:\/\/arantv.az\/wp-content\/uploads\/2019\/11\/803949-300x225.jpg",300,225,true],"large":["https:\/\/arantv.az\/wp-content\/uploads\/2019\/11\/803949.jpg",640,480,false],"1536x1536":["https:\/\/arantv.az\/wp-content\/uploads\/2019\/11\/803949.jpg",800,600,false],"2048x2048":["https:\/\/arantv.az\/wp-content\/uploads\/2019\/11\/803949.jpg",800,600,false],"post-thumbnail":["https:\/\/arantv.az\/wp-content\/uploads\/2019\/11\/803949-240x172.jpg",240,172,true],"advps-thumb-one":["https:\/\/arantv.az\/wp-content\/uploads\/2019\/11\/803949.jpg",800,600,false]},"rttpg_author":{"display_name":"V\u00fcsal Rafiqo\u011flu","author_link":"https:\/\/arantv.az\/?author=2"},"rttpg_comment":0,"rttpg_category":"<a href=\"https:\/\/arantv.az\/?cat=1\" rel=\"category\">C\u0259miyy\u0259t<\/a>","rttpg_excerpt":"Birinci vitse-prezident Mehriban \u018fliyevan\u0131n dahi \u015fair \u0130mad\u0259ddin N\u0259siminin yubileyi m\u00fcnasib\u0259til\u0259 bir g\u00fcnd\u0259 650 min a\u011fac \u0259kilm\u0259si t\u0259\u015f\u0259bb\u00fcs\u00fc \u00e7\u0259r\u00e7iv\u0259sind\u0259 \u018fl\u0259t-Astara magistral\u0131n\u0131n Masall\u0131 rayonundan ke\u00e7\u0259n hiss\u0259sind\u0259 yolun h\u0259r iki t\u0259r\u0259find\u0259 ya\u015f\u0131ll\u0131q zola\u011f\u0131 sal\u0131nacaq. ARANTV.AZ\u00a0 bildirir ki, bunu\u00a0Trend-\u0259 Masall\u0131 Rayon \u0130cra Hakimiyy\u0259tinin ba\u015f\u00e7\u0131s\u0131n\u0131n m\u00fcavini Ad\u0259m M\u0259h\u0259rr\u0259mov deyib. Onun s\u00f6zl\u0259rin\u0259 g\u00f6r\u0259, t\u0259\u015f\u0259bb\u00fcs \u00e7\u0259r\u00e7iv\u0259sind\u0259 Masall\u0131 rayonunda 5000 a\u011fac \u0259kil\u0259c\u0259k. \u018fkin&hellip;","_links":{"self":[{"href":"https:\/\/arantv.az\/index.php?rest_route=\/wp\/v2\/posts\/98909"}],"collection":[{"href":"https:\/\/arantv.az\/index.php?rest_route=\/wp\/v2\/posts"}],"about":[{"href":"https:\/\/arantv.az\/index.php?rest_route=\/wp\/v2\/types\/post"}],"author":[{"embeddable":true,"href":"https:\/\/arantv.az\/index.php?rest_route=\/wp\/v2\/users\/2"}],"replies":[{"embeddable":true,"href":"https:\/\/arantv.az\/index.php?rest_route=%2Fwp%2Fv2%2Fcomments&post=98909"}],"version-history":[{"count":0,"href":"https:\/\/arantv.az\/index.php?rest_route=\/wp\/v2\/posts\/98909\/revisions"}],"wp:featuredmedia":[{"embeddable":true,"href":"https:\/\/arantv.az\/index.php?rest_route=\/wp\/v2\/media\/98910"}],"wp:attachment":[{"href":"https:\/\/arantv.az\/index.php?rest_route=%2Fwp%2Fv2%2Fmedia&parent=98909"}],"wp:term":[{"taxonomy":"category","embeddable":true,"href":"https:\/\/arantv.az\/index.php?rest_route=%2Fwp%2Fv2%2Fcategories&post=98909"},{"taxonomy":"post_tag","embeddable":true,"href":"https:\/\/arantv.az\/index.php?rest_route=%2Fwp%2Fv2%2Ftags&post=98909"}],"curies":[{"name":"wp","href":"https:\/\/api.w.org\/{rel}","templated":true}]}}