{"id":98942,"date":"2019-11-21T09:00:46","date_gmt":"2019-11-21T06:00:46","guid":{"rendered":"http:\/\/arantv.az\/?p=98942"},"modified":"2019-11-21T09:00:46","modified_gmt":"2019-11-21T06:00:46","slug":"zelenski-lukasenkonun-t%c9%99klifini-r%c9%99dd-etdi","status":"publish","type":"post","link":"https:\/\/arantv.az\/?p=98942","title":{"rendered":"Zelenski Luka\u015fenkonun t\u0259klifini r\u0259dd etdi"},"content":{"rendered":"<p>Ukrayna Prezidenti Vladimir Zelenski Belarus Prezidenti Aleksandr Luka\u015fenkonun Ukrayna s\u0259rh\u0259dl\u0259rini m\u00fcdafi\u0259 v\u0259 m\u00fchafiz\u0259 etm\u0259kl\u0259 ba\u011fl\u0131 t\u0259klifini q\u0259bul etm\u0259yib.<\/p>\n<p>\u201c\u0130nterfaks\u201d x\u0259b\u0259r verir ki, Zelenski Luka\u015fenkonun ona s\u0259rh\u0259dd\u0259 h\u0259rbi kontingenti art\u0131rma\u011f\u0131 t\u0259klif etdiyini qeyd edib.<\/p>\n<p>Prezidentin s\u00f6zl\u0259rin\u0259 g\u00f6r\u0259, onun v\u0259 \u00f6lk\u0259sinin Donbasdak\u0131 Rusiya s\u0259rh\u0259dind\u0259 n\u0259zar\u0259ti b\u0259rpa etm\u0259k \u00fc\u00e7\u00fcn Belarus v\u0259 ya dig\u0259r \u00f6lk\u0259nin k\u00f6m\u0259yin\u0259 ehtiyac\u0131 yoxdur.<\/p>\n<p>\u201cM\u0259n ona t\u0259\u015f\u0259kk\u00fcr etdim, lakin d\u00fc\u015f\u00fcn\u00fcr\u0259m ki, bizim \u00f6z s\u0259rh\u0259d\u00e7il\u0259rimiz kifay\u0259t ed\u0259r\u201d, &#8211; Zelenski bildirib.<\/p>\n","protected":false},"excerpt":{"rendered":"<p>Ukrayna Prezidenti Vladimir Zelenski Belarus Prezidenti Aleksandr Luka\u015fenkonun Ukrayna s\u0259rh\u0259dl\u0259rini m\u00fcdafi\u0259 v\u0259 m\u00fchafiz\u0259 etm\u0259kl\u0259 ba\u011fl\u0131 t\u0259klifini q\u0259bul etm\u0259yib. \u201c\u0130nterfaks\u201d x\u0259b\u0259r verir ki, Zelenski Luka\u015fenkonun ona s\u0259rh\u0259dd\u0259 h\u0259rbi kontingenti art\u0131rma\u011f\u0131 t\u0259klif etdiyini qeyd edib. Prezidentin s\u00f6zl\u0259rin\u0259 g\u00f6r\u0259, onun v\u0259 \u00f6lk\u0259sinin Donbasdak\u0131 Rusiya s\u0259rh\u0259dind\u0259 n\u0259zar\u0259ti b\u0259rpa etm\u0259k \u00fc\u00e7\u00fcn Belarus v\u0259 ya dig\u0259r \u00f6lk\u0259nin k\u00f6m\u0259yin\u0259 ehtiyac\u0131 yoxdur. \u201cM\u0259n ona t\u0259\u015f\u0259kk\u00fcr etdim, lakin d\u00fc\u015f\u00fcn\u00fcr\u0259m ki, bizim \u00f6z s\u0259rh\u0259d\u00e7il\u0259rimiz kifay\u0259t ed\u0259r\u201d, &#8211; Zelenski bildirib.<\/p>\n","protected":false},"author":2,"featured_media":98943,"comment_status":"closed","ping_status":"closed","sticky":false,"template":"","format":"standard","meta":{"om_disable_all_campaigns":false,"_monsterinsights_skip_tracking":false,"_monsterinsights_sitenote_active":false,"_monsterinsights_sitenote_note":"","_monsterinsights_sitenote_category":0},"categories":[7],"tags":[],"aioseo_notices":[],"gutentor_comment":0,"rttpg_featured_image_url":{"full":["https:\/\/arantv.az\/wp-content\/uploads\/2019\/11\/FotoJet-1-1.jpg",620,384,false],"landscape":["https:\/\/arantv.az\/wp-content\/uploads\/2019\/11\/FotoJet-1-1.jpg",620,384,false],"portraits":["https:\/\/arantv.az\/wp-content\/uploads\/2019\/11\/FotoJet-1-1.jpg",620,384,false],"thumbnail":["https:\/\/arantv.az\/wp-content\/uploads\/2019\/11\/FotoJet-1-1-150x150.jpg",150,150,true],"medium":["https:\/\/arantv.az\/wp-content\/uploads\/2019\/11\/FotoJet-1-1-300x186.jpg",300,186,true],"large":["https:\/\/arantv.az\/wp-content\/uploads\/2019\/11\/FotoJet-1-1.jpg",620,384,false],"1536x1536":["https:\/\/arantv.az\/wp-content\/uploads\/2019\/11\/FotoJet-1-1.jpg",620,384,false],"2048x2048":["https:\/\/arantv.az\/wp-content\/uploads\/2019\/11\/FotoJet-1-1.jpg",620,384,false],"post-thumbnail":["https:\/\/arantv.az\/wp-content\/uploads\/2019\/11\/FotoJet-1-1-240x172.jpg",240,172,true],"advps-thumb-one":["https:\/\/arantv.az\/wp-content\/uploads\/2019\/11\/FotoJet-1-1.jpg",620,384,false]},"rttpg_author":{"display_name":"V\u00fcsal Rafiqo\u011flu","author_link":"https:\/\/arantv.az\/?author=2"},"rttpg_comment":0,"rttpg_category":"<a href=\"https:\/\/arantv.az\/?cat=7\" rel=\"category\">D\u00fcnya<\/a>","rttpg_excerpt":"Ukrayna Prezidenti Vladimir Zelenski Belarus Prezidenti Aleksandr Luka\u015fenkonun Ukrayna s\u0259rh\u0259dl\u0259rini m\u00fcdafi\u0259 v\u0259 m\u00fchafiz\u0259 etm\u0259kl\u0259 ba\u011fl\u0131 t\u0259klifini q\u0259bul etm\u0259yib. \u201c\u0130nterfaks\u201d x\u0259b\u0259r verir ki, Zelenski Luka\u015fenkonun ona s\u0259rh\u0259dd\u0259 h\u0259rbi kontingenti art\u0131rma\u011f\u0131 t\u0259klif etdiyini qeyd edib. Prezidentin s\u00f6zl\u0259rin\u0259 g\u00f6r\u0259, onun v\u0259 \u00f6lk\u0259sinin Donbasdak\u0131 Rusiya s\u0259rh\u0259dind\u0259 n\u0259zar\u0259ti b\u0259rpa etm\u0259k \u00fc\u00e7\u00fcn Belarus v\u0259 ya dig\u0259r \u00f6lk\u0259nin k\u00f6m\u0259yin\u0259 ehtiyac\u0131 yoxdur. \u201cM\u0259n&hellip;","_links":{"self":[{"href":"https:\/\/arantv.az\/index.php?rest_route=\/wp\/v2\/posts\/98942"}],"collection":[{"href":"https:\/\/arantv.az\/index.php?rest_route=\/wp\/v2\/posts"}],"about":[{"href":"https:\/\/arantv.az\/index.php?rest_route=\/wp\/v2\/types\/post"}],"author":[{"embeddable":true,"href":"https:\/\/arantv.az\/index.php?rest_route=\/wp\/v2\/users\/2"}],"replies":[{"embeddable":true,"href":"https:\/\/arantv.az\/index.php?rest_route=%2Fwp%2Fv2%2Fcomments&post=98942"}],"version-history":[{"count":0,"href":"https:\/\/arantv.az\/index.php?rest_route=\/wp\/v2\/posts\/98942\/revisions"}],"wp:featuredmedia":[{"embeddable":true,"href":"https:\/\/arantv.az\/index.php?rest_route=\/wp\/v2\/media\/98943"}],"wp:attachment":[{"href":"https:\/\/arantv.az\/index.php?rest_route=%2Fwp%2Fv2%2Fmedia&parent=98942"}],"wp:term":[{"taxonomy":"category","embeddable":true,"href":"https:\/\/arantv.az\/index.php?rest_route=%2Fwp%2Fv2%2Fcategories&post=98942"},{"taxonomy":"post_tag","embeddable":true,"href":"https:\/\/arantv.az\/index.php?rest_route=%2Fwp%2Fv2%2Ftags&post=98942"}],"curies":[{"name":"wp","href":"https:\/\/api.w.org\/{rel}","templated":true}]}}