{"id":98946,"date":"2019-11-21T09:01:40","date_gmt":"2019-11-21T06:01:40","guid":{"rendered":"http:\/\/arantv.az\/?p=98946"},"modified":"2019-11-21T09:01:40","modified_gmt":"2019-11-21T06:01:40","slug":"baki-sumqayit-yolunda-q%c9%99za-bmw-d%c9%99mir-arak%c9%99sm%c9%99y%c9%99-cirpildi-video","status":"publish","type":"post","link":"https:\/\/arantv.az\/?p=98946","title":{"rendered":"Bak\u0131-Sumqay\u0131t yolunda q\u0259za: BMW d\u0259mir arak\u0259sm\u0259y\u0259 \u00e7\u0131rp\u0131ld\u0131 &#8211; V\u0130DEO"},"content":{"rendered":"<p>S\u0259h\u0259r saatlar\u0131nda Bak\u0131-Sumqay\u0131t yolunda yol-n\u0259qliyyat hadis\u0259si ba\u015f verib.<\/p>\n<p><b>ARANTV.AZ\u00a0<\/b>x\u0259b\u0259r verir ki, saat 06:45 rad\u0259l\u0259rind\u0259 Sumqay\u0131tdan Bak\u0131ya do\u011fru h\u0259r\u0259k\u0259t ed\u0259n BMW markal\u0131 avtomobil Ab\u015feron G\u0259ncl\u0259r \u015e\u0259h\u0259rciyinin qar\u015f\u0131s\u0131nda \u0259sas yolla k\u00f6m\u0259k\u00e7i yolu ay\u0131ran d\u0259mir arak\u0259sm\u0259y\u0259 \u00e7\u0131rp\u0131l\u0131b.<\/p>\n<p>\u0130lkin ehtimala g\u00f6r\u0259, hadis\u0259y\u0259 y\u00fcks\u0259k s\u00fcr\u0259t v\u0259 ya\u011f\u0131\u015fl\u0131 havaya g\u00f6r\u0259 s\u00fcr\u00fcc\u00fcn\u00fcn idar\u0259etm\u0259ni itirm\u0259si s\u0259b\u0259b olub. Q\u0259zaya g\u00f6r\u0259 \u0259razid\u0259 b\u00f6y\u00fck t\u0131xac yaran\u0131b.Oxu.Az<\/p>\n<div><iframe loading=\"lazy\" src=\"https:\/\/player.baku.tv\/embed\/11192\" width=\"560\" height=\"315\" frameborder=\"0\" allowfullscreen=\"allowfullscreen\" data-mce-fragment=\"1\"><\/iframe><\/div>\n<p>&nbsp;<\/p>\n","protected":false},"excerpt":{"rendered":"<p>S\u0259h\u0259r saatlar\u0131nda Bak\u0131-Sumqay\u0131t yolunda yol-n\u0259qliyyat hadis\u0259si ba\u015f verib. ARANTV.AZ\u00a0x\u0259b\u0259r verir ki, saat 06:45 rad\u0259l\u0259rind\u0259 Sumqay\u0131tdan Bak\u0131ya do\u011fru h\u0259r\u0259k\u0259t ed\u0259n BMW markal\u0131 avtomobil Ab\u015feron G\u0259ncl\u0259r \u015e\u0259h\u0259rciyinin qar\u015f\u0131s\u0131nda \u0259sas yolla k\u00f6m\u0259k\u00e7i yolu ay\u0131ran d\u0259mir arak\u0259sm\u0259y\u0259 \u00e7\u0131rp\u0131l\u0131b. \u0130lkin ehtimala g\u00f6r\u0259, hadis\u0259y\u0259 y\u00fcks\u0259k s\u00fcr\u0259t v\u0259 ya\u011f\u0131\u015fl\u0131 havaya g\u00f6r\u0259 s\u00fcr\u00fcc\u00fcn\u00fcn idar\u0259etm\u0259ni itirm\u0259si s\u0259b\u0259b olub. Q\u0259zaya g\u00f6r\u0259 \u0259razid\u0259 b\u00f6y\u00fck t\u0131xac yaran\u0131b.Oxu.Az &nbsp;<\/p>\n","protected":false},"author":2,"featured_media":98947,"comment_status":"closed","ping_status":"closed","sticky":false,"template":"","format":"standard","meta":{"om_disable_all_campaigns":false,"_monsterinsights_skip_tracking":false,"_monsterinsights_sitenote_active":false,"_monsterinsights_sitenote_note":"","_monsterinsights_sitenote_category":0},"categories":[5],"tags":[],"aioseo_notices":[],"gutentor_comment":0,"rttpg_featured_image_url":{"full":["https:\/\/arantv.az\/wp-content\/uploads\/2019\/11\/76194406_436026163993998_4202222137282396160_n.jpg",620,349,false],"landscape":["https:\/\/arantv.az\/wp-content\/uploads\/2019\/11\/76194406_436026163993998_4202222137282396160_n.jpg",620,349,false],"portraits":["https:\/\/arantv.az\/wp-content\/uploads\/2019\/11\/76194406_436026163993998_4202222137282396160_n.jpg",620,349,false],"thumbnail":["https:\/\/arantv.az\/wp-content\/uploads\/2019\/11\/76194406_436026163993998_4202222137282396160_n-150x150.jpg",150,150,true],"medium":["https:\/\/arantv.az\/wp-content\/uploads\/2019\/11\/76194406_436026163993998_4202222137282396160_n-300x169.jpg",300,169,true],"large":["https:\/\/arantv.az\/wp-content\/uploads\/2019\/11\/76194406_436026163993998_4202222137282396160_n.jpg",620,349,false],"1536x1536":["https:\/\/arantv.az\/wp-content\/uploads\/2019\/11\/76194406_436026163993998_4202222137282396160_n.jpg",620,349,false],"2048x2048":["https:\/\/arantv.az\/wp-content\/uploads\/2019\/11\/76194406_436026163993998_4202222137282396160_n.jpg",620,349,false],"post-thumbnail":["https:\/\/arantv.az\/wp-content\/uploads\/2019\/11\/76194406_436026163993998_4202222137282396160_n-240x172.jpg",240,172,true],"advps-thumb-one":["https:\/\/arantv.az\/wp-content\/uploads\/2019\/11\/76194406_436026163993998_4202222137282396160_n.jpg",620,349,false]},"rttpg_author":{"display_name":"V\u00fcsal Rafiqo\u011flu","author_link":"https:\/\/arantv.az\/?author=2"},"rttpg_comment":0,"rttpg_category":"<a href=\"https:\/\/arantv.az\/?cat=5\" rel=\"category\">Hadis\u0259<\/a>","rttpg_excerpt":"S\u0259h\u0259r saatlar\u0131nda Bak\u0131-Sumqay\u0131t yolunda yol-n\u0259qliyyat hadis\u0259si ba\u015f verib. ARANTV.AZ\u00a0x\u0259b\u0259r verir ki, saat 06:45 rad\u0259l\u0259rind\u0259 Sumqay\u0131tdan Bak\u0131ya do\u011fru h\u0259r\u0259k\u0259t ed\u0259n BMW markal\u0131 avtomobil Ab\u015feron G\u0259ncl\u0259r \u015e\u0259h\u0259rciyinin qar\u015f\u0131s\u0131nda \u0259sas yolla k\u00f6m\u0259k\u00e7i yolu ay\u0131ran d\u0259mir arak\u0259sm\u0259y\u0259 \u00e7\u0131rp\u0131l\u0131b. \u0130lkin ehtimala g\u00f6r\u0259, hadis\u0259y\u0259 y\u00fcks\u0259k s\u00fcr\u0259t v\u0259 ya\u011f\u0131\u015fl\u0131 havaya g\u00f6r\u0259 s\u00fcr\u00fcc\u00fcn\u00fcn idar\u0259etm\u0259ni itirm\u0259si s\u0259b\u0259b olub. Q\u0259zaya g\u00f6r\u0259 \u0259razid\u0259 b\u00f6y\u00fck t\u0131xac yaran\u0131b.Oxu.Az&hellip;","_links":{"self":[{"href":"https:\/\/arantv.az\/index.php?rest_route=\/wp\/v2\/posts\/98946"}],"collection":[{"href":"https:\/\/arantv.az\/index.php?rest_route=\/wp\/v2\/posts"}],"about":[{"href":"https:\/\/arantv.az\/index.php?rest_route=\/wp\/v2\/types\/post"}],"author":[{"embeddable":true,"href":"https:\/\/arantv.az\/index.php?rest_route=\/wp\/v2\/users\/2"}],"replies":[{"embeddable":true,"href":"https:\/\/arantv.az\/index.php?rest_route=%2Fwp%2Fv2%2Fcomments&post=98946"}],"version-history":[{"count":0,"href":"https:\/\/arantv.az\/index.php?rest_route=\/wp\/v2\/posts\/98946\/revisions"}],"wp:featuredmedia":[{"embeddable":true,"href":"https:\/\/arantv.az\/index.php?rest_route=\/wp\/v2\/media\/98947"}],"wp:attachment":[{"href":"https:\/\/arantv.az\/index.php?rest_route=%2Fwp%2Fv2%2Fmedia&parent=98946"}],"wp:term":[{"taxonomy":"category","embeddable":true,"href":"https:\/\/arantv.az\/index.php?rest_route=%2Fwp%2Fv2%2Fcategories&post=98946"},{"taxonomy":"post_tag","embeddable":true,"href":"https:\/\/arantv.az\/index.php?rest_route=%2Fwp%2Fv2%2Ftags&post=98946"}],"curies":[{"name":"wp","href":"https:\/\/api.w.org\/{rel}","templated":true}]}}