{"id":98950,"date":"2019-11-21T09:11:56","date_gmt":"2019-11-21T06:11:56","guid":{"rendered":"http:\/\/arantv.az\/?p=98950"},"modified":"2019-11-21T09:11:56","modified_gmt":"2019-11-21T06:11:56","slug":"27-ild%c9%99-yap-in-ugurlari-q%c9%99l%c9%99b%c9%99l%c9%99ri-h%c9%99r-k%c9%99sin-gozu-onund%c9%99-olub-deputat","status":"publish","type":"post","link":"https:\/\/arantv.az\/?p=98950","title":{"rendered":"&#8220;27 ild\u0259 YAP-\u0131n u\u011furlar\u0131, q\u0259l\u0259b\u0259l\u0259ri h\u0259r k\u0259sin g\u00f6z\u00fc \u00f6n\u00fcnd\u0259 olub&#8221; &#8211; Deputat"},"content":{"rendered":"<blockquote><p><strong><em>21 noyabr 1992-ci il &#8211; Az\u0259rbaycan ictimai-siyasi fikir tarixinin \u0259n \u0259lam\u0259tdar, \u0259n \u015f\u0259r\u0259fli s\u0259hif\u0259l\u0259rind\u0259n biridir. M\u0259hz h\u0259min g\u00fcn, m\u00fcst\u0259qil \u00f6lk\u0259mizin inki\u015faf\u0131nda m\u00fcst\u0259sna xidm\u0259tl\u0259ri olan Yeni Az\u0259rbaycan Partiyas\u0131n\u0131n yarand\u0131\u011f\u0131 g\u00fcnd\u00fcr.<\/em><\/strong><\/p><\/blockquote>\n<p><strong>ARANTV.AZ<\/strong>\u00a0<a href=\"https:\/\/az.trend.az\/\" target=\"_blank\" rel=\"noopener\">Trend<\/a>-\u0259 istinad\u0259n x\u0259b\u0259r verir ki, bunu Milli M\u0259clisin deputat\u0131, Yeni Az\u0259rbaycan Partiyas\u0131n\u0131n G\u0259nc\u0259 \u015f\u0259h\u0259r t\u0259\u015fkilat\u0131n\u0131n s\u0259dri Naqif H\u0259mz\u0259yev deyib.<\/p>\n<p>N.H\u0259mz\u0259yev bildirib ki, m\u0259hz, 27 il \u0259vv\u0259l xalq\u0131n\u0131n ictimai-siyasi, m\u0259d\u0259ni-m\u0259n\u0259vi v\u0259 intellektual intibah\u0131nda \u0259v\u0259zsiz yeri olan Yeni Az\u0259rbaycan Partiyas\u0131 bir siyasi t\u0259\u015fkilat kimi t\u0259\u015f\u0259kk\u00fcl tapma\u011fa ba\u015flay\u0131b:<\/p>\n<p>&#8220;\u018fslind\u0259, Yeni Az\u0259rbaycan Partiyas\u0131n\u0131n 27 illik tarixi, m\u00fcst\u0259qil Az\u0259rbaycan\u0131n yeni tarixini \u0259ks etdirir. Partiya yarand\u0131\u011f\u0131 g\u00fcnd\u0259n \u00f6lk\u0259d\u0259 h\u0259yata ke\u00e7iril\u0259n h\u00fcquqi d\u00f6vl\u0259t, v\u0259t\u0259nda\u015f c\u0259miyy\u0259ti quruculu\u011fu, demokratik inki\u015faf prosesind\u0259 yax\u0131ndan i\u015ftirak edib, m\u00fcst\u0259qil Az\u0259rbaycan\u0131n y\u00fcks\u0259li\u015fin\u0259, t\u0259r\u0259qqisin\u0259 \u00f6z t\u00f6hf\u0259l\u0259rini \u0259sirg\u0259m\u0259yib.<\/p>\n<p>Bu g\u00fcn b\u00f6y\u00fck ruh y\u00fcks\u0259kliyi il\u0259 qeyd etdiyimiz Yeni Az\u0259rbaycan Partiyas\u0131n\u0131n 27-ci ild\u00f6n\u00fcm\u00fc haqq\u0131nda dan\u0131\u015fark\u0259n ilk n\u00f6vb\u0259d\u0259 d\u00fcnya\u015f\u00f6hr\u0259tli siyasi xadim, m\u00fcdrik r\u0259hb\u0259r Heyd\u0259r \u018fliyevin uzaqg\u00f6r\u0259nlikl\u0259 m\u00fc\u0259yy\u0259nl\u0259\u015fdirdiyi siyasi x\u0259tt \u0259sas\u0131nda Az\u0259rbaycan\u0131n inki\u015faf\u0131, t\u0259r\u0259qqisi g\u00f6z \u00f6n\u00fcnd\u0259n kino lenti kimi ke\u00e7ir, ulu \u00f6nd\u0259rin xalq v\u0259 d\u00f6vl\u0259t qar\u015f\u0131s\u0131ndak\u0131 misilsiz xidm\u0259tl\u0259ri h\u00f6rm\u0259tl\u0259, ehtiramla an\u0131l\u0131r.<\/p>\n<p>Zaman\u0131n s\u0131naqlar\u0131ndan u\u011furla \u00e7\u0131xan Yeni Az\u0259rbaycan Partiyas\u0131 \u00f6lk\u0259mizd\u0259 ulu \u00f6nd\u0259r Heyd\u0259r \u018fliyevin z\u0259ngin siyasi v\u0259 d\u00f6vl\u0259t\u00e7ilik t\u0259cr\u00fcb\u0259sin\u0259 \u0259saslanan \u0259n g\u00fccl\u00fc, \u0259n monolit siyasi t\u0259\u015fkilat oldu\u011funu, ictimai n\u00fcfuzuna g\u00f6r\u0259 onunla m\u00fcqayis\u0259 edil\u0259 bil\u0259c\u0259k ikinci partiyan\u0131n m\u00f6vcud olmad\u0131\u011f\u0131n\u0131 f\u0259aliyy\u0259ti il\u0259 t\u0259sdiq edib.Yeni siyasi f\u0259ls\u0259f\u0259 il\u0259, yeni bax\u0131\u015flarla \u00f6lk\u0259nin siyasi meydan\u0131na q\u0259d\u0259m qoyan partiya q\u0131sa bir zamanda b\u00f6y\u00fck v\u0259 n\u00fcfuzlu siyasi t\u0259\u015fkilat oldu\u011funu s\u00fcbut edib. Az\u0259rbaycan Respublikas\u0131n\u0131n Prezidenti, partiyan\u0131n S\u0259dri c\u0259nab \u0130lham \u018fliyevin dedyi kimi, Yeni Az\u0259rbaycan Partiyas\u0131 C\u0259nubi Qafqaz regionunun \u0259n g\u00fccl\u00fc siyasi q\u00fcvv\u0259sin\u0259 \u00e7evrilib&#8221;.<\/p>\n<p>Deputat vur\u011fulay\u0131b ki, \u00f6z \u015f\u0259r\u0259fli tarixi missiyas\u0131n\u0131 l\u0259yaq\u0259tl\u0259 yerin\u0259 yetir\u0259n Yeni Az\u0259rbaycan Partiyas\u0131 b\u00fct\u00fcn situasiya v\u0259 m\u0259qamlarda ard\u0131c\u0131l, m\u0259qs\u0259dy\u00f6nl\u00fc \u015f\u0259kild\u0259 d\u00f6vl\u0259t\u00e7ilik, milli-m\u0259n\u0259vi d\u0259y\u0259rl\u0259rimiz\u0259 sadiqlik m\u00f6vqeyind\u0259 dayan\u0131b, xalq\u0131m\u0131z\u0131n arzular\u0131n\u0131n t\u0259c\u0259ss\u00fcm\u00fc, yekdil irad\u0259sinin ifad\u0259\u00e7isi kimi \u00e7\u0131x\u0131\u015f edib:<\/p>\n<p>&#8220;Bu g\u00fcn d\u0259 Yeni Az\u0259rbaycan Partiyas\u0131 \u00f6lk\u0259 Prezident c\u0259nab \u0130lham \u018fliyevin u\u011furla h\u0259yata ke\u00e7irdiyi islahatlar\u0131n ger\u00e7\u0259kliy\u0259 \u00e7evrilm\u0259sind\u0259, \u00f6lk\u0259mizin q\u00fcdr\u0259tinin art\u0131r\u0131lmas\u0131nda yax\u0131ndan i\u015ftirak edir, \u00f6lk\u0259mizin siyasi palitras\u0131na yeni bax\u0131\u015flar g\u0259tirir.<\/p>\n<p>27 ild\u0259 Yeni Az\u0259rbaycan Partiyas\u0131n\u0131n u\u011furlar\u0131, q\u0259l\u0259b\u0259l\u0259ri h\u0259r k\u0259sin g\u00f6z\u00fc \u00f6n\u00fcnd\u0259 olub. Ulu \u00f6nd\u0259r Heyd\u0259r \u018fliyevin d\u00fczg\u00fcn m\u00fc\u0259yy\u0259nl\u0259\u015fdirdiyi siyas\u0259t, eyni zamanda Prezident c\u0259nab \u0130lham \u018fliyevin u\u011furla davam etdirdiyi x\u0259tt xalq\u0131n partiyaya sevgisini g\u00fcnb\u0259g\u00fcn art\u0131r\u0131b.<\/p>\n<p>Ulu \u00f6nd\u0259r Heyd\u0259r \u018fliyevin &#8220;Yeni Az\u0259rbaycan Partiyas\u0131na xidm\u0259t etm\u0259k d\u00f6vl\u0259t\u0259, xalqa xidm\u0259t etm\u0259k dem\u0259kdir&#8221; fikirl\u0259ri h\u0259r bir d\u00f6vr \u00fc\u00e7\u00fcn aktuall\u0131\u011f\u0131n\u0131 qoruyur. Partiyan\u0131n 252 \u0259razi ilk partiya t\u0259\u015fkilat\u0131nda 43478 n\u0259f\u0259r partiya \u00fczv\u00fcn\u00fc birl\u0259\u015fdir\u0259n G\u0259nc\u0259 \u015f\u0259h\u0259r t\u0259\u015fkilat\u0131 da b\u00f6y\u00fck inki\u015faf yolu ke\u00e7\u0259r\u0259k, \u00f6z s\u0131ralar\u0131n\u0131 daim geni\u015fl\u0259ndirib, partiyan\u0131n proqram v\u0259 prinsipl\u0259rin\u0259 uy\u011fun olaraq qar\u015f\u0131ya qoyulan v\u0259zif\u0259l\u0259rin icras\u0131n\u0131 l\u0259yaq\u0259tl\u0259 yerin\u0259 yetirib. 1993-c\u00fc il 23 iyul tarixind\u0259n d\u00f6vr\u00fcn t\u0259zyiql\u0259rin\u0259, qada\u011falar\u0131na baxmayaraq, Ulu \u00f6nd\u0259r Heyd\u0259r \u018fliyev \u0259n\u0259n\u0259l\u0259rin\u0259 sadiq bir qrup t\u0259\u0259ss\u00fcbke\u015fin i\u015ftirak\u0131 il\u0259 t\u0259sis edil\u0259n G\u0259nc\u0259 \u015f\u0259h\u0259r t\u0259\u015fkilat\u0131 f\u0259aliyy\u0259t g\u00f6st\u0259rdiyi ill\u0259r \u0259rzind\u0259 k\u0259miyy\u0259tc\u0259 b\u00f6y\u00fcy\u00fcb, inki\u015faf edib ideoloji i\u015f t\u0259cr\u00fcb\u0259sini t\u0259kmill\u0259\u015fdirib.<\/p>\n<p>Sevindirici hald\u0131r ki, t\u0259\u015fkilat\u0131n\u0131n \u00fczvl\u0259rinin 55,8 faizini savadl\u0131, v\u0259t\u0259np\u0259rv\u0259r, xalq\u0131n\u0131, V\u0259t\u0259nini sev\u0259n g\u0259ncl\u0259r, 62,1 faizini is\u0259 qad\u0131nlar t\u0259\u015fkil edir. B\u00fct\u00fcn bunlar G\u0259nc\u0259 sakinl\u0259rinin partiyan\u0131n bu g\u00fcn\u00fcn\u0259 v\u0259 g\u0259l\u0259c\u0259yin\u0259 olan inam\u0131n g\u00f6st\u0259ricil\u0259ridir. Partiya s\u0131ralar\u0131na g\u0259l\u0259nl\u0259rin \u0259ks\u0259riyy\u0259tinin g\u0259ncl\u0259r olmas\u0131 Az\u0259rbaycan Respublikas\u0131n\u0131n Prezidenti, Yeni Az\u0259rbaycan Partiyas\u0131n\u0131n S\u0259dri c\u0259nab \u0130lham \u018fliyevin xalq\u0131m\u0131z\u0131n b\u00fct\u00fcn t\u0259b\u0259q\u0259l\u0259rinin, x\u00fcsus\u0259n g\u0259ncl\u0259rin aras\u0131nda yorulmaz f\u0259aliyy\u0259ti, misilsiz xidm\u0259tl\u0259ri il\u0259 daha b\u00f6y\u00fck inam v\u0259 etibar, h\u00f6rm\u0259t v\u0259 n\u00fcfuz qazanmas\u0131n\u0131 t\u0259sdiq edir. Bu ondan x\u0259b\u0259r verir ki, Az\u0259rbaycan g\u0259ncliyi \u00f6z potensial imkanlar\u0131n\u0131 ortaya qoymaq \u00fc\u00e7\u00fcn bu partiyada meydan g\u00f6r\u00fcrl\u0259r.<\/p>\n<p>YAP G\u0259nc\u0259 \u015f\u0259h\u0259r t\u0259\u015fkilat\u0131n\u0131n \u00fczvl\u0259ri monolit birliyi, sosial bazas\u0131 v\u0259 y\u00fcks\u0259k intellekti olanYeni Az\u0259rbaycan Partiyas\u0131n\u0131n S\u0259dri, Prezident c\u0259nab \u0130lham \u018fliyevin \u0259traf\u0131nda s\u0131x birl\u0259\u015fib, m\u00fcst\u0259qil Az\u0259rbaycan\u0131n \u00e7i\u00e7\u0259kl\u0259nm\u0259si v\u0259 t\u0259r\u0259qqisi namin\u0259 \u0259zmkarl\u0131qla f\u0259aliyy\u0259t g\u00f6st\u0259rirl\u0259r.<\/p>\n<p>\u0130nan\u0131r\u0131q ki, Yeni Az\u0259rbaycan Partiyas\u0131n\u0131n ke\u00e7diyi 27 illik \u015f\u0259r\u0259fli tarixi yol \u0259b\u0259di olacaq v\u0259 partya \u00f6lk\u0259mizin q\u00fcdr\u0259tinin art\u0131r\u0131lmas\u0131nda \u00f6z d\u0259sti-x\u0259tti, imzas\u0131 il\u0259 yeni t\u00f6hf\u0259l\u0259rini xalq\u0131m\u0131za \u0259rm\u0259\u011fan ed\u0259c\u0259k.<\/p>\n<p>C\u0259miyy\u0259timizin \u0259n l\u0259yaq\u0259tli v\u0259 \u015f\u0259r\u0259fli n\u00fcmay\u0259nd\u0259l\u0259ri say\u0131lan partiyam\u0131z\u0131n \u00fczvl\u0259rini, b\u00fct\u00fcn Az\u0259rbaycan xalq\u0131n\u0131 \u0259lam\u0259tdar g\u00fcn m\u00fcnasib\u0259ti il\u0259 t\u0259brik edir\u0259m!&#8221;.<\/p>\n","protected":false},"excerpt":{"rendered":"<p>21 noyabr 1992-ci il &#8211; Az\u0259rbaycan ictimai-siyasi fikir tarixinin \u0259n \u0259lam\u0259tdar, \u0259n \u015f\u0259r\u0259fli s\u0259hif\u0259l\u0259rind\u0259n biridir. M\u0259hz h\u0259min g\u00fcn, m\u00fcst\u0259qil \u00f6lk\u0259mizin inki\u015faf\u0131nda m\u00fcst\u0259sna xidm\u0259tl\u0259ri olan Yeni Az\u0259rbaycan Partiyas\u0131n\u0131n yarand\u0131\u011f\u0131 g\u00fcnd\u00fcr. ARANTV.AZ\u00a0Trend-\u0259 istinad\u0259n x\u0259b\u0259r verir ki, bunu Milli M\u0259clisin deputat\u0131, Yeni Az\u0259rbaycan Partiyas\u0131n\u0131n G\u0259nc\u0259 \u015f\u0259h\u0259r t\u0259\u015fkilat\u0131n\u0131n s\u0259dri Naqif H\u0259mz\u0259yev deyib. N.H\u0259mz\u0259yev bildirib ki, m\u0259hz, 27 il \u0259vv\u0259l xalq\u0131n\u0131n ictimai-siyasi, m\u0259d\u0259ni-m\u0259n\u0259vi v\u0259 intellektual intibah\u0131nda \u0259v\u0259zsiz yeri olan Yeni Az\u0259rbaycan Partiyas\u0131 bir siyasi t\u0259\u015fkilat kimi t\u0259\u015f\u0259kk\u00fcl tapma\u011fa ba\u015flay\u0131b: &#8220;\u018fslind\u0259, Yeni Az\u0259rbaycan Partiyas\u0131n\u0131n 27 illik tarixi, m\u00fcst\u0259qil Az\u0259rbaycan\u0131n yeni tarixini \u0259ks etdirir. Partiya yarand\u0131\u011f\u0131 g\u00fcnd\u0259n&hellip;<\/p>\n","protected":false},"author":2,"featured_media":98951,"comment_status":"closed","ping_status":"closed","sticky":false,"template":"","format":"standard","meta":{"om_disable_all_campaigns":false,"_monsterinsights_skip_tracking":false,"_monsterinsights_sitenote_active":false,"_monsterinsights_sitenote_note":"","_monsterinsights_sitenote_category":0},"categories":[4],"tags":[],"aioseo_notices":[],"gutentor_comment":0,"rttpg_featured_image_url":{"full":["https:\/\/arantv.az\/wp-content\/uploads\/2019\/11\/803967.jpg",800,600,false],"landscape":["https:\/\/arantv.az\/wp-content\/uploads\/2019\/11\/803967.jpg",800,600,false],"portraits":["https:\/\/arantv.az\/wp-content\/uploads\/2019\/11\/803967.jpg",800,600,false],"thumbnail":["https:\/\/arantv.az\/wp-content\/uploads\/2019\/11\/803967-150x150.jpg",150,150,true],"medium":["https:\/\/arantv.az\/wp-content\/uploads\/2019\/11\/803967-300x225.jpg",300,225,true],"large":["https:\/\/arantv.az\/wp-content\/uploads\/2019\/11\/803967.jpg",640,480,false],"1536x1536":["https:\/\/arantv.az\/wp-content\/uploads\/2019\/11\/803967.jpg",800,600,false],"2048x2048":["https:\/\/arantv.az\/wp-content\/uploads\/2019\/11\/803967.jpg",800,600,false],"post-thumbnail":["https:\/\/arantv.az\/wp-content\/uploads\/2019\/11\/803967-240x172.jpg",240,172,true],"advps-thumb-one":["https:\/\/arantv.az\/wp-content\/uploads\/2019\/11\/803967.jpg",800,600,false]},"rttpg_author":{"display_name":"V\u00fcsal Rafiqo\u011flu","author_link":"https:\/\/arantv.az\/?author=2"},"rttpg_comment":0,"rttpg_category":"<a href=\"https:\/\/arantv.az\/?cat=4\" rel=\"category\">Siyas\u0259t<\/a>","rttpg_excerpt":"21 noyabr 1992-ci il &#8211; Az\u0259rbaycan ictimai-siyasi fikir tarixinin \u0259n \u0259lam\u0259tdar, \u0259n \u015f\u0259r\u0259fli s\u0259hif\u0259l\u0259rind\u0259n biridir. M\u0259hz h\u0259min g\u00fcn, m\u00fcst\u0259qil \u00f6lk\u0259mizin inki\u015faf\u0131nda m\u00fcst\u0259sna xidm\u0259tl\u0259ri olan Yeni Az\u0259rbaycan Partiyas\u0131n\u0131n yarand\u0131\u011f\u0131 g\u00fcnd\u00fcr. ARANTV.AZ\u00a0Trend-\u0259 istinad\u0259n x\u0259b\u0259r verir ki, bunu Milli M\u0259clisin deputat\u0131, Yeni Az\u0259rbaycan Partiyas\u0131n\u0131n G\u0259nc\u0259 \u015f\u0259h\u0259r t\u0259\u015fkilat\u0131n\u0131n s\u0259dri Naqif H\u0259mz\u0259yev deyib. N.H\u0259mz\u0259yev bildirib ki, m\u0259hz, 27 il \u0259vv\u0259l&hellip;","_links":{"self":[{"href":"https:\/\/arantv.az\/index.php?rest_route=\/wp\/v2\/posts\/98950"}],"collection":[{"href":"https:\/\/arantv.az\/index.php?rest_route=\/wp\/v2\/posts"}],"about":[{"href":"https:\/\/arantv.az\/index.php?rest_route=\/wp\/v2\/types\/post"}],"author":[{"embeddable":true,"href":"https:\/\/arantv.az\/index.php?rest_route=\/wp\/v2\/users\/2"}],"replies":[{"embeddable":true,"href":"https:\/\/arantv.az\/index.php?rest_route=%2Fwp%2Fv2%2Fcomments&post=98950"}],"version-history":[{"count":0,"href":"https:\/\/arantv.az\/index.php?rest_route=\/wp\/v2\/posts\/98950\/revisions"}],"wp:featuredmedia":[{"embeddable":true,"href":"https:\/\/arantv.az\/index.php?rest_route=\/wp\/v2\/media\/98951"}],"wp:attachment":[{"href":"https:\/\/arantv.az\/index.php?rest_route=%2Fwp%2Fv2%2Fmedia&parent=98950"}],"wp:term":[{"taxonomy":"category","embeddable":true,"href":"https:\/\/arantv.az\/index.php?rest_route=%2Fwp%2Fv2%2Fcategories&post=98950"},{"taxonomy":"post_tag","embeddable":true,"href":"https:\/\/arantv.az\/index.php?rest_route=%2Fwp%2Fv2%2Ftags&post=98950"}],"curies":[{"name":"wp","href":"https:\/\/api.w.org\/{rel}","templated":true}]}}