{"id":99037,"date":"2019-11-21T10:31:42","date_gmt":"2019-11-21T07:31:42","guid":{"rendered":"http:\/\/arantv.az\/?p=99037"},"modified":"2019-11-21T10:31:42","modified_gmt":"2019-11-21T07:31:42","slug":"bakida-itkin-dus%c9%99n-turkiy%c9%99-v%c9%99t%c9%99ndaslari-tapilib","status":"publish","type":"post","link":"https:\/\/arantv.az\/?p=99037","title":{"rendered":"Bak\u0131da itkin d\u00fc\u015f\u0259n T\u00fcrkiy\u0259 v\u0259t\u0259nda\u015flar\u0131 tap\u0131l\u0131b"},"content":{"rendered":"<p>Bak\u0131da itkin d\u00fc\u015f\u0259n T\u00fcrkiy\u0259 v\u0259t\u0259nda\u015flar\u0131 tap\u0131l\u0131b.<\/p>\n<p><b>ARANTV.AZ\u00a0<\/b>\u00a0apa-ya istinad\u0259n x\u0259b\u0259r verir ki, T\u00fcrkiy\u0259d\u0259n Bak\u0131ya qonaq g\u0259l\u0259n Terikli Serhad Nizami rayon Polis \u0130dar\u0259sinin 25-ci Polis B\u00f6lm\u0259sin\u0259 \u0259riz\u0259 il\u0259 m\u00fcraci\u0259t ed\u0259r\u0259k, arvad\u0131, 1998-ci il t\u0259v\u0259ll\u00fcdl\u00fc Aytac S\u0259m\u0259dovan\u0131n, \u00f6vlad\u0131, 2019-cu il t\u0259v\u0259ll\u00fcdl\u00fc Terikli Fazil v\u0259 bac\u0131s\u0131 q\u0131z\u0131, 2003-c\u00fc il t\u0259v\u0259ll\u00fcdl\u00fc Tercan Eda il\u0259 birlikd\u0259 itkin d\u00fc\u015fd\u00fcy\u00fcn\u00fc bildirib.<\/p>\n<p>Nizami rayon Polis \u0130dar\u0259sinin \u0259m\u0259kda\u015flar\u0131n\u0131n h\u0259yata ke\u00e7irdiyi \u0259m\u0259liyyat-axtar\u0131\u015f t\u0259dbirl\u0259ri n\u0259tic\u0259sind\u0259 itkin d\u00fc\u015f\u0259n \u015f\u0259xsl\u0259rin yeri q\u0131sa m\u00fcdd\u0259td\u0259 m\u00fc\u0259yy\u0259n edilib v\u0259 onlar ail\u0259l\u0259rin\u0259 t\u0259hvil verilib.<\/p>\n<p>Faktla ba\u011fl\u0131 ara\u015fd\u0131rma apar\u0131l\u0131r.<\/p>\n","protected":false},"excerpt":{"rendered":"<p>Bak\u0131da itkin d\u00fc\u015f\u0259n T\u00fcrkiy\u0259 v\u0259t\u0259nda\u015flar\u0131 tap\u0131l\u0131b. ARANTV.AZ\u00a0\u00a0apa-ya istinad\u0259n x\u0259b\u0259r verir ki, T\u00fcrkiy\u0259d\u0259n Bak\u0131ya qonaq g\u0259l\u0259n Terikli Serhad Nizami rayon Polis \u0130dar\u0259sinin 25-ci Polis B\u00f6lm\u0259sin\u0259 \u0259riz\u0259 il\u0259 m\u00fcraci\u0259t ed\u0259r\u0259k, arvad\u0131, 1998-ci il t\u0259v\u0259ll\u00fcdl\u00fc Aytac S\u0259m\u0259dovan\u0131n, \u00f6vlad\u0131, 2019-cu il t\u0259v\u0259ll\u00fcdl\u00fc Terikli Fazil v\u0259 bac\u0131s\u0131 q\u0131z\u0131, 2003-c\u00fc il t\u0259v\u0259ll\u00fcdl\u00fc Tercan Eda il\u0259 birlikd\u0259 itkin d\u00fc\u015fd\u00fcy\u00fcn\u00fc bildirib. Nizami rayon Polis \u0130dar\u0259sinin \u0259m\u0259kda\u015flar\u0131n\u0131n h\u0259yata ke\u00e7irdiyi \u0259m\u0259liyyat-axtar\u0131\u015f t\u0259dbirl\u0259ri n\u0259tic\u0259sind\u0259 itkin d\u00fc\u015f\u0259n \u015f\u0259xsl\u0259rin yeri q\u0131sa m\u00fcdd\u0259td\u0259 m\u00fc\u0259yy\u0259n edilib v\u0259 onlar ail\u0259l\u0259rin\u0259 t\u0259hvil verilib. Faktla ba\u011fl\u0131 ara\u015fd\u0131rma apar\u0131l\u0131r.<\/p>\n","protected":false},"author":2,"featured_media":99038,"comment_status":"closed","ping_status":"closed","sticky":false,"template":"","format":"standard","meta":{"om_disable_all_campaigns":false,"_monsterinsights_skip_tracking":false,"_monsterinsights_sitenote_active":false,"_monsterinsights_sitenote_note":"","_monsterinsights_sitenote_category":0},"categories":[1],"tags":[],"aioseo_notices":[],"gutentor_comment":0,"rttpg_featured_image_url":{"full":["https:\/\/arantv.az\/wp-content\/uploads\/2019\/11\/1574318496_555dd62c679895c.jpg",649,407,false],"landscape":["https:\/\/arantv.az\/wp-content\/uploads\/2019\/11\/1574318496_555dd62c679895c.jpg",649,407,false],"portraits":["https:\/\/arantv.az\/wp-content\/uploads\/2019\/11\/1574318496_555dd62c679895c.jpg",649,407,false],"thumbnail":["https:\/\/arantv.az\/wp-content\/uploads\/2019\/11\/1574318496_555dd62c679895c-150x150.jpg",150,150,true],"medium":["https:\/\/arantv.az\/wp-content\/uploads\/2019\/11\/1574318496_555dd62c679895c-300x188.jpg",300,188,true],"large":["https:\/\/arantv.az\/wp-content\/uploads\/2019\/11\/1574318496_555dd62c679895c.jpg",640,401,false],"1536x1536":["https:\/\/arantv.az\/wp-content\/uploads\/2019\/11\/1574318496_555dd62c679895c.jpg",649,407,false],"2048x2048":["https:\/\/arantv.az\/wp-content\/uploads\/2019\/11\/1574318496_555dd62c679895c.jpg",649,407,false],"post-thumbnail":["https:\/\/arantv.az\/wp-content\/uploads\/2019\/11\/1574318496_555dd62c679895c-240x172.jpg",240,172,true],"advps-thumb-one":["https:\/\/arantv.az\/wp-content\/uploads\/2019\/11\/1574318496_555dd62c679895c.jpg",649,407,false]},"rttpg_author":{"display_name":"V\u00fcsal Rafiqo\u011flu","author_link":"https:\/\/arantv.az\/?author=2"},"rttpg_comment":0,"rttpg_category":"<a href=\"https:\/\/arantv.az\/?cat=1\" rel=\"category\">C\u0259miyy\u0259t<\/a>","rttpg_excerpt":"Bak\u0131da itkin d\u00fc\u015f\u0259n T\u00fcrkiy\u0259 v\u0259t\u0259nda\u015flar\u0131 tap\u0131l\u0131b. ARANTV.AZ\u00a0\u00a0apa-ya istinad\u0259n x\u0259b\u0259r verir ki, T\u00fcrkiy\u0259d\u0259n Bak\u0131ya qonaq g\u0259l\u0259n Terikli Serhad Nizami rayon Polis \u0130dar\u0259sinin 25-ci Polis B\u00f6lm\u0259sin\u0259 \u0259riz\u0259 il\u0259 m\u00fcraci\u0259t ed\u0259r\u0259k, arvad\u0131, 1998-ci il t\u0259v\u0259ll\u00fcdl\u00fc Aytac S\u0259m\u0259dovan\u0131n, \u00f6vlad\u0131, 2019-cu il t\u0259v\u0259ll\u00fcdl\u00fc Terikli Fazil v\u0259 bac\u0131s\u0131 q\u0131z\u0131, 2003-c\u00fc il t\u0259v\u0259ll\u00fcdl\u00fc Tercan Eda il\u0259 birlikd\u0259 itkin d\u00fc\u015fd\u00fcy\u00fcn\u00fc bildirib. Nizami rayon&hellip;","_links":{"self":[{"href":"https:\/\/arantv.az\/index.php?rest_route=\/wp\/v2\/posts\/99037"}],"collection":[{"href":"https:\/\/arantv.az\/index.php?rest_route=\/wp\/v2\/posts"}],"about":[{"href":"https:\/\/arantv.az\/index.php?rest_route=\/wp\/v2\/types\/post"}],"author":[{"embeddable":true,"href":"https:\/\/arantv.az\/index.php?rest_route=\/wp\/v2\/users\/2"}],"replies":[{"embeddable":true,"href":"https:\/\/arantv.az\/index.php?rest_route=%2Fwp%2Fv2%2Fcomments&post=99037"}],"version-history":[{"count":0,"href":"https:\/\/arantv.az\/index.php?rest_route=\/wp\/v2\/posts\/99037\/revisions"}],"wp:featuredmedia":[{"embeddable":true,"href":"https:\/\/arantv.az\/index.php?rest_route=\/wp\/v2\/media\/99038"}],"wp:attachment":[{"href":"https:\/\/arantv.az\/index.php?rest_route=%2Fwp%2Fv2%2Fmedia&parent=99037"}],"wp:term":[{"taxonomy":"category","embeddable":true,"href":"https:\/\/arantv.az\/index.php?rest_route=%2Fwp%2Fv2%2Fcategories&post=99037"},{"taxonomy":"post_tag","embeddable":true,"href":"https:\/\/arantv.az\/index.php?rest_route=%2Fwp%2Fv2%2Ftags&post=99037"}],"curies":[{"name":"wp","href":"https:\/\/api.w.org\/{rel}","templated":true}]}}