{"id":99041,"date":"2019-11-21T10:40:17","date_gmt":"2019-11-21T07:40:17","guid":{"rendered":"http:\/\/arantv.az\/?p=99041"},"modified":"2019-11-21T10:40:17","modified_gmt":"2019-11-21T07:40:17","slug":"at%c9%99t-s%c9%99dri-az%c9%99rbaycana-g%c9%99lir","status":"publish","type":"post","link":"https:\/\/arantv.az\/?p=99041","title":{"rendered":"AT\u018fT s\u0259dri Az\u0259rbaycana g\u0259lir"},"content":{"rendered":"<p>Slovakiyan\u0131n Xarici \u0130\u015fl\u0259r v\u0259 Avropa m\u0259s\u0259l\u0259l\u0259ri \u00fczr\u0259 naziri, AT\u018fT-in f\u0259aliyy\u0259td\u0259 olan s\u0259dri Miroslav Lay\u00e7ak Az\u0259rbaycana s\u0259f\u0259r ed\u0259c\u0259k.<\/p>\n<p><b>ARANTV.AZ<\/b>-\u0131n x\u0259b\u0259rin\u0259 g\u00f6r\u0259, M. Lay\u00e7ak noyabr\u0131n 28-d\u0259 Slovakiyan\u0131n Az\u0259rbaycandak\u0131 s\u0259firliyinin a\u00e7\u0131l\u0131\u015f m\u0259rasimin\u0259 qat\u0131lacaq.Sonxeber.az<\/p>\n","protected":false},"excerpt":{"rendered":"<p>Slovakiyan\u0131n Xarici \u0130\u015fl\u0259r v\u0259 Avropa m\u0259s\u0259l\u0259l\u0259ri \u00fczr\u0259 naziri, AT\u018fT-in f\u0259aliyy\u0259td\u0259 olan s\u0259dri Miroslav Lay\u00e7ak Az\u0259rbaycana s\u0259f\u0259r ed\u0259c\u0259k. ARANTV.AZ-\u0131n x\u0259b\u0259rin\u0259 g\u00f6r\u0259, M. Lay\u00e7ak noyabr\u0131n 28-d\u0259 Slovakiyan\u0131n Az\u0259rbaycandak\u0131 s\u0259firliyinin a\u00e7\u0131l\u0131\u015f m\u0259rasimin\u0259 qat\u0131lacaq.Sonxeber.az<\/p>\n","protected":false},"author":2,"featured_media":99042,"comment_status":"closed","ping_status":"closed","sticky":false,"template":"","format":"standard","meta":{"om_disable_all_campaigns":false,"_monsterinsights_skip_tracking":false,"_monsterinsights_sitenote_active":false,"_monsterinsights_sitenote_note":"","_monsterinsights_sitenote_category":0},"categories":[19],"tags":[],"aioseo_notices":[],"gutentor_comment":0,"rttpg_featured_image_url":{"full":["https:\/\/arantv.az\/wp-content\/uploads\/2019\/11\/1574320488.xxxa_.jpg",549,366,false],"landscape":["https:\/\/arantv.az\/wp-content\/uploads\/2019\/11\/1574320488.xxxa_.jpg",549,366,false],"portraits":["https:\/\/arantv.az\/wp-content\/uploads\/2019\/11\/1574320488.xxxa_.jpg",549,366,false],"thumbnail":["https:\/\/arantv.az\/wp-content\/uploads\/2019\/11\/1574320488.xxxa_-150x150.jpg",150,150,true],"medium":["https:\/\/arantv.az\/wp-content\/uploads\/2019\/11\/1574320488.xxxa_-300x200.jpg",300,200,true],"large":["https:\/\/arantv.az\/wp-content\/uploads\/2019\/11\/1574320488.xxxa_.jpg",549,366,false],"1536x1536":["https:\/\/arantv.az\/wp-content\/uploads\/2019\/11\/1574320488.xxxa_.jpg",549,366,false],"2048x2048":["https:\/\/arantv.az\/wp-content\/uploads\/2019\/11\/1574320488.xxxa_.jpg",549,366,false],"post-thumbnail":["https:\/\/arantv.az\/wp-content\/uploads\/2019\/11\/1574320488.xxxa_-240x172.jpg",240,172,true],"advps-thumb-one":["https:\/\/arantv.az\/wp-content\/uploads\/2019\/11\/1574320488.xxxa_.jpg",549,366,false]},"rttpg_author":{"display_name":"V\u00fcsal Rafiqo\u011flu","author_link":"https:\/\/arantv.az\/?author=2"},"rttpg_comment":0,"rttpg_category":"<a href=\"https:\/\/arantv.az\/?cat=19\" rel=\"category\">G\u00fcnd\u0259m<\/a>","rttpg_excerpt":"Slovakiyan\u0131n Xarici \u0130\u015fl\u0259r v\u0259 Avropa m\u0259s\u0259l\u0259l\u0259ri \u00fczr\u0259 naziri, AT\u018fT-in f\u0259aliyy\u0259td\u0259 olan s\u0259dri Miroslav Lay\u00e7ak Az\u0259rbaycana s\u0259f\u0259r ed\u0259c\u0259k. ARANTV.AZ-\u0131n x\u0259b\u0259rin\u0259 g\u00f6r\u0259, M. Lay\u00e7ak noyabr\u0131n 28-d\u0259 Slovakiyan\u0131n Az\u0259rbaycandak\u0131 s\u0259firliyinin a\u00e7\u0131l\u0131\u015f m\u0259rasimin\u0259 qat\u0131lacaq.Sonxeber.az","_links":{"self":[{"href":"https:\/\/arantv.az\/index.php?rest_route=\/wp\/v2\/posts\/99041"}],"collection":[{"href":"https:\/\/arantv.az\/index.php?rest_route=\/wp\/v2\/posts"}],"about":[{"href":"https:\/\/arantv.az\/index.php?rest_route=\/wp\/v2\/types\/post"}],"author":[{"embeddable":true,"href":"https:\/\/arantv.az\/index.php?rest_route=\/wp\/v2\/users\/2"}],"replies":[{"embeddable":true,"href":"https:\/\/arantv.az\/index.php?rest_route=%2Fwp%2Fv2%2Fcomments&post=99041"}],"version-history":[{"count":0,"href":"https:\/\/arantv.az\/index.php?rest_route=\/wp\/v2\/posts\/99041\/revisions"}],"wp:featuredmedia":[{"embeddable":true,"href":"https:\/\/arantv.az\/index.php?rest_route=\/wp\/v2\/media\/99042"}],"wp:attachment":[{"href":"https:\/\/arantv.az\/index.php?rest_route=%2Fwp%2Fv2%2Fmedia&parent=99041"}],"wp:term":[{"taxonomy":"category","embeddable":true,"href":"https:\/\/arantv.az\/index.php?rest_route=%2Fwp%2Fv2%2Fcategories&post=99041"},{"taxonomy":"post_tag","embeddable":true,"href":"https:\/\/arantv.az\/index.php?rest_route=%2Fwp%2Fv2%2Ftags&post=99041"}],"curies":[{"name":"wp","href":"https:\/\/api.w.org\/{rel}","templated":true}]}}