{"id":99087,"date":"2019-11-21T13:46:32","date_gmt":"2019-11-21T10:46:32","guid":{"rendered":"http:\/\/arantv.az\/?p=99087"},"modified":"2019-11-21T13:46:32","modified_gmt":"2019-11-21T10:46:32","slug":"rusiyali-futbolcu-turkiy%c9%99d%c9%99-itkin-dusdu","status":"publish","type":"post","link":"https:\/\/arantv.az\/?p=99087","title":{"rendered":"Rusiyal\u0131 futbol\u00e7u T\u00fcrkiy\u0259d\u0259 itkin d\u00fc\u015fd\u00fc"},"content":{"rendered":"<p>T\u00fcrkiy\u0259d\u0259 rusiyal\u0131 futbol\u00e7u Zaur Sadayev itkin d\u00fc\u015f\u00fcb. Z.Sadayev \u201cAnkarag\u00fcc\u00fc\u201d klubunda \u00e7\u0131x\u0131\u015f edib.<\/p>\n<p>Bu bar\u0259d\u0259\u00a0\u201cH\u00fcriyy\u0259t\u201d q\u0259zeti m\u0259lumat verib.<\/p>\n<div id=\"AdviadNativeVideo0\" class=\"AdviadNativeVideo\"><\/div>\n<p>M\u0259lum olub ki, bir m\u00fcdd\u0259t \u00f6nc\u0259 futbol\u00e7unun atas\u0131 da Kr\u0131mda itkin d\u00fc\u015fm\u00fc\u015fd\u00fc.<\/p>\n<p>H\u00fccum\u00e7unun yoxa \u00e7\u0131xmas\u0131 bar\u0259d\u0259\u00a0ilk x\u0259b\u0259ri klubun ba\u015f m\u0259\u015fq\u00e7isi Mustafa Kaplan verib. O bildirib ki, futbol\u00e7u \u201cAnkarag\u00fcc\u00fc\u201dn\u00fc milli komandalar\u0131n g\u00f6r\u00fc\u015fl\u0259ri zaman\u0131 t\u0259rk edib. Bundan sonra futbol\u00e7u il\u0259 \u0259laq\u0259 yaratmaq m\u00fcmk\u00fcn olmay\u0131b.<\/p>\n<p>Qeyd ed\u0259k ki, 30 ya\u015fl\u0131 futbol\u00e7u 2019-cu ilin yay aylar\u0131nda icar\u0259 \u0259sas\u0131nda\u00a0\u201cAnkarag\u00fcc\u00fc\u201dn\u0259 ke\u00e7ib. Zaur Sadayev\u00a0daha \u00f6nc\u0259 Qrozn\u0131 \u015f\u0259h\u0259rinin \u201cAxmet\u201d klubunun \u015f\u0259r\u0259fini qoruyub.<\/p>\n","protected":false},"excerpt":{"rendered":"<p>T\u00fcrkiy\u0259d\u0259 rusiyal\u0131 futbol\u00e7u Zaur Sadayev itkin d\u00fc\u015f\u00fcb. Z.Sadayev \u201cAnkarag\u00fcc\u00fc\u201d klubunda \u00e7\u0131x\u0131\u015f edib. Bu bar\u0259d\u0259\u00a0\u201cH\u00fcriyy\u0259t\u201d q\u0259zeti m\u0259lumat verib. M\u0259lum olub ki, bir m\u00fcdd\u0259t \u00f6nc\u0259 futbol\u00e7unun atas\u0131 da Kr\u0131mda itkin d\u00fc\u015fm\u00fc\u015fd\u00fc. H\u00fccum\u00e7unun yoxa \u00e7\u0131xmas\u0131 bar\u0259d\u0259\u00a0ilk x\u0259b\u0259ri klubun ba\u015f m\u0259\u015fq\u00e7isi Mustafa Kaplan verib. O bildirib ki, futbol\u00e7u \u201cAnkarag\u00fcc\u00fc\u201dn\u00fc milli komandalar\u0131n g\u00f6r\u00fc\u015fl\u0259ri zaman\u0131 t\u0259rk edib. Bundan sonra futbol\u00e7u il\u0259 \u0259laq\u0259 yaratmaq m\u00fcmk\u00fcn olmay\u0131b. Qeyd ed\u0259k ki, 30 ya\u015fl\u0131 futbol\u00e7u 2019-cu ilin yay aylar\u0131nda icar\u0259 \u0259sas\u0131nda\u00a0\u201cAnkarag\u00fcc\u00fc\u201dn\u0259 ke\u00e7ib. Zaur Sadayev\u00a0daha \u00f6nc\u0259 Qrozn\u0131 \u015f\u0259h\u0259rinin \u201cAxmet\u201d klubunun \u015f\u0259r\u0259fini qoruyub.<\/p>\n","protected":false},"author":2,"featured_media":99088,"comment_status":"closed","ping_status":"closed","sticky":false,"template":"","format":"standard","meta":{"om_disable_all_campaigns":false,"_monsterinsights_skip_tracking":false,"_monsterinsights_sitenote_active":false,"_monsterinsights_sitenote_note":"","_monsterinsights_sitenote_category":0},"categories":[6],"tags":[],"aioseo_notices":[],"gutentor_comment":0,"rttpg_featured_image_url":{"full":["https:\/\/arantv.az\/wp-content\/uploads\/2019\/11\/I2V7560.jpg",620,413,false],"landscape":["https:\/\/arantv.az\/wp-content\/uploads\/2019\/11\/I2V7560.jpg",620,413,false],"portraits":["https:\/\/arantv.az\/wp-content\/uploads\/2019\/11\/I2V7560.jpg",620,413,false],"thumbnail":["https:\/\/arantv.az\/wp-content\/uploads\/2019\/11\/I2V7560-150x150.jpg",150,150,true],"medium":["https:\/\/arantv.az\/wp-content\/uploads\/2019\/11\/I2V7560-300x200.jpg",300,200,true],"large":["https:\/\/arantv.az\/wp-content\/uploads\/2019\/11\/I2V7560.jpg",620,413,false],"1536x1536":["https:\/\/arantv.az\/wp-content\/uploads\/2019\/11\/I2V7560.jpg",620,413,false],"2048x2048":["https:\/\/arantv.az\/wp-content\/uploads\/2019\/11\/I2V7560.jpg",620,413,false],"post-thumbnail":["https:\/\/arantv.az\/wp-content\/uploads\/2019\/11\/I2V7560-240x172.jpg",240,172,true],"advps-thumb-one":["https:\/\/arantv.az\/wp-content\/uploads\/2019\/11\/I2V7560.jpg",620,413,false]},"rttpg_author":{"display_name":"V\u00fcsal Rafiqo\u011flu","author_link":"https:\/\/arantv.az\/?author=2"},"rttpg_comment":0,"rttpg_category":"<a href=\"https:\/\/arantv.az\/?cat=6\" rel=\"category\">\u0130dman<\/a>","rttpg_excerpt":"T\u00fcrkiy\u0259d\u0259 rusiyal\u0131 futbol\u00e7u Zaur Sadayev itkin d\u00fc\u015f\u00fcb. Z.Sadayev \u201cAnkarag\u00fcc\u00fc\u201d klubunda \u00e7\u0131x\u0131\u015f edib. Bu bar\u0259d\u0259\u00a0\u201cH\u00fcriyy\u0259t\u201d q\u0259zeti m\u0259lumat verib. M\u0259lum olub ki, bir m\u00fcdd\u0259t \u00f6nc\u0259 futbol\u00e7unun atas\u0131 da Kr\u0131mda itkin d\u00fc\u015fm\u00fc\u015fd\u00fc. H\u00fccum\u00e7unun yoxa \u00e7\u0131xmas\u0131 bar\u0259d\u0259\u00a0ilk x\u0259b\u0259ri klubun ba\u015f m\u0259\u015fq\u00e7isi Mustafa Kaplan verib. O bildirib ki, futbol\u00e7u \u201cAnkarag\u00fcc\u00fc\u201dn\u00fc milli komandalar\u0131n g\u00f6r\u00fc\u015fl\u0259ri zaman\u0131 t\u0259rk edib. Bundan sonra futbol\u00e7u il\u0259&hellip;","_links":{"self":[{"href":"https:\/\/arantv.az\/index.php?rest_route=\/wp\/v2\/posts\/99087"}],"collection":[{"href":"https:\/\/arantv.az\/index.php?rest_route=\/wp\/v2\/posts"}],"about":[{"href":"https:\/\/arantv.az\/index.php?rest_route=\/wp\/v2\/types\/post"}],"author":[{"embeddable":true,"href":"https:\/\/arantv.az\/index.php?rest_route=\/wp\/v2\/users\/2"}],"replies":[{"embeddable":true,"href":"https:\/\/arantv.az\/index.php?rest_route=%2Fwp%2Fv2%2Fcomments&post=99087"}],"version-history":[{"count":0,"href":"https:\/\/arantv.az\/index.php?rest_route=\/wp\/v2\/posts\/99087\/revisions"}],"wp:featuredmedia":[{"embeddable":true,"href":"https:\/\/arantv.az\/index.php?rest_route=\/wp\/v2\/media\/99088"}],"wp:attachment":[{"href":"https:\/\/arantv.az\/index.php?rest_route=%2Fwp%2Fv2%2Fmedia&parent=99087"}],"wp:term":[{"taxonomy":"category","embeddable":true,"href":"https:\/\/arantv.az\/index.php?rest_route=%2Fwp%2Fv2%2Fcategories&post=99087"},{"taxonomy":"post_tag","embeddable":true,"href":"https:\/\/arantv.az\/index.php?rest_route=%2Fwp%2Fv2%2Ftags&post=99087"}],"curies":[{"name":"wp","href":"https:\/\/api.w.org\/{rel}","templated":true}]}}