{"id":99124,"date":"2019-11-21T14:02:45","date_gmt":"2019-11-21T11:02:45","guid":{"rendered":"http:\/\/arantv.az\/?p=99124"},"modified":"2019-11-21T14:02:45","modified_gmt":"2019-11-21T11:02:45","slug":"usaqlara-qarsi-cinay%c9%99t-tor%c9%99tmis-266-s%c9%99xs-m%c9%99suliyy%c9%99t%c9%99-c%c9%99lb-olunub-nazir-muavini","status":"publish","type":"post","link":"https:\/\/arantv.az\/?p=99124","title":{"rendered":"&#8220;U\u015faqlara qar\u015f\u0131 cinay\u0259t t\u00f6r\u0259tmi\u015f 266 \u015f\u0259xs m\u0259suliyy\u0259t\u0259 c\u0259lb olunub&#8221; &#8211; Nazir m\u00fcavini"},"content":{"rendered":"<blockquote><p><em><strong>Bu ilin ilk 9 ay\u0131nda Az\u0259rbaycanda u\u015faqlara qar\u015f\u0131 zorak\u0131l\u0131qla ba\u011fl\u0131 159 cinay\u0259t t\u00f6r\u0259dilib.<\/strong><\/em><\/p><\/blockquote>\n<p><strong>ARANTV.AZ<\/strong>\u00a0\u00a0<a href=\"https:\/\/az.trend.az\/\" target=\"_blank\" rel=\"noopener\">Trend<\/a>-\u0259 istinad\u0259n x\u0259b\u0259r verir ki, bunu Daxili \u0130\u015fl\u0259r nazirinin m\u00fcavini Oruc Zalov &#8220;U\u015faqlara qar\u015f\u0131 zorak\u0131l\u0131\u011f\u0131n qar\u015f\u0131s\u0131n\u0131n al\u0131nmas\u0131 v\u0259 l\u0259\u011fv edilm\u0259si&#8221; m\u00f6vzusunda ke\u00e7iril\u0259n konfransda \u00e7\u0131x\u0131\u015f\u0131 zaman\u0131 deyib.<\/p>\n<p>Onun s\u00f6zl\u0259rin\u0259 g\u00f6r\u0259, h\u0259min m\u00fcdd\u0259td\u0259 u\u015faqlara qar\u015f\u0131 cinay\u0259t t\u00f6r\u0259tmi\u015f 266 \u015f\u0259xs m\u0259suliyy\u0259t\u0259 c\u0259lb olunub:<\/p>\n<p>&#8220;G\u00f6r\u00fclm\u00fc\u015f i\u015fl\u0259r n\u0259tic\u0259sind\u0259 9 ay \u0259rzind\u0259 respublikada u\u015faqlara qar\u015f\u0131 t\u00f6r\u0259dilmi\u015f cinay\u0259tl\u0259rin say\u0131 \u00f6t\u0259n ilin m\u00fcvafiq d\u00f6vr\u00fc il\u0259 m\u00fcqayis\u0259d\u0259 24 fakt, yetkinlik ya\u015f\u0131na \u00e7atmayanlar\u0131n cinsi toxunulmazl\u0131\u011f\u0131 v\u0259 cinsi azadl\u0131\u011f\u0131 \u0259leyhin\u0259 cinay\u0259tl\u0259rin say\u0131 is\u0259 38 fakt az olub. Erk\u0259n nikahlar kifay\u0259t q\u0259d\u0259r aktual oldu\u011fu \u00fc\u00e7\u00fcn Daxili \u0130\u015fl\u0259r Nazirliyi t\u0259r\u0259find\u0259n x\u00fcsusi g\u00f6st\u0259ri\u015fl\u0259r haz\u0131rlanaraq yerli orqanlara g\u00f6nd\u0259rilib&#8221;.<\/p>\n<p>Nazir m\u00fcavini h\u0259min g\u00f6st\u0259ri\u015fl\u0259rin icras\u0131n\u0131n daim n\u0259zar\u0259td\u0259 saxlan\u0131ld\u0131\u011f\u0131n\u0131 qeyd edib: &#8220;\u0130nsan h\u00fcquq v\u0259 azadl\u0131qlar\u0131n\u0131n pozulmas\u0131 il\u0259 m\u00fc\u015fahid\u0259 olunan erk\u0259n nikahlar\u0131n qar\u015f\u0131s\u0131n\u0131n al\u0131nmas\u0131 m\u0259qs\u0259dil\u0259 \u0259hali aras\u0131nda, h\u0259m\u00e7inin orta \u00fcmumt\u0259hsil m\u0259kt\u0259bl\u0259rinin yuxar\u0131 sinif \u015fagirdl\u0259ri il\u0259 h\u00fcquqi maarifl\u0259ndirm\u0259 t\u0259dbirl\u0259rin\u0259 x\u00fcsusi \u00f6n\u0259m verilir. Zorak\u0131l\u0131\u011fa qar\u015f\u0131 potensial q\u00fcvv\u0259l\u0259r hesab olunan, k\u00fc\u00e7\u0259l\u0259rd\u0259 m\u00fcxt\u0259lif \u0259m\u0259k n\u00f6vl\u0259ri il\u0259 m\u0259\u015f\u011ful olan, el\u0259c\u0259 d\u0259 avaral\u0131q v\u0259 dil\u0259n\u00e7ilik ed\u0259n u\u015faqlar, onlar\u0131 buna vadar ed\u0259nl\u0259r reydl\u0259r zaman\u0131 a\u015fkar olunur. Yetkinlik ya\u015f\u0131na \u00e7atmayanlar\u0131n h\u00fcquq v\u0259 m\u0259nafel\u0259rinin m\u00fcdafi\u0259si, m\u00fcxt\u0259lif qanunsuz \u0259m\u0259ll\u0259r\u0259 m\u0259ruz qalmas\u0131n\u0131n qar\u015f\u0131s\u0131n\u0131n al\u0131nmas\u0131 istiqam\u0259tind\u0259 aidiyy\u0259ti d\u00f6vl\u0259t orqanlar\u0131n\u0131n v\u0259 ictimai t\u0259\u015fkilatlar\u0131n n\u00fcmay\u0259nd\u0259l\u0259rinin i\u015ftirak\u0131 il\u0259 t\u0259kc\u0259 bu ilin 9 ay\u0131 \u0259rzind\u0259 1200-d\u0259k reyd v\u0259 yoxlamalar ke\u00e7irilib. Bununla yana\u015f\u0131, u\u015faq v\u0259 g\u0259ncl\u0259rin radikal dini t\u0259sirl\u0259rd\u0259n qorunmas\u0131, qeyri-insani r\u0259ftara m\u0259ruz qalmas\u0131n\u0131, qanunsuz f\u0259aliyy\u0259t g\u00f6st\u0259r\u0259n icmalara c\u0259lb olunmas\u0131n\u0131n qar\u015f\u0131s\u0131n\u0131n al\u0131nmas\u0131 daha da geni\u015fl\u0259ndirilib&#8221;.<\/p>\n","protected":false},"excerpt":{"rendered":"<p>Bu ilin ilk 9 ay\u0131nda Az\u0259rbaycanda u\u015faqlara qar\u015f\u0131 zorak\u0131l\u0131qla ba\u011fl\u0131 159 cinay\u0259t t\u00f6r\u0259dilib. ARANTV.AZ\u00a0\u00a0Trend-\u0259 istinad\u0259n x\u0259b\u0259r verir ki, bunu Daxili \u0130\u015fl\u0259r nazirinin m\u00fcavini Oruc Zalov &#8220;U\u015faqlara qar\u015f\u0131 zorak\u0131l\u0131\u011f\u0131n qar\u015f\u0131s\u0131n\u0131n al\u0131nmas\u0131 v\u0259 l\u0259\u011fv edilm\u0259si&#8221; m\u00f6vzusunda ke\u00e7iril\u0259n konfransda \u00e7\u0131x\u0131\u015f\u0131 zaman\u0131 deyib. Onun s\u00f6zl\u0259rin\u0259 g\u00f6r\u0259, h\u0259min m\u00fcdd\u0259td\u0259 u\u015faqlara qar\u015f\u0131 cinay\u0259t t\u00f6r\u0259tmi\u015f 266 \u015f\u0259xs m\u0259suliyy\u0259t\u0259 c\u0259lb olunub: &#8220;G\u00f6r\u00fclm\u00fc\u015f i\u015fl\u0259r n\u0259tic\u0259sind\u0259 9 ay \u0259rzind\u0259 respublikada u\u015faqlara qar\u015f\u0131 t\u00f6r\u0259dilmi\u015f cinay\u0259tl\u0259rin say\u0131 \u00f6t\u0259n ilin m\u00fcvafiq d\u00f6vr\u00fc il\u0259 m\u00fcqayis\u0259d\u0259 24 fakt, yetkinlik ya\u015f\u0131na \u00e7atmayanlar\u0131n cinsi toxunulmazl\u0131\u011f\u0131 v\u0259 cinsi azadl\u0131\u011f\u0131 \u0259leyhin\u0259 cinay\u0259tl\u0259rin say\u0131 is\u0259 38 fakt az olub. Erk\u0259n&hellip;<\/p>\n","protected":false},"author":2,"featured_media":99125,"comment_status":"closed","ping_status":"closed","sticky":false,"template":"","format":"standard","meta":{"om_disable_all_campaigns":false,"_monsterinsights_skip_tracking":false,"_monsterinsights_sitenote_active":false,"_monsterinsights_sitenote_note":"","_monsterinsights_sitenote_category":0},"categories":[1],"tags":[],"aioseo_notices":[],"gutentor_comment":0,"rttpg_featured_image_url":{"full":["https:\/\/arantv.az\/wp-content\/uploads\/2019\/11\/804042.jpg",800,600,false],"landscape":["https:\/\/arantv.az\/wp-content\/uploads\/2019\/11\/804042.jpg",800,600,false],"portraits":["https:\/\/arantv.az\/wp-content\/uploads\/2019\/11\/804042.jpg",800,600,false],"thumbnail":["https:\/\/arantv.az\/wp-content\/uploads\/2019\/11\/804042-150x150.jpg",150,150,true],"medium":["https:\/\/arantv.az\/wp-content\/uploads\/2019\/11\/804042-300x225.jpg",300,225,true],"large":["https:\/\/arantv.az\/wp-content\/uploads\/2019\/11\/804042.jpg",640,480,false],"1536x1536":["https:\/\/arantv.az\/wp-content\/uploads\/2019\/11\/804042.jpg",800,600,false],"2048x2048":["https:\/\/arantv.az\/wp-content\/uploads\/2019\/11\/804042.jpg",800,600,false],"post-thumbnail":["https:\/\/arantv.az\/wp-content\/uploads\/2019\/11\/804042-240x172.jpg",240,172,true],"advps-thumb-one":["https:\/\/arantv.az\/wp-content\/uploads\/2019\/11\/804042.jpg",800,600,false]},"rttpg_author":{"display_name":"V\u00fcsal Rafiqo\u011flu","author_link":"https:\/\/arantv.az\/?author=2"},"rttpg_comment":0,"rttpg_category":"<a href=\"https:\/\/arantv.az\/?cat=1\" rel=\"category\">C\u0259miyy\u0259t<\/a>","rttpg_excerpt":"Bu ilin ilk 9 ay\u0131nda Az\u0259rbaycanda u\u015faqlara qar\u015f\u0131 zorak\u0131l\u0131qla ba\u011fl\u0131 159 cinay\u0259t t\u00f6r\u0259dilib. ARANTV.AZ\u00a0\u00a0Trend-\u0259 istinad\u0259n x\u0259b\u0259r verir ki, bunu Daxili \u0130\u015fl\u0259r nazirinin m\u00fcavini Oruc Zalov &#8220;U\u015faqlara qar\u015f\u0131 zorak\u0131l\u0131\u011f\u0131n qar\u015f\u0131s\u0131n\u0131n al\u0131nmas\u0131 v\u0259 l\u0259\u011fv edilm\u0259si&#8221; m\u00f6vzusunda ke\u00e7iril\u0259n konfransda \u00e7\u0131x\u0131\u015f\u0131 zaman\u0131 deyib. Onun s\u00f6zl\u0259rin\u0259 g\u00f6r\u0259, h\u0259min m\u00fcdd\u0259td\u0259 u\u015faqlara qar\u015f\u0131 cinay\u0259t t\u00f6r\u0259tmi\u015f 266 \u015f\u0259xs m\u0259suliyy\u0259t\u0259 c\u0259lb olunub: &#8220;G\u00f6r\u00fclm\u00fc\u015f i\u015fl\u0259r&hellip;","_links":{"self":[{"href":"https:\/\/arantv.az\/index.php?rest_route=\/wp\/v2\/posts\/99124"}],"collection":[{"href":"https:\/\/arantv.az\/index.php?rest_route=\/wp\/v2\/posts"}],"about":[{"href":"https:\/\/arantv.az\/index.php?rest_route=\/wp\/v2\/types\/post"}],"author":[{"embeddable":true,"href":"https:\/\/arantv.az\/index.php?rest_route=\/wp\/v2\/users\/2"}],"replies":[{"embeddable":true,"href":"https:\/\/arantv.az\/index.php?rest_route=%2Fwp%2Fv2%2Fcomments&post=99124"}],"version-history":[{"count":0,"href":"https:\/\/arantv.az\/index.php?rest_route=\/wp\/v2\/posts\/99124\/revisions"}],"wp:featuredmedia":[{"embeddable":true,"href":"https:\/\/arantv.az\/index.php?rest_route=\/wp\/v2\/media\/99125"}],"wp:attachment":[{"href":"https:\/\/arantv.az\/index.php?rest_route=%2Fwp%2Fv2%2Fmedia&parent=99124"}],"wp:term":[{"taxonomy":"category","embeddable":true,"href":"https:\/\/arantv.az\/index.php?rest_route=%2Fwp%2Fv2%2Fcategories&post=99124"},{"taxonomy":"post_tag","embeddable":true,"href":"https:\/\/arantv.az\/index.php?rest_route=%2Fwp%2Fv2%2Ftags&post=99124"}],"curies":[{"name":"wp","href":"https:\/\/api.w.org\/{rel}","templated":true}]}}