{"id":99128,"date":"2019-11-21T14:04:49","date_gmt":"2019-11-21T11:04:49","guid":{"rendered":"http:\/\/arantv.az\/?p=99128"},"modified":"2019-11-21T14:04:49","modified_gmt":"2019-11-21T11:04:49","slug":"%c9%99li-h%c9%99s%c9%99nov-qanunsuz-miqrasiya-cinay%c9%99tin%c9%99-%c9%99li-bulasan-insanlar-layiqli-c%c9%99zalarini-alacaqlar","status":"publish","type":"post","link":"https:\/\/arantv.az\/?p=99128","title":{"rendered":"\u018fli H\u0259s\u0259nov: &#8220;Qanunsuz miqrasiya cinay\u0259tin\u0259 \u0259li bula\u015fan insanlar layiqli c\u0259zalar\u0131n\u0131 alacaqlar&#8221;"},"content":{"rendered":"<p><strong>Az\u0259rbaycan Respublikas\u0131 Prezidentinin ictimai-siyasi m\u0259s\u0259l\u0259l\u0259r \u00fczr\u0259 k\u00f6m\u0259k\u00e7isi \u018fli H\u0259s\u0259nov m\u00fcxalif\u0259tin &#8220;miqrant alveri&#8221; v\u0259 Almaniyadan bir s\u0131ra az\u0259rbaycanl\u0131n\u0131n deportasiya olunmas\u0131 m\u0259s\u0259l\u0259sin\u0259 m\u00fcnasib\u0259t bildirib.<\/strong><\/p>\n<p><strong>ARANTV.AZ<\/strong>\u00a0<a href=\"https:\/\/az.trend.az\/\" target=\"_blank\" rel=\"noopener\">Trend<\/a>-\u0259 istinad\u0259n x\u0259b\u0259r verir ki, \u018f.H\u0259s\u0259nov bildirib ki, biz Q\u0259rbin liberal h\u0259yat t\u0259rzini, m\u0259s\u0259l\u0259l\u0259r\u0259 liberal yana\u015fmas\u0131n\u0131 anlay\u0131r\u0131q. Amma \u00f6z \u00f6lk\u0259sind\u0259 h\u0259m ictimai-siyasi, h\u0259m iqtisadi, h\u0259m d\u0259 b\u00fct\u00f6vl\u00fckd\u0259 bir v\u0259t\u0259nda\u015fl\u0131q sah\u0259sind\u0259 ciddi n\u00fcmun\u0259l\u0259r g\u00f6st\u0259r\u0259, \u00f6z\u00fcn\u00fc tapa bilm\u0259y\u0259n, ayr\u0131-ayr\u0131 s\u0259b\u0259bl\u0259rd\u0259n \u00f6z \u00f6lk\u0259sini t\u0259rk edib xaric\u0259 ged\u0259nl\u0259rin yerl\u0259\u015fdirilm\u0259si sah\u0259sind\u0259 formala\u015fan bu biab\u0131r\u00e7\u0131l\u0131\u011f\u0131 pisl\u0259yirik:<\/p>\n<p>&#8220;\u00c7oxdan bilridik ki, b\u0259zi m\u00fcxalif partiyalar, o c\u00fcml\u0259d\u0259n onlar\u0131n m\u00fcxt\u0259lif n\u00fcmay\u0259nd\u0259rl\u0259ri bu i\u015fl\u0259 m\u0259\u015f\u011fuldur. Biz bunu d\u0259f\u0259l\u0259rl\u0259 b\u0259yan edirdik v\u0259 s\u00fcbut etm\u0259y\u0259 \u00e7al\u0131\u015f\u0131rd\u0131q. Ancaq t\u0259\u0259ss\u00fcfl\u0259r olsun ki, m\u00fcxalif\u0259t partiyalar\u0131 bunu etiraf etmirdil\u0259r ki, n\u0259y\u0259 g\u00f6r\u0259 bu insanlar\u0131 ba\u015fqa adlarla, onlar\u0131n f\u0259aliyy\u0259ti il\u0259 ba\u015fqa uydurma aray\u0131\u015flar haz\u0131rlamaqla xarici \u00f6lk\u0259l\u0259r\u0259 g\u00f6nd\u0259rirdil\u0259r.<br \/>\nOnlar\u0131n orada ya\u015fad\u0131\u011f\u0131 h\u0259yat t\u0259rzini d\u0259 biz bilirdik. Qa\u00e7q\u0131n kamplar\u0131nda onlara yarad\u0131lan \u015f\u0259raiti d\u0259 bilirdik. Az\u0259rbaycan d\u00f6vl\u0259tinin d\u0259yan\u0259tli, d\u0259y\u0259rli v\u0259t\u0259nda\u015f\u0131 olmaq hissi onlar \u00fc\u00e7\u00fcn yarad\u0131lm\u0131\u015f komfort \u015f\u0259raitl\u0259 \u0259v\u0259z oluna bilm\u0259zdi. Ona g\u00f6r\u0259 d\u0259 biz \u0259vv\u0259lc\u0259d\u0259n bunun \u0259leyhin\u0259 idik. Az\u0259rbaycan d\u00f6vl\u0259ti geri qay\u0131dan v\u0259t\u0259nda\u015flar\u0131n\u0131n yerl\u0259\u015fdirilm\u0259si, onlar\u0131n i\u015fl\u0259 t\u0259min olunmas\u0131, yenid\u0259n \u00f6lk\u0259mizin layiqli v\u0259t\u0259nda\u015f\u0131na \u00e7evrilm\u0259si \u00fc\u00e7\u00fcn \u0259lind\u0259n g\u0259l\u0259n h\u0259r bir \u015feyi edir v\u0259 bundan sonra da ed\u0259c\u0259k. D\u00fc\u015f\u00fcn\u00fcr\u0259m ki, bu yola d\u00fc\u015f\u0259nl\u0259r, x\u00fcsus\u0259n d\u0259 Az\u0259rbaycan v\u0259t\u0259nda\u015flar\u0131n\u0131 xarici \u00f6lk\u0259l\u0259r\u0259 saxta yollarla apar\u0131lmas\u0131nda i\u015ftirak ed\u0259n insanlar da \u00f6zl\u0259rinin layiqli c\u0259zas\u0131n\u0131 alacaqlar. Bundan sonra Az\u0259rbaycan v\u0259t\u0259nda\u015flar\u0131 d\u00f6vl\u0259tin v\u0259 respubklikan\u0131n sa\u011flam q\u00fcvv\u0259l\u0259rinin v\u0259 d\u00f6vl\u0259t\u00e7ilik \u0259traf\u0131nda s\u0131x birl\u0259\u015f\u0259c\u0259kl\u0259r&#8221;.<\/p>\n<p>\u018f.H\u0259s\u0259nov, h\u0259m\u00e7inin deportasiya olunan az\u0259rbaycanl\u0131lar\u0131n \u00f6lk\u0259y\u0259 qaytar\u0131lmas\u0131ndan sonra m\u00fcxt\u0259lif b\u0259han\u0259l\u0259rl\u0259 h\u0259bs edil\u0259c\u0259yi bar\u0259d\u0259 yay\u0131lan m\u0259lumatlara da m\u00fcnasib\u0259t bildirib.<br \/>\nPA r\u0259smisi qeyd edib ki, bunlar\u0131n he\u00e7 bir \u0259sas\u0131 yoxdur:<\/p>\n<p>&#8220;\u018flb\u0259tt\u0259, onlar\u0131n h\u0259r birinin f\u0259aliyy\u0259ti, kim hans\u0131 yolla \u00f6lk\u0259ni t\u0259rk edib, kimi xarici \u00f6lk\u0259l\u0259r\u0259 hans\u0131 adla gedib Az\u0259rbaycanda ara\u015fd\u0131r\u0131l\u0131r, ara\u015fd\u0131r\u0131lacaq. Bunlar m\u00fcvafiq olaraq ara\u015fd\u0131r\u0131landan sonra o insanlar Az\u0259rbaycan v\u0259t\u0259nda\u015f\u0131d\u0131r. Biz Az\u0259rbaycan v\u0259t\u0259nda\u015flar\u0131n\u0131n h\u0259r biri \u00fc\u00e7\u00fcn bu \u00f6lk\u0259d\u0259 ya\u015fay\u0131\u015f, i\u015f, f\u0259aliyy\u0259t g\u00f6st\u0259rm\u0259k \u015f\u0259raiti yaratma\u011fa borcluyuq. Az\u0259rbaycan d\u00f6vl\u0259tinin v\u0259 Prezidentinin y\u00fcr\u00fctd\u00fcy\u00fc siyas\u0259tin t\u0259m\u0259lind\u0259 insan v\u0259 v\u0259t\u0259nda\u015f amili v\u0259 onlar\u0131n maraqlar\u0131 dayan\u0131r. Ona g\u00f6r\u0259 d\u0259 Az\u0259rbaycana qay\u0131dan, qaytar\u0131lan o insanlar\u0131n h\u0259r biri \u00f6lk\u0259mizin v\u0259t\u0259nda\u015f\u0131 olaraq h\u0259r birinin f\u0259aliyy\u0259ti, g\u0259l\u0259c\u0259k h\u0259yat\u0131n\u0131 qurmas\u0131 \u00fc\u00e7\u00fcn Az\u0259rbaycanda laz\u0131m olan \u015f\u0259rait yarad\u0131lacaq v\u0259 onlara laz\u0131mi d\u0259st\u0259k veril\u0259c\u0259k. Cinay\u0259t t\u00f6r\u0259tmi\u015f insanlara, cinay\u0259tin t\u00f6r\u0259dilm\u0259sind\u0259 qrup v\u0259 ya \u015f\u0259xsi formada i\u015ftirak etmi\u015f insanlara g\u0259linc\u0259 is\u0259 onlarla ba\u011fl\u0131 m\u00fcvafiq olaraq h\u00fcquq-m\u00fchafiz\u0259 orqanlar\u0131 ara\u015fd\u0131rma apar\u0131r. N\u0259inki bizim h\u00fcquq-m\u00fchafiz\u0259 orqanlar\u0131, o c\u00fcm\u0131\u0259d\u0259n, Almaniyan\u0131n, Fransan\u0131n, Avropan\u0131n da h\u00fcquq-m\u00fchafiz\u0259 orqanlar\u0131 ara\u015fd\u0131rma apar\u0131r. Bu i\u015fd\u0259 cinay\u0259t\u0259 \u0259li bula\u015fan insanlar da layiqli c\u0259zalar\u0131n\u0131 alacaqlar&#8221;.<\/p>\n","protected":false},"excerpt":{"rendered":"<p>Az\u0259rbaycan Respublikas\u0131 Prezidentinin ictimai-siyasi m\u0259s\u0259l\u0259l\u0259r \u00fczr\u0259 k\u00f6m\u0259k\u00e7isi \u018fli H\u0259s\u0259nov m\u00fcxalif\u0259tin &#8220;miqrant alveri&#8221; v\u0259 Almaniyadan bir s\u0131ra az\u0259rbaycanl\u0131n\u0131n deportasiya olunmas\u0131 m\u0259s\u0259l\u0259sin\u0259 m\u00fcnasib\u0259t bildirib. ARANTV.AZ\u00a0Trend-\u0259 istinad\u0259n x\u0259b\u0259r verir ki, \u018f.H\u0259s\u0259nov bildirib ki, biz Q\u0259rbin liberal h\u0259yat t\u0259rzini, m\u0259s\u0259l\u0259l\u0259r\u0259 liberal yana\u015fmas\u0131n\u0131 anlay\u0131r\u0131q. Amma \u00f6z \u00f6lk\u0259sind\u0259 h\u0259m ictimai-siyasi, h\u0259m iqtisadi, h\u0259m d\u0259 b\u00fct\u00f6vl\u00fckd\u0259 bir v\u0259t\u0259nda\u015fl\u0131q sah\u0259sind\u0259 ciddi n\u00fcmun\u0259l\u0259r g\u00f6st\u0259r\u0259, \u00f6z\u00fcn\u00fc tapa bilm\u0259y\u0259n, ayr\u0131-ayr\u0131 s\u0259b\u0259bl\u0259rd\u0259n \u00f6z \u00f6lk\u0259sini t\u0259rk edib xaric\u0259 ged\u0259nl\u0259rin yerl\u0259\u015fdirilm\u0259si sah\u0259sind\u0259 formala\u015fan bu biab\u0131r\u00e7\u0131l\u0131\u011f\u0131 pisl\u0259yirik: &#8220;\u00c7oxdan bilridik ki, b\u0259zi m\u00fcxalif partiyalar, o c\u00fcml\u0259d\u0259n onlar\u0131n m\u00fcxt\u0259lif n\u00fcmay\u0259nd\u0259rl\u0259ri bu i\u015fl\u0259 m\u0259\u015f\u011fuldur. Biz bunu d\u0259f\u0259l\u0259rl\u0259 b\u0259yan&hellip;<\/p>\n","protected":false},"author":2,"featured_media":99129,"comment_status":"closed","ping_status":"closed","sticky":false,"template":"","format":"standard","meta":{"om_disable_all_campaigns":false,"_monsterinsights_skip_tracking":false,"_monsterinsights_sitenote_active":false,"_monsterinsights_sitenote_note":"","_monsterinsights_sitenote_category":0},"categories":[4],"tags":[],"aioseo_notices":[],"gutentor_comment":0,"rttpg_featured_image_url":{"full":["https:\/\/arantv.az\/wp-content\/uploads\/2019\/11\/795040-2.jpg",800,600,false],"landscape":["https:\/\/arantv.az\/wp-content\/uploads\/2019\/11\/795040-2.jpg",800,600,false],"portraits":["https:\/\/arantv.az\/wp-content\/uploads\/2019\/11\/795040-2.jpg",800,600,false],"thumbnail":["https:\/\/arantv.az\/wp-content\/uploads\/2019\/11\/795040-2-150x150.jpg",150,150,true],"medium":["https:\/\/arantv.az\/wp-content\/uploads\/2019\/11\/795040-2-300x225.jpg",300,225,true],"large":["https:\/\/arantv.az\/wp-content\/uploads\/2019\/11\/795040-2.jpg",640,480,false],"1536x1536":["https:\/\/arantv.az\/wp-content\/uploads\/2019\/11\/795040-2.jpg",800,600,false],"2048x2048":["https:\/\/arantv.az\/wp-content\/uploads\/2019\/11\/795040-2.jpg",800,600,false],"post-thumbnail":["https:\/\/arantv.az\/wp-content\/uploads\/2019\/11\/795040-2-240x172.jpg",240,172,true],"advps-thumb-one":["https:\/\/arantv.az\/wp-content\/uploads\/2019\/11\/795040-2.jpg",800,600,false]},"rttpg_author":{"display_name":"V\u00fcsal Rafiqo\u011flu","author_link":"https:\/\/arantv.az\/?author=2"},"rttpg_comment":0,"rttpg_category":"<a href=\"https:\/\/arantv.az\/?cat=4\" rel=\"category\">Siyas\u0259t<\/a>","rttpg_excerpt":"Az\u0259rbaycan Respublikas\u0131 Prezidentinin ictimai-siyasi m\u0259s\u0259l\u0259l\u0259r \u00fczr\u0259 k\u00f6m\u0259k\u00e7isi \u018fli H\u0259s\u0259nov m\u00fcxalif\u0259tin &#8220;miqrant alveri&#8221; v\u0259 Almaniyadan bir s\u0131ra az\u0259rbaycanl\u0131n\u0131n deportasiya olunmas\u0131 m\u0259s\u0259l\u0259sin\u0259 m\u00fcnasib\u0259t bildirib. ARANTV.AZ\u00a0Trend-\u0259 istinad\u0259n x\u0259b\u0259r verir ki, \u018f.H\u0259s\u0259nov bildirib ki, biz Q\u0259rbin liberal h\u0259yat t\u0259rzini, m\u0259s\u0259l\u0259l\u0259r\u0259 liberal yana\u015fmas\u0131n\u0131 anlay\u0131r\u0131q. Amma \u00f6z \u00f6lk\u0259sind\u0259 h\u0259m ictimai-siyasi, h\u0259m iqtisadi, h\u0259m d\u0259 b\u00fct\u00f6vl\u00fckd\u0259 bir v\u0259t\u0259nda\u015fl\u0131q sah\u0259sind\u0259 ciddi n\u00fcmun\u0259l\u0259r g\u00f6st\u0259r\u0259,&hellip;","_links":{"self":[{"href":"https:\/\/arantv.az\/index.php?rest_route=\/wp\/v2\/posts\/99128"}],"collection":[{"href":"https:\/\/arantv.az\/index.php?rest_route=\/wp\/v2\/posts"}],"about":[{"href":"https:\/\/arantv.az\/index.php?rest_route=\/wp\/v2\/types\/post"}],"author":[{"embeddable":true,"href":"https:\/\/arantv.az\/index.php?rest_route=\/wp\/v2\/users\/2"}],"replies":[{"embeddable":true,"href":"https:\/\/arantv.az\/index.php?rest_route=%2Fwp%2Fv2%2Fcomments&post=99128"}],"version-history":[{"count":0,"href":"https:\/\/arantv.az\/index.php?rest_route=\/wp\/v2\/posts\/99128\/revisions"}],"wp:featuredmedia":[{"embeddable":true,"href":"https:\/\/arantv.az\/index.php?rest_route=\/wp\/v2\/media\/99129"}],"wp:attachment":[{"href":"https:\/\/arantv.az\/index.php?rest_route=%2Fwp%2Fv2%2Fmedia&parent=99128"}],"wp:term":[{"taxonomy":"category","embeddable":true,"href":"https:\/\/arantv.az\/index.php?rest_route=%2Fwp%2Fv2%2Fcategories&post=99128"},{"taxonomy":"post_tag","embeddable":true,"href":"https:\/\/arantv.az\/index.php?rest_route=%2Fwp%2Fv2%2Ftags&post=99128"}],"curies":[{"name":"wp","href":"https:\/\/api.w.org\/{rel}","templated":true}]}}