{"id":99152,"date":"2019-11-21T14:09:17","date_gmt":"2019-11-21T11:09:17","guid":{"rendered":"http:\/\/arantv.az\/?p=99152"},"modified":"2019-11-21T14:09:17","modified_gmt":"2019-11-21T11:09:17","slug":"ibrahim-m%c9%99mm%c9%99dov-muavin-v%c9%99zif%c9%99sind%c9%99n-gedib-aciqlama","status":"publish","type":"post","link":"https:\/\/arantv.az\/?p=99152","title":{"rendered":"\u0130brahim M\u0259mm\u0259dov m\u00fcavin v\u0259zif\u0259sind\u0259n gedib? &#8211; A\u00c7IQLAMA"},"content":{"rendered":"<p>X\u0259b\u0259r verdiyimiz kimi, bir ne\u00e7\u0259 g\u00fcn \u0259vv\u0259l \u018fm\u0259kdar jurnalist \u0130brahim M\u0259mm\u0259dov Nazirl\u0259r Kabinetinin M\u0259tbuat Xidm\u0259tinin r\u0259hb\u0259ri t\u0259yin olundu.<\/p>\n<p><strong>ARANTV.AZ\u00a0<\/strong> x\u0259b\u0259r verir ki, \u0130brahim M\u0259mm\u0259dov, t\u0259yinatdan \u00f6nc\u0259 ARB TV-d\u0259 s\u0259dr m\u00fcavini v\u0259zif\u0259sini tuturdu. Eyni zamanda analitik verili\u015fin apar\u0131c\u0131s\u0131 idi.<\/p>\n<div><\/div>\n<p>B\u0259s t\u0259yinatdan sonra onun telekanalla \u0259m\u0259kda\u015fl\u0131\u011f\u0131 davam ed\u0259c\u0259kmi?<\/p>\n<p>M\u0259s\u0259l\u0259 il\u0259 ba\u011fl\u0131 Publika.az-a a\u00e7\u0131qlama ver\u0259n &#8220;ARB Media Qrup&#8221;un m\u0259tbuat xidm\u0259tinin r\u0259hb\u0259ri Ozal \u0130brahimli, ilk olaraq \u0130brahim m\u00fc\u0259llimi t\u0259yinat\u0131 m\u00fcnasib\u0259til\u0259 ARB kollektivi ad\u0131ndan t\u0259brik etdi:<\/p>\n<p>&#8220;Ona yeni i\u015find\u0259 u\u011furlar arzulay\u0131r\u0131q. Bu, h\u0259mkar\u0131m\u0131za g\u00f6st\u0259ril\u0259n y\u00fcks\u0259k etimadd\u0131r v\u0259 \u0259minik ki, \u0130brahim M\u0259mm\u0259dov bu i\u015fin \u00f6hd\u0259sind\u0259 d\u0259 u\u011furla g\u0259l\u0259c\u0259k. &#8220;ARB Media Qrup&#8221;dak\u0131 f\u0259aliyy\u0259t\u0259 g\u0259linc\u0259 bildirm\u0259k ist\u0259yirik ki, \u0130brahim m\u00fc\u0259llim telekanal\u0131m\u0131zda i\u015fini davam etdir\u0259c\u0259k v\u0259 eyni zamanda analitik verili\u015fin m\u00fc\u0259llifi kimi efird\u0259 olacaq.<\/p>\n<p>&#8220;ARB Media Qrup&#8221;da bu c\u00fcr t\u0259cr\u00fcb\u0259 var. Telekanal\u0131m\u0131z m\u0259tbuat xidm\u0259tl\u0259rind\u0259 \u00e7al\u0131\u015fan pe\u015f\u0259kar apar\u0131c\u0131lar\u0131n t\u0259cr\u00fcb\u0259sind\u0259n b\u0259hr\u0259l\u0259nir. Haz\u0131rda Avtomobil Yollar\u0131 D\u00f6vl\u0259t Agentliyinin m\u0259tbuat xim\u0259tinin r\u0259hb\u0259ri Anar N\u0259c\u0259fli, Qida T\u0259hl\u00fck\u0259sizliyi Agentliyinin ictimaiyy\u0259tl\u0259 \u0259laq\u0259l\u0259r sektorunun m\u00fcdiri Aysel F\u0259rziyeva, D\u00f6vl\u0259t M\u0259\u015f\u011fulluq Xidm\u0259tinin m\u0259tbuat xidm\u0259tinin r\u0259hb\u0259ri \u018fsm\u0259r N\u0259cm\u0259ddinq\u0131z\u0131, el\u0259c\u0259 d\u0259 \u0130poteka v\u0259 Kredit Z\u0259man\u0259t Fondunun m\u0259tbuat xidm\u0259tinin r\u0259hb\u0259ri Yegan\u0259 La\u00e7\u0131nzad\u0259 &#8220;ARB TV&#8221; v\u0259 &#8220;ARB24&#8243;d\u0259 apar\u0131c\u0131 kimi f\u0259aliyy\u0259t g\u00f6st\u0259rir. \u0130brahim M\u0259mm\u0259dov da art\u0131q yeni \u00e7al\u0131\u015fd\u0131\u011f\u0131 qurumla bununla ba\u011fl\u0131 raz\u0131l\u0131\u011fa g\u0259lib v\u0259 biz birg\u0259 i\u015fimizi davam etdir\u0259c\u0259yik&#8221;.Publika.az<\/p>\n","protected":false},"excerpt":{"rendered":"<p>X\u0259b\u0259r verdiyimiz kimi, bir ne\u00e7\u0259 g\u00fcn \u0259vv\u0259l \u018fm\u0259kdar jurnalist \u0130brahim M\u0259mm\u0259dov Nazirl\u0259r Kabinetinin M\u0259tbuat Xidm\u0259tinin r\u0259hb\u0259ri t\u0259yin olundu. ARANTV.AZ\u00a0 x\u0259b\u0259r verir ki, \u0130brahim M\u0259mm\u0259dov, t\u0259yinatdan \u00f6nc\u0259 ARB TV-d\u0259 s\u0259dr m\u00fcavini v\u0259zif\u0259sini tuturdu. Eyni zamanda analitik verili\u015fin apar\u0131c\u0131s\u0131 idi. B\u0259s t\u0259yinatdan sonra onun telekanalla \u0259m\u0259kda\u015fl\u0131\u011f\u0131 davam ed\u0259c\u0259kmi? M\u0259s\u0259l\u0259 il\u0259 ba\u011fl\u0131 Publika.az-a a\u00e7\u0131qlama ver\u0259n &#8220;ARB Media Qrup&#8221;un m\u0259tbuat xidm\u0259tinin r\u0259hb\u0259ri Ozal \u0130brahimli, ilk olaraq \u0130brahim m\u00fc\u0259llimi t\u0259yinat\u0131 m\u00fcnasib\u0259til\u0259 ARB kollektivi ad\u0131ndan t\u0259brik etdi: &#8220;Ona yeni i\u015find\u0259 u\u011furlar arzulay\u0131r\u0131q. Bu, h\u0259mkar\u0131m\u0131za g\u00f6st\u0259ril\u0259n y\u00fcks\u0259k etimadd\u0131r v\u0259 \u0259minik ki, \u0130brahim M\u0259mm\u0259dov bu i\u015fin \u00f6hd\u0259sind\u0259 d\u0259&hellip;<\/p>\n","protected":false},"author":2,"featured_media":99153,"comment_status":"closed","ping_status":"closed","sticky":false,"template":"","format":"standard","meta":{"om_disable_all_campaigns":false,"_monsterinsights_skip_tracking":false,"_monsterinsights_sitenote_active":false,"_monsterinsights_sitenote_note":"","_monsterinsights_sitenote_category":0},"categories":[1],"tags":[],"aioseo_notices":[],"gutentor_comment":0,"rttpg_featured_image_url":{"full":["https:\/\/arantv.az\/wp-content\/uploads\/2019\/11\/1574331549iiii.jpg",549,309,false],"landscape":["https:\/\/arantv.az\/wp-content\/uploads\/2019\/11\/1574331549iiii.jpg",549,309,false],"portraits":["https:\/\/arantv.az\/wp-content\/uploads\/2019\/11\/1574331549iiii.jpg",549,309,false],"thumbnail":["https:\/\/arantv.az\/wp-content\/uploads\/2019\/11\/1574331549iiii-150x150.jpg",150,150,true],"medium":["https:\/\/arantv.az\/wp-content\/uploads\/2019\/11\/1574331549iiii-300x169.jpg",300,169,true],"large":["https:\/\/arantv.az\/wp-content\/uploads\/2019\/11\/1574331549iiii.jpg",549,309,false],"1536x1536":["https:\/\/arantv.az\/wp-content\/uploads\/2019\/11\/1574331549iiii.jpg",549,309,false],"2048x2048":["https:\/\/arantv.az\/wp-content\/uploads\/2019\/11\/1574331549iiii.jpg",549,309,false],"post-thumbnail":["https:\/\/arantv.az\/wp-content\/uploads\/2019\/11\/1574331549iiii-240x172.jpg",240,172,true],"advps-thumb-one":["https:\/\/arantv.az\/wp-content\/uploads\/2019\/11\/1574331549iiii.jpg",549,309,false]},"rttpg_author":{"display_name":"V\u00fcsal Rafiqo\u011flu","author_link":"https:\/\/arantv.az\/?author=2"},"rttpg_comment":0,"rttpg_category":"<a href=\"https:\/\/arantv.az\/?cat=1\" rel=\"category\">C\u0259miyy\u0259t<\/a>","rttpg_excerpt":"X\u0259b\u0259r verdiyimiz kimi, bir ne\u00e7\u0259 g\u00fcn \u0259vv\u0259l \u018fm\u0259kdar jurnalist \u0130brahim M\u0259mm\u0259dov Nazirl\u0259r Kabinetinin M\u0259tbuat Xidm\u0259tinin r\u0259hb\u0259ri t\u0259yin olundu. ARANTV.AZ\u00a0 x\u0259b\u0259r verir ki, \u0130brahim M\u0259mm\u0259dov, t\u0259yinatdan \u00f6nc\u0259 ARB TV-d\u0259 s\u0259dr m\u00fcavini v\u0259zif\u0259sini tuturdu. Eyni zamanda analitik verili\u015fin apar\u0131c\u0131s\u0131 idi. B\u0259s t\u0259yinatdan sonra onun telekanalla \u0259m\u0259kda\u015fl\u0131\u011f\u0131 davam ed\u0259c\u0259kmi? M\u0259s\u0259l\u0259 il\u0259 ba\u011fl\u0131 Publika.az-a a\u00e7\u0131qlama ver\u0259n &#8220;ARB Media Qrup&#8221;un&hellip;","_links":{"self":[{"href":"https:\/\/arantv.az\/index.php?rest_route=\/wp\/v2\/posts\/99152"}],"collection":[{"href":"https:\/\/arantv.az\/index.php?rest_route=\/wp\/v2\/posts"}],"about":[{"href":"https:\/\/arantv.az\/index.php?rest_route=\/wp\/v2\/types\/post"}],"author":[{"embeddable":true,"href":"https:\/\/arantv.az\/index.php?rest_route=\/wp\/v2\/users\/2"}],"replies":[{"embeddable":true,"href":"https:\/\/arantv.az\/index.php?rest_route=%2Fwp%2Fv2%2Fcomments&post=99152"}],"version-history":[{"count":0,"href":"https:\/\/arantv.az\/index.php?rest_route=\/wp\/v2\/posts\/99152\/revisions"}],"wp:featuredmedia":[{"embeddable":true,"href":"https:\/\/arantv.az\/index.php?rest_route=\/wp\/v2\/media\/99153"}],"wp:attachment":[{"href":"https:\/\/arantv.az\/index.php?rest_route=%2Fwp%2Fv2%2Fmedia&parent=99152"}],"wp:term":[{"taxonomy":"category","embeddable":true,"href":"https:\/\/arantv.az\/index.php?rest_route=%2Fwp%2Fv2%2Fcategories&post=99152"},{"taxonomy":"post_tag","embeddable":true,"href":"https:\/\/arantv.az\/index.php?rest_route=%2Fwp%2Fv2%2Ftags&post=99152"}],"curies":[{"name":"wp","href":"https:\/\/api.w.org\/{rel}","templated":true}]}}