{"id":99160,"date":"2019-11-21T14:19:55","date_gmt":"2019-11-21T11:19:55","guid":{"rendered":"http:\/\/arantv.az\/?p=99160"},"modified":"2019-11-21T14:19:55","modified_gmt":"2019-11-21T11:19:55","slug":"bas-nazirin-muavini-yap-dan-danisdi","status":"publish","type":"post","link":"https:\/\/arantv.az\/?p=99160","title":{"rendered":"Ba\u015f nazirin m\u00fcavini YAP-dan DANI\u015eDI"},"content":{"rendered":"<p>&#8220;26 ild\u0259n \u00e7oxdur ki, YAP \u015f\u0259r\u0259fl\u0259, l\u0259yaq\u0259tl\u0259 Az\u0259rbaycan xalq\u0131na xidm\u0259t edir&#8221;.<\/p>\n<p><b>ARANTV.AZ<\/b>-\u0131n m\u0259lumat\u0131na g\u00f6r\u0259, bunu Yeni Az\u0259rbaycan Partiyas\u0131n\u0131n s\u0259drinin m\u00fcavini, icra katibi, Ba\u015f Nazirin m\u00fcavini \u018fli \u018fhm\u0259dov deyib.<\/p>\n<div><\/div>\n<p>O, xat\u0131rlad\u0131b ki, YAP yarand\u0131qdan t\u0259xmin\u0259n 6 ay sonra onun lideri Heyd\u0259r \u018fliyev Az\u0259rbaycan\u0131n Prezidenti se\u00e7ilib: &#8220;Bel\u0259likl\u0259 d\u0259 YAP Az\u0259rbaycan\u0131n iqtidar partiyas\u0131na \u00e7evrildi. 26 ild\u0259n \u00e7oxdur ki, YAP \u015f\u0259r\u0259fl\u0259, l\u0259yaq\u0259tl\u0259 Az\u0259rbaycan xalq\u0131na xidm\u0259t edir. Az\u0259rbaycan\u0131n m\u00fcasir d\u00fcnyan\u0131n \u0259n u\u011furlu v\u0259 s\u00fcr\u0259tl\u0259 inki\u015faf ed\u0259n d\u00f6vl\u0259tin\u0259 \u00e7evrilm\u0259sin\u0259 b\u00f6y\u00fck t\u00f6hf\u0259l\u0259r verib. Bu ill\u0259r \u0259rzind\u0259 YAP-\u0131n \u00f6z\u00fc d\u0259 kifay\u0259t q\u0259d\u0259r q\u00fcdr\u0259tl\u0259nib, s\u0131ralar\u0131 geni\u015fl\u0259nib&#8221;.<\/p>\n<p>\u018f. \u018fhm\u0259dov bildirib ki, \u0130ndi YAP \u00fcmumxalq partiyas\u0131 statusunu l\u0259yaq\u0259tl\u0259 da\u015f\u0131maqdad\u0131r: &#8220;Onun s\u0131ralar\u0131nda 750 min\u0259 q\u0259d\u0259r Az\u0259rbaycan v\u0259t\u0259nda\u015f\u0131 var&#8221;.<\/p>\n<p>Ba\u015f Nazirin m\u00fcavini vur\u011fulay\u0131b ki, YAP iqtidar\u0131n\u0131n \u00f6mr\u00fc Az\u0259rbaycan\u0131n siyasi h\u0259yat\u0131nda kifay\u0259t q\u0259d\u0259r uzun olacaq: &#8220;Az\u0259rbaycan v\u0259t\u0259nda\u015flar\u0131 YAP iqtidar\u0131n\u0131n faydalar\u0131n\u0131 bundan sonra da g\u00f6r\u0259c\u0259kl\u0259r&#8221;.Sonxeber.az<\/p>\n","protected":false},"excerpt":{"rendered":"<p>&#8220;26 ild\u0259n \u00e7oxdur ki, YAP \u015f\u0259r\u0259fl\u0259, l\u0259yaq\u0259tl\u0259 Az\u0259rbaycan xalq\u0131na xidm\u0259t edir&#8221;. ARANTV.AZ-\u0131n m\u0259lumat\u0131na g\u00f6r\u0259, bunu Yeni Az\u0259rbaycan Partiyas\u0131n\u0131n s\u0259drinin m\u00fcavini, icra katibi, Ba\u015f Nazirin m\u00fcavini \u018fli \u018fhm\u0259dov deyib. O, xat\u0131rlad\u0131b ki, YAP yarand\u0131qdan t\u0259xmin\u0259n 6 ay sonra onun lideri Heyd\u0259r \u018fliyev Az\u0259rbaycan\u0131n Prezidenti se\u00e7ilib: &#8220;Bel\u0259likl\u0259 d\u0259 YAP Az\u0259rbaycan\u0131n iqtidar partiyas\u0131na \u00e7evrildi. 26 ild\u0259n \u00e7oxdur ki, YAP \u015f\u0259r\u0259fl\u0259, l\u0259yaq\u0259tl\u0259 Az\u0259rbaycan xalq\u0131na xidm\u0259t edir. Az\u0259rbaycan\u0131n m\u00fcasir d\u00fcnyan\u0131n \u0259n u\u011furlu v\u0259 s\u00fcr\u0259tl\u0259 inki\u015faf ed\u0259n d\u00f6vl\u0259tin\u0259 \u00e7evrilm\u0259sin\u0259 b\u00f6y\u00fck t\u00f6hf\u0259l\u0259r verib. Bu ill\u0259r \u0259rzind\u0259 YAP-\u0131n \u00f6z\u00fc d\u0259 kifay\u0259t q\u0259d\u0259r q\u00fcdr\u0259tl\u0259nib, s\u0131ralar\u0131 geni\u015fl\u0259nib&#8221;. \u018f. \u018fhm\u0259dov bildirib&hellip;<\/p>\n","protected":false},"author":2,"featured_media":99161,"comment_status":"closed","ping_status":"closed","sticky":false,"template":"","format":"standard","meta":{"om_disable_all_campaigns":false,"_monsterinsights_skip_tracking":false,"_monsterinsights_sitenote_active":false,"_monsterinsights_sitenote_note":"","_monsterinsights_sitenote_category":0},"categories":[19],"tags":[],"aioseo_notices":[],"gutentor_comment":0,"rttpg_featured_image_url":{"full":["https:\/\/arantv.az\/wp-content\/uploads\/2019\/11\/1574325407eli-ehmedov.jpg",549,412,false],"landscape":["https:\/\/arantv.az\/wp-content\/uploads\/2019\/11\/1574325407eli-ehmedov.jpg",549,412,false],"portraits":["https:\/\/arantv.az\/wp-content\/uploads\/2019\/11\/1574325407eli-ehmedov.jpg",549,412,false],"thumbnail":["https:\/\/arantv.az\/wp-content\/uploads\/2019\/11\/1574325407eli-ehmedov-150x150.jpg",150,150,true],"medium":["https:\/\/arantv.az\/wp-content\/uploads\/2019\/11\/1574325407eli-ehmedov-300x225.jpg",300,225,true],"large":["https:\/\/arantv.az\/wp-content\/uploads\/2019\/11\/1574325407eli-ehmedov.jpg",549,412,false],"1536x1536":["https:\/\/arantv.az\/wp-content\/uploads\/2019\/11\/1574325407eli-ehmedov.jpg",549,412,false],"2048x2048":["https:\/\/arantv.az\/wp-content\/uploads\/2019\/11\/1574325407eli-ehmedov.jpg",549,412,false],"post-thumbnail":["https:\/\/arantv.az\/wp-content\/uploads\/2019\/11\/1574325407eli-ehmedov-240x172.jpg",240,172,true],"advps-thumb-one":["https:\/\/arantv.az\/wp-content\/uploads\/2019\/11\/1574325407eli-ehmedov.jpg",549,412,false]},"rttpg_author":{"display_name":"V\u00fcsal Rafiqo\u011flu","author_link":"https:\/\/arantv.az\/?author=2"},"rttpg_comment":0,"rttpg_category":"<a href=\"https:\/\/arantv.az\/?cat=19\" rel=\"category\">G\u00fcnd\u0259m<\/a>","rttpg_excerpt":"&#8220;26 ild\u0259n \u00e7oxdur ki, YAP \u015f\u0259r\u0259fl\u0259, l\u0259yaq\u0259tl\u0259 Az\u0259rbaycan xalq\u0131na xidm\u0259t edir&#8221;. ARANTV.AZ-\u0131n m\u0259lumat\u0131na g\u00f6r\u0259, bunu Yeni Az\u0259rbaycan Partiyas\u0131n\u0131n s\u0259drinin m\u00fcavini, icra katibi, Ba\u015f Nazirin m\u00fcavini \u018fli \u018fhm\u0259dov deyib. O, xat\u0131rlad\u0131b ki, YAP yarand\u0131qdan t\u0259xmin\u0259n 6 ay sonra onun lideri Heyd\u0259r \u018fliyev Az\u0259rbaycan\u0131n Prezidenti se\u00e7ilib: &#8220;Bel\u0259likl\u0259 d\u0259 YAP Az\u0259rbaycan\u0131n iqtidar partiyas\u0131na \u00e7evrildi. 26 ild\u0259n \u00e7oxdur ki,&hellip;","_links":{"self":[{"href":"https:\/\/arantv.az\/index.php?rest_route=\/wp\/v2\/posts\/99160"}],"collection":[{"href":"https:\/\/arantv.az\/index.php?rest_route=\/wp\/v2\/posts"}],"about":[{"href":"https:\/\/arantv.az\/index.php?rest_route=\/wp\/v2\/types\/post"}],"author":[{"embeddable":true,"href":"https:\/\/arantv.az\/index.php?rest_route=\/wp\/v2\/users\/2"}],"replies":[{"embeddable":true,"href":"https:\/\/arantv.az\/index.php?rest_route=%2Fwp%2Fv2%2Fcomments&post=99160"}],"version-history":[{"count":0,"href":"https:\/\/arantv.az\/index.php?rest_route=\/wp\/v2\/posts\/99160\/revisions"}],"wp:featuredmedia":[{"embeddable":true,"href":"https:\/\/arantv.az\/index.php?rest_route=\/wp\/v2\/media\/99161"}],"wp:attachment":[{"href":"https:\/\/arantv.az\/index.php?rest_route=%2Fwp%2Fv2%2Fmedia&parent=99160"}],"wp:term":[{"taxonomy":"category","embeddable":true,"href":"https:\/\/arantv.az\/index.php?rest_route=%2Fwp%2Fv2%2Fcategories&post=99160"},{"taxonomy":"post_tag","embeddable":true,"href":"https:\/\/arantv.az\/index.php?rest_route=%2Fwp%2Fv2%2Ftags&post=99160"}],"curies":[{"name":"wp","href":"https:\/\/api.w.org\/{rel}","templated":true}]}}