{"id":99286,"date":"2019-11-21T16:43:44","date_gmt":"2019-11-21T13:43:44","guid":{"rendered":"http:\/\/arantv.az\/?p=99286"},"modified":"2019-11-21T16:43:44","modified_gmt":"2019-11-21T13:43:44","slug":"milli-m%c9%99clis-yeni-ombudsman-sec%c9%99c%c9%99k-oz%c9%99l","status":"publish","type":"post","link":"https:\/\/arantv.az\/?p=99286","title":{"rendered":"Milli M\u0259clis yeni ombudsman se\u00e7\u0259c\u0259k &#8211; \u00d6Z\u018fL"},"content":{"rendered":"<p>Sabah Milli M\u0259clisin \u0130nsan h\u00fcquqlar\u0131 komit\u0259sinin iclas\u0131nda yeni Ombudsman\u0131n se\u00e7ilm\u0259si m\u0259s\u0259l\u0259sin\u0259 bax\u0131lacaq.<\/p>\n<p>Bu bar\u0259d\u0259\u00a0Oxu.Az-a Komit\u0259nin \u00fczv\u00fc Tahir K\u0259rimli m\u0259lumat verib.<\/p>\n<p>Deputat bildirib ki, \u00fc\u00e7 xan\u0131m\u0131n namiz\u0259dliyi ir\u0259li s\u00fcr\u00fcl\u00fcb. T.K\u0259rimli bildirib ki, onlar Konstitusiya M\u0259hk\u0259m\u0259si, Ali M\u0259hk\u0259m\u0259 v\u0259 Bak\u0131 Apellyasiya M\u0259hk\u0259m\u0259sinin \u00fczvl\u0259ridir.<\/p>\n<div id=\"AdviadNativeVideo0\" class=\"AdviadNativeVideo\"><\/div>\n<p>H\u0259min namiz\u0259dl\u0259rd\u0259n biri Apellyasiya M\u0259hk\u0259m\u0259nin s\u0259drinin m\u00fcavini\u00a0K\u0259mal\u0259 Ab\u0131yevad\u0131r.<\/p>\n<p>Ombudsmanl\u0131\u011fa dig\u0259r namiz\u0259d is\u0259 Ali M\u0259hk\u0259m\u0259nin \u0130nsan H\u00fcquqlar\u0131 v\u0259 \u0130ctimaiyy\u0259tl\u0259 \u018flaq\u0259l\u0259r \u015e\u00f6b\u0259sinin m\u00fcdiri K\u0259mal\u0259 \u018fliyevad\u0131r.<\/p>\n<p>Xat\u0131rladaq ki, 2002-ci v\u0259 2010-cu ill\u0259rd\u0259 \u0130nsan h\u00fcquqlar\u0131 \u00fczr\u0259 m\u00fcv\u0259kkil se\u00e7il\u0259n 82 ya\u015fl\u0131 Elmira S\u00fcleymanovan\u0131n s\u0259lahiyy\u0259t m\u00fcdd\u0259ti 2017-ci il mart\u0131n 5-d\u0259 bitib.<\/p>\n<p>\u201c\u0130nsan h\u00fcquqlar\u0131 \u00fczr\u0259 m\u00fcv\u0259kkil (ombudsman) haqq\u0131nda\u201d qanuna \u0259sas\u0259n, m\u00fcv\u0259kkil yeddi\u00a0il m\u00fcdd\u0259tin\u0259 se\u00e7ilir v\u0259 eyni \u015f\u0259xs m\u00fcv\u0259kkil v\u0259zif\u0259sin\u0259 iki d\u0259f\u0259d\u0259n art\u0131q se\u00e7il\u0259 bilm\u0259z.<\/p>\n<p>Yaln\u0131z Ombudsman\u0131n yerin\u0259 yeni namiz\u0259d verilm\u0259dikd\u0259 o,\u00a0\u00f6z v\u0259zif\u0259sind\u0259 qala bilir. Bel\u0259 ki, Konstitusiyaya m\u0259hdudiyy\u0259tin g\u00f6t\u00fcr\u00fclm\u0259si il\u0259 ba\u011fl\u0131 2009-cu ilin mart\u0131n 18-d\u0259 edil\u0259n d\u0259yi\u015fikliy\u0259 \u0259sas\u0259n, s\u0259lahiyy\u0259t m\u00fcdd\u0259ti ba\u015fa \u00e7atan m\u00fcv\u0259kkilin yerin\u0259 yeni \u015f\u0259xs se\u00e7il\u0259n\u0259 q\u0259d\u0259r o, \u00f6z v\u0259zif\u0259sinin icras\u0131n\u0131 davam etdirir.<\/p>\n<p>S\u0259lahiyy\u0259t m\u00fcdd\u0259ti ba\u015fa \u00e7atan Elmira S\u00fcleymanova da m\u0259hz yerin\u0259 namiz\u0259d verilm\u0259diyind\u0259n h\u0259l\u0259 d\u0259 Ombudsman v\u0259zif\u0259sind\u0259 qal\u0131r.<\/p>\n","protected":false},"excerpt":{"rendered":"<p>Sabah Milli M\u0259clisin \u0130nsan h\u00fcquqlar\u0131 komit\u0259sinin iclas\u0131nda yeni Ombudsman\u0131n se\u00e7ilm\u0259si m\u0259s\u0259l\u0259sin\u0259 bax\u0131lacaq. Bu bar\u0259d\u0259\u00a0Oxu.Az-a Komit\u0259nin \u00fczv\u00fc Tahir K\u0259rimli m\u0259lumat verib. Deputat bildirib ki, \u00fc\u00e7 xan\u0131m\u0131n namiz\u0259dliyi ir\u0259li s\u00fcr\u00fcl\u00fcb. T.K\u0259rimli bildirib ki, onlar Konstitusiya M\u0259hk\u0259m\u0259si, Ali M\u0259hk\u0259m\u0259 v\u0259 Bak\u0131 Apellyasiya M\u0259hk\u0259m\u0259sinin \u00fczvl\u0259ridir. H\u0259min namiz\u0259dl\u0259rd\u0259n biri Apellyasiya M\u0259hk\u0259m\u0259nin s\u0259drinin m\u00fcavini\u00a0K\u0259mal\u0259 Ab\u0131yevad\u0131r. Ombudsmanl\u0131\u011fa dig\u0259r namiz\u0259d is\u0259 Ali M\u0259hk\u0259m\u0259nin \u0130nsan H\u00fcquqlar\u0131 v\u0259 \u0130ctimaiyy\u0259tl\u0259 \u018flaq\u0259l\u0259r \u015e\u00f6b\u0259sinin m\u00fcdiri K\u0259mal\u0259 \u018fliyevad\u0131r. Xat\u0131rladaq ki, 2002-ci v\u0259 2010-cu ill\u0259rd\u0259 \u0130nsan h\u00fcquqlar\u0131 \u00fczr\u0259 m\u00fcv\u0259kkil se\u00e7il\u0259n 82 ya\u015fl\u0131 Elmira S\u00fcleymanovan\u0131n s\u0259lahiyy\u0259t m\u00fcdd\u0259ti 2017-ci il mart\u0131n 5-d\u0259 bitib. \u201c\u0130nsan h\u00fcquqlar\u0131 \u00fczr\u0259 m\u00fcv\u0259kkil&hellip;<\/p>\n","protected":false},"author":2,"featured_media":99287,"comment_status":"closed","ping_status":"closed","sticky":false,"template":"","format":"standard","meta":{"om_disable_all_campaigns":false,"_monsterinsights_skip_tracking":false,"_monsterinsights_sitenote_active":false,"_monsterinsights_sitenote_note":"","_monsterinsights_sitenote_category":0},"categories":[1],"tags":[],"aioseo_notices":[],"gutentor_comment":0,"rttpg_featured_image_url":{"full":["https:\/\/arantv.az\/wp-content\/uploads\/2019\/11\/152430199357253938_1000x669.jpg",620,401,false],"landscape":["https:\/\/arantv.az\/wp-content\/uploads\/2019\/11\/152430199357253938_1000x669.jpg",620,401,false],"portraits":["https:\/\/arantv.az\/wp-content\/uploads\/2019\/11\/152430199357253938_1000x669.jpg",620,401,false],"thumbnail":["https:\/\/arantv.az\/wp-content\/uploads\/2019\/11\/152430199357253938_1000x669-150x150.jpg",150,150,true],"medium":["https:\/\/arantv.az\/wp-content\/uploads\/2019\/11\/152430199357253938_1000x669-300x194.jpg",300,194,true],"large":["https:\/\/arantv.az\/wp-content\/uploads\/2019\/11\/152430199357253938_1000x669.jpg",620,401,false],"1536x1536":["https:\/\/arantv.az\/wp-content\/uploads\/2019\/11\/152430199357253938_1000x669.jpg",620,401,false],"2048x2048":["https:\/\/arantv.az\/wp-content\/uploads\/2019\/11\/152430199357253938_1000x669.jpg",620,401,false],"post-thumbnail":["https:\/\/arantv.az\/wp-content\/uploads\/2019\/11\/152430199357253938_1000x669-240x172.jpg",240,172,true],"advps-thumb-one":["https:\/\/arantv.az\/wp-content\/uploads\/2019\/11\/152430199357253938_1000x669.jpg",620,401,false]},"rttpg_author":{"display_name":"V\u00fcsal Rafiqo\u011flu","author_link":"https:\/\/arantv.az\/?author=2"},"rttpg_comment":0,"rttpg_category":"<a href=\"https:\/\/arantv.az\/?cat=1\" rel=\"category\">C\u0259miyy\u0259t<\/a>","rttpg_excerpt":"Sabah Milli M\u0259clisin \u0130nsan h\u00fcquqlar\u0131 komit\u0259sinin iclas\u0131nda yeni Ombudsman\u0131n se\u00e7ilm\u0259si m\u0259s\u0259l\u0259sin\u0259 bax\u0131lacaq. Bu bar\u0259d\u0259\u00a0Oxu.Az-a Komit\u0259nin \u00fczv\u00fc Tahir K\u0259rimli m\u0259lumat verib. Deputat bildirib ki, \u00fc\u00e7 xan\u0131m\u0131n namiz\u0259dliyi ir\u0259li s\u00fcr\u00fcl\u00fcb. T.K\u0259rimli bildirib ki, onlar Konstitusiya M\u0259hk\u0259m\u0259si, Ali M\u0259hk\u0259m\u0259 v\u0259 Bak\u0131 Apellyasiya M\u0259hk\u0259m\u0259sinin \u00fczvl\u0259ridir. H\u0259min namiz\u0259dl\u0259rd\u0259n biri Apellyasiya M\u0259hk\u0259m\u0259nin s\u0259drinin m\u00fcavini\u00a0K\u0259mal\u0259 Ab\u0131yevad\u0131r. Ombudsmanl\u0131\u011fa dig\u0259r namiz\u0259d is\u0259 Ali M\u0259hk\u0259m\u0259nin&hellip;","_links":{"self":[{"href":"https:\/\/arantv.az\/index.php?rest_route=\/wp\/v2\/posts\/99286"}],"collection":[{"href":"https:\/\/arantv.az\/index.php?rest_route=\/wp\/v2\/posts"}],"about":[{"href":"https:\/\/arantv.az\/index.php?rest_route=\/wp\/v2\/types\/post"}],"author":[{"embeddable":true,"href":"https:\/\/arantv.az\/index.php?rest_route=\/wp\/v2\/users\/2"}],"replies":[{"embeddable":true,"href":"https:\/\/arantv.az\/index.php?rest_route=%2Fwp%2Fv2%2Fcomments&post=99286"}],"version-history":[{"count":0,"href":"https:\/\/arantv.az\/index.php?rest_route=\/wp\/v2\/posts\/99286\/revisions"}],"wp:featuredmedia":[{"embeddable":true,"href":"https:\/\/arantv.az\/index.php?rest_route=\/wp\/v2\/media\/99287"}],"wp:attachment":[{"href":"https:\/\/arantv.az\/index.php?rest_route=%2Fwp%2Fv2%2Fmedia&parent=99286"}],"wp:term":[{"taxonomy":"category","embeddable":true,"href":"https:\/\/arantv.az\/index.php?rest_route=%2Fwp%2Fv2%2Fcategories&post=99286"},{"taxonomy":"post_tag","embeddable":true,"href":"https:\/\/arantv.az\/index.php?rest_route=%2Fwp%2Fv2%2Ftags&post=99286"}],"curies":[{"name":"wp","href":"https:\/\/api.w.org\/{rel}","templated":true}]}}