{"id":99294,"date":"2019-11-21T16:45:32","date_gmt":"2019-11-21T13:45:32","guid":{"rendered":"http:\/\/arantv.az\/?p=99294"},"modified":"2019-11-21T16:45:32","modified_gmt":"2019-11-21T13:45:32","slug":"masazirda-porsche-yandi-video","status":"publish","type":"post","link":"https:\/\/arantv.az\/?p=99294","title":{"rendered":"Masaz\u0131rda &#8220;Porsche&#8221; yand\u0131 &#8211; V\u0130DEO"},"content":{"rendered":"<div class=\"article_text\">\n<p><strong>Bu d\u0259qiq\u0259l\u0259rd\u0259 Ab\u015feron rayonu Masaz\u0131r q\u0259s\u0259b\u0259sind\u0259 avtomobil yanmas\u0131 hadis\u0259si qeyd\u0259 al\u0131n\u0131b.<\/strong><\/p>\n<p><strong>ARANTV.AZ<\/strong> avtosfer.az-a istinad\u0259n x\u0259b\u0259r verir ki, 90-PS-727 qeydiyyat ni\u015fanl\u0131 &#8220;Porsche&#8221; markal\u0131 avtomobild\u0259 ba\u015f ver\u0259n q\u0131saqapanma n\u0259tic\u0259sind\u0259 yan\u011f\u0131n hadis\u0259si ba\u015f verib.<br \/>\nD\u0259rhal \u0259raziy\u0259 F\u00f6vq\u0259lad\u0259 Hallar Nazirliyinin Yan\u011f\u0131nda M\u00fchafiz\u0259 Xidm\u0259tinin \u0259m\u0259kda\u015flar\u0131 c\u0259lb edil\u0259r\u0259k yan\u011f\u0131n\u0131n qar\u015f\u0131s\u0131n\u0131 alma\u011fa \u00e7al\u0131\u015f\u0131blar.<\/p>\n<p>&nbsp;<\/p>\n<p><iframe loading=\"lazy\" src=\"https:\/\/daytube.az\/embed\/89899\" width=\"670\" height=\"400\" frameborder=\"0\" allowfullscreen=\"allowfullscreen\" data-mce-fragment=\"1\"><\/iframe><\/p>\n<\/div>\n<div class=\"adv need-money\"><\/div>\n","protected":false},"excerpt":{"rendered":"<p>Bu d\u0259qiq\u0259l\u0259rd\u0259 Ab\u015feron rayonu Masaz\u0131r q\u0259s\u0259b\u0259sind\u0259 avtomobil yanmas\u0131 hadis\u0259si qeyd\u0259 al\u0131n\u0131b. ARANTV.AZ avtosfer.az-a istinad\u0259n x\u0259b\u0259r verir ki, 90-PS-727 qeydiyyat ni\u015fanl\u0131 &#8220;Porsche&#8221; markal\u0131 avtomobild\u0259 ba\u015f ver\u0259n q\u0131saqapanma n\u0259tic\u0259sind\u0259 yan\u011f\u0131n hadis\u0259si ba\u015f verib. D\u0259rhal \u0259raziy\u0259 F\u00f6vq\u0259lad\u0259 Hallar Nazirliyinin Yan\u011f\u0131nda M\u00fchafiz\u0259 Xidm\u0259tinin \u0259m\u0259kda\u015flar\u0131 c\u0259lb edil\u0259r\u0259k yan\u011f\u0131n\u0131n qar\u015f\u0131s\u0131n\u0131 alma\u011fa \u00e7al\u0131\u015f\u0131blar. &nbsp;<\/p>\n","protected":false},"author":2,"featured_media":99295,"comment_status":"closed","ping_status":"closed","sticky":false,"template":"","format":"standard","meta":{"om_disable_all_campaigns":false,"_monsterinsights_skip_tracking":false,"_monsterinsights_sitenote_active":false,"_monsterinsights_sitenote_note":"","_monsterinsights_sitenote_category":0},"categories":[5],"tags":[],"aioseo_notices":[],"gutentor_comment":0,"rttpg_featured_image_url":{"full":["https:\/\/arantv.az\/wp-content\/uploads\/2019\/11\/804072.jpg",800,600,false],"landscape":["https:\/\/arantv.az\/wp-content\/uploads\/2019\/11\/804072.jpg",800,600,false],"portraits":["https:\/\/arantv.az\/wp-content\/uploads\/2019\/11\/804072.jpg",800,600,false],"thumbnail":["https:\/\/arantv.az\/wp-content\/uploads\/2019\/11\/804072-150x150.jpg",150,150,true],"medium":["https:\/\/arantv.az\/wp-content\/uploads\/2019\/11\/804072-300x225.jpg",300,225,true],"large":["https:\/\/arantv.az\/wp-content\/uploads\/2019\/11\/804072.jpg",640,480,false],"1536x1536":["https:\/\/arantv.az\/wp-content\/uploads\/2019\/11\/804072.jpg",800,600,false],"2048x2048":["https:\/\/arantv.az\/wp-content\/uploads\/2019\/11\/804072.jpg",800,600,false],"post-thumbnail":["https:\/\/arantv.az\/wp-content\/uploads\/2019\/11\/804072-240x172.jpg",240,172,true],"advps-thumb-one":["https:\/\/arantv.az\/wp-content\/uploads\/2019\/11\/804072.jpg",800,600,false]},"rttpg_author":{"display_name":"V\u00fcsal Rafiqo\u011flu","author_link":"https:\/\/arantv.az\/?author=2"},"rttpg_comment":0,"rttpg_category":"<a href=\"https:\/\/arantv.az\/?cat=5\" rel=\"category\">Hadis\u0259<\/a>","rttpg_excerpt":"Bu d\u0259qiq\u0259l\u0259rd\u0259 Ab\u015feron rayonu Masaz\u0131r q\u0259s\u0259b\u0259sind\u0259 avtomobil yanmas\u0131 hadis\u0259si qeyd\u0259 al\u0131n\u0131b. ARANTV.AZ avtosfer.az-a istinad\u0259n x\u0259b\u0259r verir ki, 90-PS-727 qeydiyyat ni\u015fanl\u0131 &#8220;Porsche&#8221; markal\u0131 avtomobild\u0259 ba\u015f ver\u0259n q\u0131saqapanma n\u0259tic\u0259sind\u0259 yan\u011f\u0131n hadis\u0259si ba\u015f verib. D\u0259rhal \u0259raziy\u0259 F\u00f6vq\u0259lad\u0259 Hallar Nazirliyinin Yan\u011f\u0131nda M\u00fchafiz\u0259 Xidm\u0259tinin \u0259m\u0259kda\u015flar\u0131 c\u0259lb edil\u0259r\u0259k yan\u011f\u0131n\u0131n qar\u015f\u0131s\u0131n\u0131 alma\u011fa \u00e7al\u0131\u015f\u0131blar. &nbsp;","_links":{"self":[{"href":"https:\/\/arantv.az\/index.php?rest_route=\/wp\/v2\/posts\/99294"}],"collection":[{"href":"https:\/\/arantv.az\/index.php?rest_route=\/wp\/v2\/posts"}],"about":[{"href":"https:\/\/arantv.az\/index.php?rest_route=\/wp\/v2\/types\/post"}],"author":[{"embeddable":true,"href":"https:\/\/arantv.az\/index.php?rest_route=\/wp\/v2\/users\/2"}],"replies":[{"embeddable":true,"href":"https:\/\/arantv.az\/index.php?rest_route=%2Fwp%2Fv2%2Fcomments&post=99294"}],"version-history":[{"count":0,"href":"https:\/\/arantv.az\/index.php?rest_route=\/wp\/v2\/posts\/99294\/revisions"}],"wp:featuredmedia":[{"embeddable":true,"href":"https:\/\/arantv.az\/index.php?rest_route=\/wp\/v2\/media\/99295"}],"wp:attachment":[{"href":"https:\/\/arantv.az\/index.php?rest_route=%2Fwp%2Fv2%2Fmedia&parent=99294"}],"wp:term":[{"taxonomy":"category","embeddable":true,"href":"https:\/\/arantv.az\/index.php?rest_route=%2Fwp%2Fv2%2Fcategories&post=99294"},{"taxonomy":"post_tag","embeddable":true,"href":"https:\/\/arantv.az\/index.php?rest_route=%2Fwp%2Fv2%2Ftags&post=99294"}],"curies":[{"name":"wp","href":"https:\/\/api.w.org\/{rel}","templated":true}]}}