{"id":99302,"date":"2019-11-21T16:47:42","date_gmt":"2019-11-21T13:47:42","guid":{"rendered":"http:\/\/arantv.az\/?p=99302"},"modified":"2019-11-21T16:47:42","modified_gmt":"2019-11-21T13:47:42","slug":"21-noyabr-dunya-f%c9%99ls%c9%99f%c9%99-gunudur","status":"publish","type":"post","link":"https:\/\/arantv.az\/?p=99302","title":{"rendered":"21 noyabr &#8211; D\u00fcnya F\u0259ls\u0259f\u0259 G\u00fcn\u00fcd\u00fcr"},"content":{"rendered":"<p><strong>D\u00fcnya F\u0259ls\u0259f\u0259 G\u00fcn\u00fc UNESCO-nun t\u0259\u015f\u0259bb\u00fcs\u00fc il\u0259 2002-ci ild\u0259 t\u0259sis edilib. Trend-in m\u0259lumat\u0131na g\u00f6r\u0259, bu g\u00fcn\u00fcn m\u0259qs\u0259di insanlar\u0131 f\u0259ls\u0259fi irsl\u0259 tan\u0131\u015f etm\u0259k, g\u00fcnd\u0259lik d\u00fc\u015f\u00fcnc\u0259l\u0259r\u0259 yeni fikirl\u0259r g\u0259tirm\u0259k v\u0259 c\u0259miyy\u0259tin \u00fczl\u0259\u015fdiyi probleml\u0259r bar\u0259d\u0259 ziyal\u0131lar v\u0259 v\u0259t\u0259nda\u015f c\u0259miyy\u0259ti aras\u0131nda ictimai m\u00fczakir\u0259l\u0259ri stimulla\u015fd\u0131rmaqd\u0131r.<\/strong><\/p>\n<p><strong>ARANTV.AZ<\/strong>\u00a0<a href=\"http:\/\/az.trend.az\/\" target=\"_blank\" rel=\"noopener\">Trend<\/a>-\u0259 istinad\u0259n bildirir ki, D\u00fcnya F\u0259ls\u0259f\u0259 G\u00fcn\u00fc 2019-cu ild\u0259 m\u00fcxt\u0259lif regional kontekstl\u0259rd\u0259 f\u0259ls\u0259f\u0259nin \u0259h\u0259miyy\u0259tini vur\u011fulama\u011f\u0131 h\u0259d\u0259fl\u0259yir. M\u0259qs\u0259d sosial d\u0259yi\u015fiklikl\u0259ri d\u0259st\u0259kl\u0259y\u0259n m\u00fcasir \u00e7a\u011f\u0131r\u0131\u015flarla ba\u011fl\u0131 qlobal debatlara regional t\u00f6hf\u0259l\u0259r verm\u0259kdir.<\/p>\n<p>UNESKO-nun Ba\u015f direktoru Odre Azule D\u00fcnya F\u0259ls\u0259f\u0259 G\u00fcn\u00fc il\u0259 \u0259laq\u0259dar d\u00fcnya ictimaiyy\u0259tin\u0259 m\u00fcraci\u0259t \u00fcnvanlay\u0131b. M\u00fcraci\u0259td\u0259 qeyd olunur ki, f\u0259ls\u0259f\u0259 d\u00fcnyaya v\u0259 varl\u0131\u011f\u0131m\u0131za t\u0259\u0259cc\u00fcbd\u0259n do\u011fulur. F\u0259ls\u0259f\u0259nin t\u0259rifl\u0259ri aras\u0131nda \u0259n diqq\u0259t\u00e7\u0259k\u0259nl\u0259rind\u0259n biri Artur \u015eopenhauerin &#8220;D\u00fcnya irad\u0259 v\u0259 t\u0259s\u0259vv\u00fcr kimi&#8221; \u0259s\u0259rind\u0259 verilib. \u018fs\u0259rd\u0259 f\u0259ls\u0259f\u0259 d\u00fcnyan\u0131n s\u00fcbut kimi q\u0259bul edilm\u0259diyi, lakin bilinm\u0259y\u0259n bir \u015fey kimi veril\u0259n suallar\u0131n \u0259b\u0259di bir t\u0259qdimat\u0131d\u0131r. \u0130nanclara meydan oxuyan f\u0259ls\u0259f\u0259 bu d\u00fcnyan\u0131 b\u00fct\u00fcn z\u0259nginliyi v\u0259 m\u00fcr\u0259kk\u0259bliyi il\u0259 d\u0259rk etm\u0259yi t\u0259klif edir. Bu t\u0259\u0259cc\u00fcbl\u0259ndirm\u0259k bacar\u0131\u011f\u0131 3000 il \u0259vv\u0259l \u00c7in, Orta \u015e\u0259rq v\u0259 Q\u0259dim Yunan\u0131standa yaranan minillik \u0259n\u0259n\u0259sin\u0259 qay\u0131d\u0131r. H\u0259tta minillikl\u0259r ke\u00e7m\u0259sin\u0259 baxmayaraq f\u0259ls\u0259fi suallar \u00f6z aktuall\u0131\u011f\u0131n\u0131 itirm\u0259yib.<\/p>\n<p>M\u00fcraci\u0259td\u0259 vur\u011fulan\u0131r ki, f\u0259ls\u0259f\u0259 d\u0259yi\u015fiklik haqq\u0131nda d\u00fc\u015f\u00fcnm\u0259k \u00fc\u00e7\u00fcn d\u0259y\u0259rli bir vasit\u0259dir, eyni zamanda, dialoq v\u0259 d\u00f6z\u00fcml\u00fcl\u00fck \u00fc\u00e7\u00fcn qap\u0131 a\u00e7\u0131r. B\u00fct\u00fcn bu s\u0259b\u0259bl\u0259r\u0259 g\u00f6r\u0259 UNESKO h\u0259mi\u015f\u0259 f\u0259ls\u0259f\u0259nin dostu olub.<\/p>\n<div>\n<div id=\"AdviadNativeVideo0\" class=\"AdviadNativeVideo\"><\/div>\n<\/div>\n<p>UNESCO-nun ba\u015f direktorunun m\u00fcraci\u0259tinin geni\u015f m\u0259tni il\u0259 bu t\u0259\u015fkilat\u0131n sayt\u0131nda tan\u0131\u015f olmaq m\u00fcmk\u00fcnd\u00fcr.<\/p>\n<p>Az\u0259rbaycan d\u00fcnya elmin\u0259 b\u00f6y\u00fck t\u00f6hf\u0259l\u0259r b\u0259x\u015f ed\u0259n \u00f6lk\u0259l\u0259r s\u0131ras\u0131ndad\u0131r. Az\u0259rbaycanda f\u0259ls\u0259fi fikrin inki\u015faf\u0131n\u0131 izl\u0259m\u0259k \u00fc\u00e7\u00fcn ke\u00e7mi\u015fin m\u00fch\u00fcm yaz\u0131l\u0131 abid\u0259l\u0259ri &#8211; Avesta, p\u0259hl\u0259vi m\u0259tnl\u0259ri, q\u0259dim yunan filosoflar\u0131 v\u0259 tarix\u00e7il\u0259rinin \u0259s\u0259rl\u0259ri, orta \u0259srl\u0259rin yaz\u0131l\u0131 abid\u0259l\u0259ri, \u00f6lk\u0259 \u0259razisind\u0259ki arxeoloji qaz\u0131nt\u0131lar\u0131n materiallar\u0131, dil v\u0259 \u015fifahi \u0259d\u0259biyyat tarixinin t\u0259dqiqi v\u0259 s. ara\u015fd\u0131rmalar geni\u015f imkanlar yarad\u0131r. Bu g\u00fcn Az\u0259rbaycan elmi-f\u0259ls\u0259fi fikrinin d\u00fcnya elmin\u0259 inteqrasiyas\u0131 qar\u015f\u0131da duran \u0259n aktual v\u0259zif\u0259l\u0259rd\u0259n biridir.<\/p>\n","protected":false},"excerpt":{"rendered":"<p>D\u00fcnya F\u0259ls\u0259f\u0259 G\u00fcn\u00fc UNESCO-nun t\u0259\u015f\u0259bb\u00fcs\u00fc il\u0259 2002-ci ild\u0259 t\u0259sis edilib. Trend-in m\u0259lumat\u0131na g\u00f6r\u0259, bu g\u00fcn\u00fcn m\u0259qs\u0259di insanlar\u0131 f\u0259ls\u0259fi irsl\u0259 tan\u0131\u015f etm\u0259k, g\u00fcnd\u0259lik d\u00fc\u015f\u00fcnc\u0259l\u0259r\u0259 yeni fikirl\u0259r g\u0259tirm\u0259k v\u0259 c\u0259miyy\u0259tin \u00fczl\u0259\u015fdiyi probleml\u0259r bar\u0259d\u0259 ziyal\u0131lar v\u0259 v\u0259t\u0259nda\u015f c\u0259miyy\u0259ti aras\u0131nda ictimai m\u00fczakir\u0259l\u0259ri stimulla\u015fd\u0131rmaqd\u0131r. ARANTV.AZ\u00a0Trend-\u0259 istinad\u0259n bildirir ki, D\u00fcnya F\u0259ls\u0259f\u0259 G\u00fcn\u00fc 2019-cu ild\u0259 m\u00fcxt\u0259lif regional kontekstl\u0259rd\u0259 f\u0259ls\u0259f\u0259nin \u0259h\u0259miyy\u0259tini vur\u011fulama\u011f\u0131 h\u0259d\u0259fl\u0259yir. M\u0259qs\u0259d sosial d\u0259yi\u015fiklikl\u0259ri d\u0259st\u0259kl\u0259y\u0259n m\u00fcasir \u00e7a\u011f\u0131r\u0131\u015flarla ba\u011fl\u0131 qlobal debatlara regional t\u00f6hf\u0259l\u0259r verm\u0259kdir. UNESKO-nun Ba\u015f direktoru Odre Azule D\u00fcnya F\u0259ls\u0259f\u0259 G\u00fcn\u00fc il\u0259 \u0259laq\u0259dar d\u00fcnya ictimaiyy\u0259tin\u0259 m\u00fcraci\u0259t \u00fcnvanlay\u0131b. M\u00fcraci\u0259td\u0259 qeyd olunur ki, f\u0259ls\u0259f\u0259 d\u00fcnyaya v\u0259 varl\u0131\u011f\u0131m\u0131za t\u0259\u0259cc\u00fcbd\u0259n&hellip;<\/p>\n","protected":false},"author":2,"featured_media":99303,"comment_status":"closed","ping_status":"closed","sticky":false,"template":"","format":"standard","meta":{"om_disable_all_campaigns":false,"_monsterinsights_skip_tracking":false,"_monsterinsights_sitenote_active":false,"_monsterinsights_sitenote_note":"","_monsterinsights_sitenote_category":0},"categories":[1],"tags":[],"aioseo_notices":[],"gutentor_comment":0,"rttpg_featured_image_url":{"full":["https:\/\/arantv.az\/wp-content\/uploads\/2019\/11\/804130.jpg",800,600,false],"landscape":["https:\/\/arantv.az\/wp-content\/uploads\/2019\/11\/804130.jpg",800,600,false],"portraits":["https:\/\/arantv.az\/wp-content\/uploads\/2019\/11\/804130.jpg",800,600,false],"thumbnail":["https:\/\/arantv.az\/wp-content\/uploads\/2019\/11\/804130-150x150.jpg",150,150,true],"medium":["https:\/\/arantv.az\/wp-content\/uploads\/2019\/11\/804130-300x225.jpg",300,225,true],"large":["https:\/\/arantv.az\/wp-content\/uploads\/2019\/11\/804130.jpg",640,480,false],"1536x1536":["https:\/\/arantv.az\/wp-content\/uploads\/2019\/11\/804130.jpg",800,600,false],"2048x2048":["https:\/\/arantv.az\/wp-content\/uploads\/2019\/11\/804130.jpg",800,600,false],"post-thumbnail":["https:\/\/arantv.az\/wp-content\/uploads\/2019\/11\/804130-240x172.jpg",240,172,true],"advps-thumb-one":["https:\/\/arantv.az\/wp-content\/uploads\/2019\/11\/804130.jpg",800,600,false]},"rttpg_author":{"display_name":"V\u00fcsal Rafiqo\u011flu","author_link":"https:\/\/arantv.az\/?author=2"},"rttpg_comment":0,"rttpg_category":"<a href=\"https:\/\/arantv.az\/?cat=1\" rel=\"category\">C\u0259miyy\u0259t<\/a>","rttpg_excerpt":"D\u00fcnya F\u0259ls\u0259f\u0259 G\u00fcn\u00fc UNESCO-nun t\u0259\u015f\u0259bb\u00fcs\u00fc il\u0259 2002-ci ild\u0259 t\u0259sis edilib. Trend-in m\u0259lumat\u0131na g\u00f6r\u0259, bu g\u00fcn\u00fcn m\u0259qs\u0259di insanlar\u0131 f\u0259ls\u0259fi irsl\u0259 tan\u0131\u015f etm\u0259k, g\u00fcnd\u0259lik d\u00fc\u015f\u00fcnc\u0259l\u0259r\u0259 yeni fikirl\u0259r g\u0259tirm\u0259k v\u0259 c\u0259miyy\u0259tin \u00fczl\u0259\u015fdiyi probleml\u0259r bar\u0259d\u0259 ziyal\u0131lar v\u0259 v\u0259t\u0259nda\u015f c\u0259miyy\u0259ti aras\u0131nda ictimai m\u00fczakir\u0259l\u0259ri stimulla\u015fd\u0131rmaqd\u0131r. ARANTV.AZ\u00a0Trend-\u0259 istinad\u0259n bildirir ki, D\u00fcnya F\u0259ls\u0259f\u0259 G\u00fcn\u00fc 2019-cu ild\u0259 m\u00fcxt\u0259lif regional kontekstl\u0259rd\u0259 f\u0259ls\u0259f\u0259nin \u0259h\u0259miyy\u0259tini vur\u011fulama\u011f\u0131 h\u0259d\u0259fl\u0259yir.&hellip;","_links":{"self":[{"href":"https:\/\/arantv.az\/index.php?rest_route=\/wp\/v2\/posts\/99302"}],"collection":[{"href":"https:\/\/arantv.az\/index.php?rest_route=\/wp\/v2\/posts"}],"about":[{"href":"https:\/\/arantv.az\/index.php?rest_route=\/wp\/v2\/types\/post"}],"author":[{"embeddable":true,"href":"https:\/\/arantv.az\/index.php?rest_route=\/wp\/v2\/users\/2"}],"replies":[{"embeddable":true,"href":"https:\/\/arantv.az\/index.php?rest_route=%2Fwp%2Fv2%2Fcomments&post=99302"}],"version-history":[{"count":0,"href":"https:\/\/arantv.az\/index.php?rest_route=\/wp\/v2\/posts\/99302\/revisions"}],"wp:featuredmedia":[{"embeddable":true,"href":"https:\/\/arantv.az\/index.php?rest_route=\/wp\/v2\/media\/99303"}],"wp:attachment":[{"href":"https:\/\/arantv.az\/index.php?rest_route=%2Fwp%2Fv2%2Fmedia&parent=99302"}],"wp:term":[{"taxonomy":"category","embeddable":true,"href":"https:\/\/arantv.az\/index.php?rest_route=%2Fwp%2Fv2%2Fcategories&post=99302"},{"taxonomy":"post_tag","embeddable":true,"href":"https:\/\/arantv.az\/index.php?rest_route=%2Fwp%2Fv2%2Ftags&post=99302"}],"curies":[{"name":"wp","href":"https:\/\/api.w.org\/{rel}","templated":true}]}}