{"id":99318,"date":"2019-11-21T16:56:45","date_gmt":"2019-11-21T13:56:45","guid":{"rendered":"http:\/\/arantv.az\/?p=99318"},"modified":"2019-11-21T16:56:45","modified_gmt":"2019-11-21T13:56:45","slug":"zaxarova-dagliq-qarabag-munaqis%c9%99si-uzr%c9%99-danisiqlar-formatini-t%c9%99r%c9%99fl%c9%99r-mu%c9%99yy%c9%99nl%c9%99sdirm%c9%99lidir","status":"publish","type":"post","link":"https:\/\/arantv.az\/?p=99318","title":{"rendered":"Zaxarova: &#8220;Da\u011fl\u0131q Qaraba\u011f m\u00fcnaqi\u015f\u0259si \u00fczr\u0259 dan\u0131\u015f\u0131qlar format\u0131n\u0131 t\u0259r\u0259fl\u0259r m\u00fc\u0259yy\u0259nl\u0259\u015fdirm\u0259lidir&#8221;"},"content":{"rendered":"<blockquote><p><em><strong>Da\u011fl\u0131q Qaraba\u011f m\u00fcnaqi\u015f\u0259si \u00fczr\u0259 dan\u0131\u015f\u0131qlar format\u0131n\u0131 t\u0259r\u0259fl\u0259r m\u00fc\u0259yy\u0259nl\u0259\u015fdirm\u0259lidir.<\/strong><\/em><\/p><\/blockquote>\n<p><strong>ARANTV.AZ<\/strong>\u00a0<a href=\"https:\/\/az.trend.az\/\" target=\"_blank\" rel=\"noopener\">Trend<\/a>-\u0259 istinad\u0259n x\u0259b\u0259r verir ki, bunu Rusiya Xarici \u0130\u015fl\u0259r Nazirliyinin r\u0259smi n\u00fcmay\u0259nd\u0259si Mariya Zaxarova brifinq zaman\u0131 deyib.<\/p>\n<p>Onun s\u00f6zl\u0259rin\u0259 g\u00f6r\u0259, AT\u018fT Minsk qrupunun h\u0259ms\u0259dr \u00f6lk\u0259l\u0259rinin b\u0259yanatlar\u0131nda d\u0259f\u0259l\u0259rl\u0259 vur\u011fulan\u0131b ki, Da\u011fl\u0131q Qaraba\u011f m\u00fcnaqi\u015f\u0259sinin s\u00fclh yolu il\u0259 nizamlanmas\u0131 plan\u0131 b\u00fct\u00fcn qa\u00e7q\u0131n v\u0259 m\u0259cburi k\u00f6\u00e7k\u00fcnl\u0259rin \u0259vv\u0259lki ya\u015fay\u0131\u015f yerin\u0259 qay\u0131tmaq h\u00fcququnu n\u0259z\u0259rd\u0259 tutmal\u0131d\u0131r:<\/p>\n<p>&#8220;Dan\u0131\u015f\u0131qlar format\u0131na g\u0259ldikd\u0259 is\u0259, bu sual t\u0259r\u0259fl\u0259r\u0259 y\u00f6n\u0259ldilm\u0259lidir, onlar i\u015ftirak\u00e7\u0131lar\u0131n t\u0259rkibini m\u00fc\u0259yy\u0259nl\u0259\u015fdirm\u0259li v\u0259 raz\u0131la\u015fd\u0131rmal\u0131d\u0131r. Bildiyiniz kimi, indi dan\u0131\u015f\u0131qlar prosesi Az\u0259rbaycan v\u0259 Erm\u0259nistan r\u0259hb\u0259rlikl\u0259ri s\u0259viyy\u0259sind\u0259dir v\u0259 iki paytaxt, iki d\u00f6vl\u0259t aras\u0131nda m\u00fcvafiq raz\u0131la\u015fmalar v\u0259 ya h\u0259r hans\u0131 bir raz\u0131la\u015fma \u0259ld\u0259 olunsa, biz \u00f6z t\u0259r\u0259fimizd\u0259n bu raz\u0131la\u015fmalar\u0131 d\u0259st\u0259kl\u0259y\u0259c\u0259yik. T\u0259krar edir\u0259m, iki d\u00f6vl\u0259t aras\u0131nda raz\u0131la\u015fmalar\u0131&#8221;.<\/p>\n<p>1988-ci ild\u0259 Erm\u0259nistan Az\u0259rbaycana qar\u015f\u0131 \u0259razi iddialar\u0131na ba\u015flad\u0131. Bir m\u00fcdd\u0259t sonra is\u0259 Erm\u0259nistan t\u0259r\u0259find\u0259n Az\u0259rbaycan \u0259razil\u0259rin\u0259 h\u0259rbi t\u0259cav\u00fcz ba\u015fland\u0131. Da\u011fl\u0131q Qaraba\u011f v\u0259 \u0259traf 7 rayon &#8211; Az\u0259rbaycan \u0259razisinin 20 faizi &#8211; Erm\u0259nistan silahl\u0131 q\u00fcvv\u0259l\u0259ri t\u0259r\u0259find\u0259n i\u015f\u011fal olundu. Bu i\u015f\u011fal fakt\u0131 h\u0259l\u0259 d\u0259 davam edir.<\/p>\n<p>1994-c\u00fc ilin may\u0131nda t\u0259r\u0259fl\u0259r at\u0259\u015fk\u0259s rejimin\u0259 nail olublar. O d\u00f6vrd\u0259n bu g\u00fcn\u0259 kimi AT\u018fT-in Minsk qrupunun himay\u0259sind\u0259 &#8211; Rusiya, Fransa v\u0259 AB\u015e-\u0131n h\u0259ms\u0259drliyi il\u0259 n\u0259tic\u0259siz s\u00fclh dan\u0131\u015f\u0131qlar\u0131 davam edir. \u0130\u015f\u011fal olunmu\u015f Da\u011fl\u0131q Qaraba\u011f v\u0259 \u0259traf rayonlar\u0131n azad edilm\u0259si haqq\u0131nda BMT T\u0259hl\u00fck\u0259sizlik \u015euras\u0131n\u0131n q\u0259bul etdiyi d\u00f6rd q\u0259tnam\u0259 is\u0259 Erm\u0259nistan t\u0259r\u0259find\u0259n bu g\u00fcn\u0259d\u0259k icra olunmay\u0131b.<\/p>\n","protected":false},"excerpt":{"rendered":"<p>Da\u011fl\u0131q Qaraba\u011f m\u00fcnaqi\u015f\u0259si \u00fczr\u0259 dan\u0131\u015f\u0131qlar format\u0131n\u0131 t\u0259r\u0259fl\u0259r m\u00fc\u0259yy\u0259nl\u0259\u015fdirm\u0259lidir. ARANTV.AZ\u00a0Trend-\u0259 istinad\u0259n x\u0259b\u0259r verir ki, bunu Rusiya Xarici \u0130\u015fl\u0259r Nazirliyinin r\u0259smi n\u00fcmay\u0259nd\u0259si Mariya Zaxarova brifinq zaman\u0131 deyib. Onun s\u00f6zl\u0259rin\u0259 g\u00f6r\u0259, AT\u018fT Minsk qrupunun h\u0259ms\u0259dr \u00f6lk\u0259l\u0259rinin b\u0259yanatlar\u0131nda d\u0259f\u0259l\u0259rl\u0259 vur\u011fulan\u0131b ki, Da\u011fl\u0131q Qaraba\u011f m\u00fcnaqi\u015f\u0259sinin s\u00fclh yolu il\u0259 nizamlanmas\u0131 plan\u0131 b\u00fct\u00fcn qa\u00e7q\u0131n v\u0259 m\u0259cburi k\u00f6\u00e7k\u00fcnl\u0259rin \u0259vv\u0259lki ya\u015fay\u0131\u015f yerin\u0259 qay\u0131tmaq h\u00fcququnu n\u0259z\u0259rd\u0259 tutmal\u0131d\u0131r: &#8220;Dan\u0131\u015f\u0131qlar format\u0131na g\u0259ldikd\u0259 is\u0259, bu sual t\u0259r\u0259fl\u0259r\u0259 y\u00f6n\u0259ldilm\u0259lidir, onlar i\u015ftirak\u00e7\u0131lar\u0131n t\u0259rkibini m\u00fc\u0259yy\u0259nl\u0259\u015fdirm\u0259li v\u0259 raz\u0131la\u015fd\u0131rmal\u0131d\u0131r. Bildiyiniz kimi, indi dan\u0131\u015f\u0131qlar prosesi Az\u0259rbaycan v\u0259 Erm\u0259nistan r\u0259hb\u0259rlikl\u0259ri s\u0259viyy\u0259sind\u0259dir v\u0259 iki paytaxt, iki d\u00f6vl\u0259t aras\u0131nda m\u00fcvafiq raz\u0131la\u015fmalar v\u0259&hellip;<\/p>\n","protected":false},"author":2,"featured_media":94181,"comment_status":"closed","ping_status":"closed","sticky":false,"template":"","format":"standard","meta":{"om_disable_all_campaigns":false,"_monsterinsights_skip_tracking":false,"_monsterinsights_sitenote_active":false,"_monsterinsights_sitenote_note":"","_monsterinsights_sitenote_category":0},"categories":[4],"tags":[],"aioseo_notices":[],"gutentor_comment":0,"rttpg_featured_image_url":{"full":["https:\/\/arantv.az\/wp-content\/uploads\/2019\/11\/mariya_zaxarova_012.jpg",800,600,false],"landscape":["https:\/\/arantv.az\/wp-content\/uploads\/2019\/11\/mariya_zaxarova_012.jpg",800,600,false],"portraits":["https:\/\/arantv.az\/wp-content\/uploads\/2019\/11\/mariya_zaxarova_012.jpg",800,600,false],"thumbnail":["https:\/\/arantv.az\/wp-content\/uploads\/2019\/11\/mariya_zaxarova_012-150x150.jpg",150,150,true],"medium":["https:\/\/arantv.az\/wp-content\/uploads\/2019\/11\/mariya_zaxarova_012-300x225.jpg",300,225,true],"large":["https:\/\/arantv.az\/wp-content\/uploads\/2019\/11\/mariya_zaxarova_012.jpg",640,480,false],"1536x1536":["https:\/\/arantv.az\/wp-content\/uploads\/2019\/11\/mariya_zaxarova_012.jpg",800,600,false],"2048x2048":["https:\/\/arantv.az\/wp-content\/uploads\/2019\/11\/mariya_zaxarova_012.jpg",800,600,false],"post-thumbnail":["https:\/\/arantv.az\/wp-content\/uploads\/2019\/11\/mariya_zaxarova_012-240x172.jpg",240,172,true],"advps-thumb-one":["https:\/\/arantv.az\/wp-content\/uploads\/2019\/11\/mariya_zaxarova_012.jpg",800,600,false]},"rttpg_author":{"display_name":"V\u00fcsal Rafiqo\u011flu","author_link":"https:\/\/arantv.az\/?author=2"},"rttpg_comment":0,"rttpg_category":"<a href=\"https:\/\/arantv.az\/?cat=4\" rel=\"category\">Siyas\u0259t<\/a>","rttpg_excerpt":"Da\u011fl\u0131q Qaraba\u011f m\u00fcnaqi\u015f\u0259si \u00fczr\u0259 dan\u0131\u015f\u0131qlar format\u0131n\u0131 t\u0259r\u0259fl\u0259r m\u00fc\u0259yy\u0259nl\u0259\u015fdirm\u0259lidir. ARANTV.AZ\u00a0Trend-\u0259 istinad\u0259n x\u0259b\u0259r verir ki, bunu Rusiya Xarici \u0130\u015fl\u0259r Nazirliyinin r\u0259smi n\u00fcmay\u0259nd\u0259si Mariya Zaxarova brifinq zaman\u0131 deyib. Onun s\u00f6zl\u0259rin\u0259 g\u00f6r\u0259, AT\u018fT Minsk qrupunun h\u0259ms\u0259dr \u00f6lk\u0259l\u0259rinin b\u0259yanatlar\u0131nda d\u0259f\u0259l\u0259rl\u0259 vur\u011fulan\u0131b ki, Da\u011fl\u0131q Qaraba\u011f m\u00fcnaqi\u015f\u0259sinin s\u00fclh yolu il\u0259 nizamlanmas\u0131 plan\u0131 b\u00fct\u00fcn qa\u00e7q\u0131n v\u0259 m\u0259cburi k\u00f6\u00e7k\u00fcnl\u0259rin \u0259vv\u0259lki ya\u015fay\u0131\u015f yerin\u0259 qay\u0131tmaq h\u00fcququnu&hellip;","_links":{"self":[{"href":"https:\/\/arantv.az\/index.php?rest_route=\/wp\/v2\/posts\/99318"}],"collection":[{"href":"https:\/\/arantv.az\/index.php?rest_route=\/wp\/v2\/posts"}],"about":[{"href":"https:\/\/arantv.az\/index.php?rest_route=\/wp\/v2\/types\/post"}],"author":[{"embeddable":true,"href":"https:\/\/arantv.az\/index.php?rest_route=\/wp\/v2\/users\/2"}],"replies":[{"embeddable":true,"href":"https:\/\/arantv.az\/index.php?rest_route=%2Fwp%2Fv2%2Fcomments&post=99318"}],"version-history":[{"count":0,"href":"https:\/\/arantv.az\/index.php?rest_route=\/wp\/v2\/posts\/99318\/revisions"}],"wp:featuredmedia":[{"embeddable":true,"href":"https:\/\/arantv.az\/index.php?rest_route=\/wp\/v2\/media\/94181"}],"wp:attachment":[{"href":"https:\/\/arantv.az\/index.php?rest_route=%2Fwp%2Fv2%2Fmedia&parent=99318"}],"wp:term":[{"taxonomy":"category","embeddable":true,"href":"https:\/\/arantv.az\/index.php?rest_route=%2Fwp%2Fv2%2Fcategories&post=99318"},{"taxonomy":"post_tag","embeddable":true,"href":"https:\/\/arantv.az\/index.php?rest_route=%2Fwp%2Fv2%2Ftags&post=99318"}],"curies":[{"name":"wp","href":"https:\/\/api.w.org\/{rel}","templated":true}]}}