{"id":99333,"date":"2019-11-21T17:08:48","date_gmt":"2019-11-21T14:08:48","guid":{"rendered":"http:\/\/arantv.az\/?p=99333"},"modified":"2019-11-21T17:08:48","modified_gmt":"2019-11-21T14:08:48","slug":"az%c9%99rbaycanda-ombudsman-d%c9%99yisir-3-n%c9%99f%c9%99rin-namiz%c9%99dliyi-ir%c9%99li-surulub-siyahi","status":"publish","type":"post","link":"https:\/\/arantv.az\/?p=99333","title":{"rendered":"Az\u0259rbaycanda Ombudsman d\u0259yi\u015fir, 3 n\u0259f\u0259rin namiz\u0259dliyi ir\u0259li s\u00fcr\u00fcl\u00fcb &#8211; S\u0130YAHI"},"content":{"rendered":"<p>Sabah Milli M\u0259clisin \u0130nsan h\u00fcquqlar\u0131 komit\u0259sinin iclas\u0131 ke\u00e7iril\u0259c\u0259k.<\/p>\n<p><strong>ARANTV.AZ<\/strong>\u00a0 APA-ya istinad\u0259n bildirir ki, iclasda Az\u0259rbaycan\u0131n \u0130nsan H\u00fcquqlar\u0131 \u00fczr\u0259 M\u00fcv\u0259kkili (Ombudsman) v\u0259zif\u0259sin\u0259 namiz\u0259dl\u0259rl\u0259 ba\u011fl\u0131 m\u0259s\u0259l\u0259 m\u00fczakir\u0259 olunacaq.<\/p>\n<p>Prezident \u0130lham \u018fliyev Ombudsman v\u0259zif\u0259sin\u0259 3 n\u0259f\u0259rin namiz\u0259dliyini ir\u0259li s\u00fcr\u00fcb.<br \/>\nNamiz\u0259dl\u0259r Bak\u0131 Apellyasiya M\u0259hk\u0259m\u0259sinin s\u0259dr m\u00fcavini K\u0259mal\u0259 Abiyeva, Ali M\u0259hk\u0259m\u0259nin \u0130nsan H\u00fcquqlar\u0131 v\u0259 \u0130ctimaiyy\u0259tl\u0259 \u018flaq\u0259l\u0259r \u015e\u00f6b\u0259sinin m\u00fcdiri K\u0259mal\u0259 \u018fliyeva v\u0259 Konstitusiya M\u0259hk\u0259m\u0259si Aparat r\u0259hb\u0259rinin m\u00fcavini S\u0259bin\u0259 \u018fliyevad\u0131r.<\/p>\n<p>Haz\u0131rda Az\u0259rbaycan\u0131n \u0130nsan H\u00fcquqlar\u0131 \u00fczr\u0259 M\u00fcv\u0259kkili Elmira S\u00fcleymanovad\u0131r.<\/p>\n","protected":false},"excerpt":{"rendered":"<p>Sabah Milli M\u0259clisin \u0130nsan h\u00fcquqlar\u0131 komit\u0259sinin iclas\u0131 ke\u00e7iril\u0259c\u0259k. ARANTV.AZ\u00a0 APA-ya istinad\u0259n bildirir ki, iclasda Az\u0259rbaycan\u0131n \u0130nsan H\u00fcquqlar\u0131 \u00fczr\u0259 M\u00fcv\u0259kkili (Ombudsman) v\u0259zif\u0259sin\u0259 namiz\u0259dl\u0259rl\u0259 ba\u011fl\u0131 m\u0259s\u0259l\u0259 m\u00fczakir\u0259 olunacaq. Prezident \u0130lham \u018fliyev Ombudsman v\u0259zif\u0259sin\u0259 3 n\u0259f\u0259rin namiz\u0259dliyini ir\u0259li s\u00fcr\u00fcb. Namiz\u0259dl\u0259r Bak\u0131 Apellyasiya M\u0259hk\u0259m\u0259sinin s\u0259dr m\u00fcavini K\u0259mal\u0259 Abiyeva, Ali M\u0259hk\u0259m\u0259nin \u0130nsan H\u00fcquqlar\u0131 v\u0259 \u0130ctimaiyy\u0259tl\u0259 \u018flaq\u0259l\u0259r \u015e\u00f6b\u0259sinin m\u00fcdiri K\u0259mal\u0259 \u018fliyeva v\u0259 Konstitusiya M\u0259hk\u0259m\u0259si Aparat r\u0259hb\u0259rinin m\u00fcavini S\u0259bin\u0259 \u018fliyevad\u0131r. Haz\u0131rda Az\u0259rbaycan\u0131n \u0130nsan H\u00fcquqlar\u0131 \u00fczr\u0259 M\u00fcv\u0259kkili Elmira S\u00fcleymanovad\u0131r.<\/p>\n","protected":false},"author":2,"featured_media":99334,"comment_status":"closed","ping_status":"closed","sticky":false,"template":"","format":"standard","meta":{"om_disable_all_campaigns":false,"_monsterinsights_skip_tracking":false,"_monsterinsights_sitenote_active":false,"_monsterinsights_sitenote_note":"","_monsterinsights_sitenote_category":0},"categories":[4],"tags":[],"aioseo_notices":[],"gutentor_comment":0,"rttpg_featured_image_url":{"full":["https:\/\/arantv.az\/wp-content\/uploads\/2019\/11\/elmira_suleymanova_025.jpg",800,600,false],"landscape":["https:\/\/arantv.az\/wp-content\/uploads\/2019\/11\/elmira_suleymanova_025.jpg",800,600,false],"portraits":["https:\/\/arantv.az\/wp-content\/uploads\/2019\/11\/elmira_suleymanova_025.jpg",800,600,false],"thumbnail":["https:\/\/arantv.az\/wp-content\/uploads\/2019\/11\/elmira_suleymanova_025-150x150.jpg",150,150,true],"medium":["https:\/\/arantv.az\/wp-content\/uploads\/2019\/11\/elmira_suleymanova_025-300x225.jpg",300,225,true],"large":["https:\/\/arantv.az\/wp-content\/uploads\/2019\/11\/elmira_suleymanova_025.jpg",640,480,false],"1536x1536":["https:\/\/arantv.az\/wp-content\/uploads\/2019\/11\/elmira_suleymanova_025.jpg",800,600,false],"2048x2048":["https:\/\/arantv.az\/wp-content\/uploads\/2019\/11\/elmira_suleymanova_025.jpg",800,600,false],"post-thumbnail":["https:\/\/arantv.az\/wp-content\/uploads\/2019\/11\/elmira_suleymanova_025-240x172.jpg",240,172,true],"advps-thumb-one":["https:\/\/arantv.az\/wp-content\/uploads\/2019\/11\/elmira_suleymanova_025.jpg",800,600,false]},"rttpg_author":{"display_name":"V\u00fcsal Rafiqo\u011flu","author_link":"https:\/\/arantv.az\/?author=2"},"rttpg_comment":0,"rttpg_category":"<a href=\"https:\/\/arantv.az\/?cat=4\" rel=\"category\">Siyas\u0259t<\/a>","rttpg_excerpt":"Sabah Milli M\u0259clisin \u0130nsan h\u00fcquqlar\u0131 komit\u0259sinin iclas\u0131 ke\u00e7iril\u0259c\u0259k. ARANTV.AZ\u00a0 APA-ya istinad\u0259n bildirir ki, iclasda Az\u0259rbaycan\u0131n \u0130nsan H\u00fcquqlar\u0131 \u00fczr\u0259 M\u00fcv\u0259kkili (Ombudsman) v\u0259zif\u0259sin\u0259 namiz\u0259dl\u0259rl\u0259 ba\u011fl\u0131 m\u0259s\u0259l\u0259 m\u00fczakir\u0259 olunacaq. Prezident \u0130lham \u018fliyev Ombudsman v\u0259zif\u0259sin\u0259 3 n\u0259f\u0259rin namiz\u0259dliyini ir\u0259li s\u00fcr\u00fcb. Namiz\u0259dl\u0259r Bak\u0131 Apellyasiya M\u0259hk\u0259m\u0259sinin s\u0259dr m\u00fcavini K\u0259mal\u0259 Abiyeva, Ali M\u0259hk\u0259m\u0259nin \u0130nsan H\u00fcquqlar\u0131 v\u0259 \u0130ctimaiyy\u0259tl\u0259 \u018flaq\u0259l\u0259r \u015e\u00f6b\u0259sinin m\u00fcdiri K\u0259mal\u0259 \u018fliyeva&hellip;","_links":{"self":[{"href":"https:\/\/arantv.az\/index.php?rest_route=\/wp\/v2\/posts\/99333"}],"collection":[{"href":"https:\/\/arantv.az\/index.php?rest_route=\/wp\/v2\/posts"}],"about":[{"href":"https:\/\/arantv.az\/index.php?rest_route=\/wp\/v2\/types\/post"}],"author":[{"embeddable":true,"href":"https:\/\/arantv.az\/index.php?rest_route=\/wp\/v2\/users\/2"}],"replies":[{"embeddable":true,"href":"https:\/\/arantv.az\/index.php?rest_route=%2Fwp%2Fv2%2Fcomments&post=99333"}],"version-history":[{"count":0,"href":"https:\/\/arantv.az\/index.php?rest_route=\/wp\/v2\/posts\/99333\/revisions"}],"wp:featuredmedia":[{"embeddable":true,"href":"https:\/\/arantv.az\/index.php?rest_route=\/wp\/v2\/media\/99334"}],"wp:attachment":[{"href":"https:\/\/arantv.az\/index.php?rest_route=%2Fwp%2Fv2%2Fmedia&parent=99333"}],"wp:term":[{"taxonomy":"category","embeddable":true,"href":"https:\/\/arantv.az\/index.php?rest_route=%2Fwp%2Fv2%2Fcategories&post=99333"},{"taxonomy":"post_tag","embeddable":true,"href":"https:\/\/arantv.az\/index.php?rest_route=%2Fwp%2Fv2%2Ftags&post=99333"}],"curies":[{"name":"wp","href":"https:\/\/api.w.org\/{rel}","templated":true}]}}