{"id":99339,"date":"2019-11-22T07:44:34","date_gmt":"2019-11-22T04:44:34","guid":{"rendered":"http:\/\/arantv.az\/?p=99339"},"modified":"2019-11-22T07:44:34","modified_gmt":"2019-11-22T04:44:34","slug":"mercedesin-vurdugu-50-yasli-kisi-agir-v%c9%99ziyy%c9%99td%c9%99dir","status":"publish","type":"post","link":"https:\/\/arantv.az\/?p=99339","title":{"rendered":"\u201cMercedes\u201din vurdu\u011fu 50 ya\u015fl\u0131 ki\u015fi a\u011f\u0131r v\u0259ziyy\u0259td\u0259dir"},"content":{"rendered":"<p>Sabun\u00e7u rayonunda piyadan\u0131n x\u0259sar\u0259t almas\u0131 il\u0259 n\u0259tic\u0259l\u0259n\u0259n yol q\u0259zas\u0131 ba\u015f verib.<\/p>\n<p><b>ARANTV.AZ\u00a0<\/b> x\u0259b\u0259r verir ki, hadis\u0259 Ramana sovxozunda qeyd\u0259 al\u0131n\u0131b.<\/p>\n<p>99-EJ-378 d\u00f6vl\u0259t n\u00f6mr\u0259 ni\u015fanl\u0131 \u201cMercedes\u201d markal\u0131 avtomobil yolu ke\u00e7m\u0259k ist\u0259y\u0259n t\u0259xmin\u0259n, 45-50 ya\u015fl\u0131 nam\u0259lum ki\u015fini vurub. Yaral\u0131 a\u011f\u0131r v\u0259ziyy\u0259td\u0259 x\u0259st\u0259xanaya yerl\u0259\u015fdirilib.<\/p>\n<p>X\u0259sar\u0259t alan \u015f\u0259xsin \u00fcz\u0259rind\u0259\u00a0\u015f\u0259xsiyy\u0259tini t\u0259sdiq ed\u0259n s\u0259n\u0259d a\u015fkarlanmay\u0131b.<\/p>\n<p>Faktla ba\u011fl\u0131 Sabun\u00e7u Rayon Polis \u0130dar\u0259sind\u0259 ara\u015fd\u0131rma apar\u0131l\u0131r.Oxu.Az<\/p>\n","protected":false},"excerpt":{"rendered":"<p>Sabun\u00e7u rayonunda piyadan\u0131n x\u0259sar\u0259t almas\u0131 il\u0259 n\u0259tic\u0259l\u0259n\u0259n yol q\u0259zas\u0131 ba\u015f verib. ARANTV.AZ\u00a0 x\u0259b\u0259r verir ki, hadis\u0259 Ramana sovxozunda qeyd\u0259 al\u0131n\u0131b. 99-EJ-378 d\u00f6vl\u0259t n\u00f6mr\u0259 ni\u015fanl\u0131 \u201cMercedes\u201d markal\u0131 avtomobil yolu ke\u00e7m\u0259k ist\u0259y\u0259n t\u0259xmin\u0259n, 45-50 ya\u015fl\u0131 nam\u0259lum ki\u015fini vurub. Yaral\u0131 a\u011f\u0131r v\u0259ziyy\u0259td\u0259 x\u0259st\u0259xanaya yerl\u0259\u015fdirilib. X\u0259sar\u0259t alan \u015f\u0259xsin \u00fcz\u0259rind\u0259\u00a0\u015f\u0259xsiyy\u0259tini t\u0259sdiq ed\u0259n s\u0259n\u0259d a\u015fkarlanmay\u0131b. Faktla ba\u011fl\u0131 Sabun\u00e7u Rayon Polis \u0130dar\u0259sind\u0259 ara\u015fd\u0131rma apar\u0131l\u0131r.Oxu.Az<\/p>\n","protected":false},"author":2,"featured_media":99340,"comment_status":"closed","ping_status":"closed","sticky":false,"template":"","format":"standard","meta":{"om_disable_all_campaigns":false,"_monsterinsights_skip_tracking":false,"_monsterinsights_sitenote_active":false,"_monsterinsights_sitenote_note":"","_monsterinsights_sitenote_category":0},"categories":[5],"tags":[],"aioseo_notices":[],"gutentor_comment":0,"rttpg_featured_image_url":{"full":["https:\/\/arantv.az\/wp-content\/uploads\/2019\/11\/kapelnitsa.jpg",620,399,false],"landscape":["https:\/\/arantv.az\/wp-content\/uploads\/2019\/11\/kapelnitsa.jpg",620,399,false],"portraits":["https:\/\/arantv.az\/wp-content\/uploads\/2019\/11\/kapelnitsa.jpg",620,399,false],"thumbnail":["https:\/\/arantv.az\/wp-content\/uploads\/2019\/11\/kapelnitsa-150x150.jpg",150,150,true],"medium":["https:\/\/arantv.az\/wp-content\/uploads\/2019\/11\/kapelnitsa-300x193.jpg",300,193,true],"large":["https:\/\/arantv.az\/wp-content\/uploads\/2019\/11\/kapelnitsa.jpg",620,399,false],"1536x1536":["https:\/\/arantv.az\/wp-content\/uploads\/2019\/11\/kapelnitsa.jpg",620,399,false],"2048x2048":["https:\/\/arantv.az\/wp-content\/uploads\/2019\/11\/kapelnitsa.jpg",620,399,false],"post-thumbnail":["https:\/\/arantv.az\/wp-content\/uploads\/2019\/11\/kapelnitsa-240x172.jpg",240,172,true],"advps-thumb-one":["https:\/\/arantv.az\/wp-content\/uploads\/2019\/11\/kapelnitsa.jpg",620,399,false]},"rttpg_author":{"display_name":"V\u00fcsal Rafiqo\u011flu","author_link":"https:\/\/arantv.az\/?author=2"},"rttpg_comment":0,"rttpg_category":"<a href=\"https:\/\/arantv.az\/?cat=5\" rel=\"category\">Hadis\u0259<\/a>","rttpg_excerpt":"Sabun\u00e7u rayonunda piyadan\u0131n x\u0259sar\u0259t almas\u0131 il\u0259 n\u0259tic\u0259l\u0259n\u0259n yol q\u0259zas\u0131 ba\u015f verib. ARANTV.AZ\u00a0 x\u0259b\u0259r verir ki, hadis\u0259 Ramana sovxozunda qeyd\u0259 al\u0131n\u0131b. 99-EJ-378 d\u00f6vl\u0259t n\u00f6mr\u0259 ni\u015fanl\u0131 \u201cMercedes\u201d markal\u0131 avtomobil yolu ke\u00e7m\u0259k ist\u0259y\u0259n t\u0259xmin\u0259n, 45-50 ya\u015fl\u0131 nam\u0259lum ki\u015fini vurub. Yaral\u0131 a\u011f\u0131r v\u0259ziyy\u0259td\u0259 x\u0259st\u0259xanaya yerl\u0259\u015fdirilib. X\u0259sar\u0259t alan \u015f\u0259xsin \u00fcz\u0259rind\u0259\u00a0\u015f\u0259xsiyy\u0259tini t\u0259sdiq ed\u0259n s\u0259n\u0259d a\u015fkarlanmay\u0131b. Faktla ba\u011fl\u0131 Sabun\u00e7u Rayon Polis \u0130dar\u0259sind\u0259&hellip;","_links":{"self":[{"href":"https:\/\/arantv.az\/index.php?rest_route=\/wp\/v2\/posts\/99339"}],"collection":[{"href":"https:\/\/arantv.az\/index.php?rest_route=\/wp\/v2\/posts"}],"about":[{"href":"https:\/\/arantv.az\/index.php?rest_route=\/wp\/v2\/types\/post"}],"author":[{"embeddable":true,"href":"https:\/\/arantv.az\/index.php?rest_route=\/wp\/v2\/users\/2"}],"replies":[{"embeddable":true,"href":"https:\/\/arantv.az\/index.php?rest_route=%2Fwp%2Fv2%2Fcomments&post=99339"}],"version-history":[{"count":0,"href":"https:\/\/arantv.az\/index.php?rest_route=\/wp\/v2\/posts\/99339\/revisions"}],"wp:featuredmedia":[{"embeddable":true,"href":"https:\/\/arantv.az\/index.php?rest_route=\/wp\/v2\/media\/99340"}],"wp:attachment":[{"href":"https:\/\/arantv.az\/index.php?rest_route=%2Fwp%2Fv2%2Fmedia&parent=99339"}],"wp:term":[{"taxonomy":"category","embeddable":true,"href":"https:\/\/arantv.az\/index.php?rest_route=%2Fwp%2Fv2%2Fcategories&post=99339"},{"taxonomy":"post_tag","embeddable":true,"href":"https:\/\/arantv.az\/index.php?rest_route=%2Fwp%2Fv2%2Ftags&post=99339"}],"curies":[{"name":"wp","href":"https:\/\/api.w.org\/{rel}","templated":true}]}}