{"id":99351,"date":"2019-11-22T07:50:43","date_gmt":"2019-11-22T04:50:43","guid":{"rendered":"http:\/\/arantv.az\/?p=99351"},"modified":"2019-11-22T07:50:43","modified_gmt":"2019-11-22T04:50:43","slug":"prezident-%c9%99dliyy%c9%99-nazirliyinin-iki-%c9%99m%c9%99kdasina-ali-rutb%c9%99-verdi-s%c9%99r%c9%99ncam","status":"publish","type":"post","link":"https:\/\/arantv.az\/?p=99351","title":{"rendered":"Prezident \u018fdliyy\u0259 Nazirliyinin iki \u0259m\u0259kda\u015f\u0131na ali r\u00fctb\u0259 verdi &#8211; S\u018fR\u018fNCAM"},"content":{"rendered":"<p>Prezident \u0130lham \u018fliyev Az\u0259rbaycan Respublikas\u0131 \u018fdliyy\u0259 Nazirliyinin \u0259m\u0259kda\u015flar\u0131na ali x\u00fcsusi r\u00fctb\u0259l\u0259rin verilm\u0259si il\u0259 ba\u011fl\u0131 s\u0259r\u0259ncam imzalay\u0131b.<\/p>\n<p><strong>ARANTV.AZ<\/strong> \u00a0x\u0259b\u0259r verir ki, s\u0259r\u0259ncama \u0259sas\u0259n, Az\u0259rbaycan Respublikas\u0131 \u018fdliyy\u0259 Nazirliyinin Probasiya Xidm\u0259tinin r\u0259isi Ak\u015fin Vaqif o\u011flu Ziyadova III d\u0259r\u0259c\u0259li d\u00f6vl\u0259t \u0259dliyy\u0259 m\u00fc\u015faviri ali x\u00fcsusi r\u00fctb\u0259si verilib.<\/p>\n<p>Az\u0259rbaycan Respublikas\u0131 \u018fdliyy\u0259 Nazirliyinin Penitensiar Xidm\u0259ti r\u0259isinin m\u00fcavini Orxan \u018fziz o\u011flu Qas\u0131mova is\u0259 \u0259dliyy\u0259 general-mayoru ali x\u00fcsusi r\u00fctb\u0259si verilib.\u00a0AZ\u018fRTAC<\/p>\n","protected":false},"excerpt":{"rendered":"<p>Prezident \u0130lham \u018fliyev Az\u0259rbaycan Respublikas\u0131 \u018fdliyy\u0259 Nazirliyinin \u0259m\u0259kda\u015flar\u0131na ali x\u00fcsusi r\u00fctb\u0259l\u0259rin verilm\u0259si il\u0259 ba\u011fl\u0131 s\u0259r\u0259ncam imzalay\u0131b. ARANTV.AZ \u00a0x\u0259b\u0259r verir ki, s\u0259r\u0259ncama \u0259sas\u0259n, Az\u0259rbaycan Respublikas\u0131 \u018fdliyy\u0259 Nazirliyinin Probasiya Xidm\u0259tinin r\u0259isi Ak\u015fin Vaqif o\u011flu Ziyadova III d\u0259r\u0259c\u0259li d\u00f6vl\u0259t \u0259dliyy\u0259 m\u00fc\u015faviri ali x\u00fcsusi r\u00fctb\u0259si verilib. Az\u0259rbaycan Respublikas\u0131 \u018fdliyy\u0259 Nazirliyinin Penitensiar Xidm\u0259ti r\u0259isinin m\u00fcavini Orxan \u018fziz o\u011flu Qas\u0131mova is\u0259 \u0259dliyy\u0259 general-mayoru ali x\u00fcsusi r\u00fctb\u0259si verilib.\u00a0AZ\u018fRTAC<\/p>\n","protected":false},"author":2,"featured_media":99224,"comment_status":"closed","ping_status":"closed","sticky":false,"template":"","format":"standard","meta":{"om_disable_all_campaigns":false,"_monsterinsights_skip_tracking":false,"_monsterinsights_sitenote_active":false,"_monsterinsights_sitenote_note":"","_monsterinsights_sitenote_category":0},"categories":[4],"tags":[],"aioseo_notices":[],"gutentor_comment":0,"rttpg_featured_image_url":{"full":["https:\/\/arantv.az\/wp-content\/uploads\/2019\/11\/ilham-aliyev-4.jpg",620,443,false],"landscape":["https:\/\/arantv.az\/wp-content\/uploads\/2019\/11\/ilham-aliyev-4.jpg",620,443,false],"portraits":["https:\/\/arantv.az\/wp-content\/uploads\/2019\/11\/ilham-aliyev-4.jpg",620,443,false],"thumbnail":["https:\/\/arantv.az\/wp-content\/uploads\/2019\/11\/ilham-aliyev-4-150x150.jpg",150,150,true],"medium":["https:\/\/arantv.az\/wp-content\/uploads\/2019\/11\/ilham-aliyev-4-300x214.jpg",300,214,true],"large":["https:\/\/arantv.az\/wp-content\/uploads\/2019\/11\/ilham-aliyev-4.jpg",620,443,false],"1536x1536":["https:\/\/arantv.az\/wp-content\/uploads\/2019\/11\/ilham-aliyev-4.jpg",620,443,false],"2048x2048":["https:\/\/arantv.az\/wp-content\/uploads\/2019\/11\/ilham-aliyev-4.jpg",620,443,false],"post-thumbnail":["https:\/\/arantv.az\/wp-content\/uploads\/2019\/11\/ilham-aliyev-4-240x172.jpg",240,172,true],"advps-thumb-one":["https:\/\/arantv.az\/wp-content\/uploads\/2019\/11\/ilham-aliyev-4.jpg",620,443,false]},"rttpg_author":{"display_name":"V\u00fcsal Rafiqo\u011flu","author_link":"https:\/\/arantv.az\/?author=2"},"rttpg_comment":0,"rttpg_category":"<a href=\"https:\/\/arantv.az\/?cat=4\" rel=\"category\">Siyas\u0259t<\/a>","rttpg_excerpt":"Prezident \u0130lham \u018fliyev Az\u0259rbaycan Respublikas\u0131 \u018fdliyy\u0259 Nazirliyinin \u0259m\u0259kda\u015flar\u0131na ali x\u00fcsusi r\u00fctb\u0259l\u0259rin verilm\u0259si il\u0259 ba\u011fl\u0131 s\u0259r\u0259ncam imzalay\u0131b. ARANTV.AZ \u00a0x\u0259b\u0259r verir ki, s\u0259r\u0259ncama \u0259sas\u0259n, Az\u0259rbaycan Respublikas\u0131 \u018fdliyy\u0259 Nazirliyinin Probasiya Xidm\u0259tinin r\u0259isi Ak\u015fin Vaqif o\u011flu Ziyadova III d\u0259r\u0259c\u0259li d\u00f6vl\u0259t \u0259dliyy\u0259 m\u00fc\u015faviri ali x\u00fcsusi r\u00fctb\u0259si verilib. Az\u0259rbaycan Respublikas\u0131 \u018fdliyy\u0259 Nazirliyinin Penitensiar Xidm\u0259ti r\u0259isinin m\u00fcavini Orxan \u018fziz o\u011flu Qas\u0131mova is\u0259&hellip;","_links":{"self":[{"href":"https:\/\/arantv.az\/index.php?rest_route=\/wp\/v2\/posts\/99351"}],"collection":[{"href":"https:\/\/arantv.az\/index.php?rest_route=\/wp\/v2\/posts"}],"about":[{"href":"https:\/\/arantv.az\/index.php?rest_route=\/wp\/v2\/types\/post"}],"author":[{"embeddable":true,"href":"https:\/\/arantv.az\/index.php?rest_route=\/wp\/v2\/users\/2"}],"replies":[{"embeddable":true,"href":"https:\/\/arantv.az\/index.php?rest_route=%2Fwp%2Fv2%2Fcomments&post=99351"}],"version-history":[{"count":0,"href":"https:\/\/arantv.az\/index.php?rest_route=\/wp\/v2\/posts\/99351\/revisions"}],"wp:featuredmedia":[{"embeddable":true,"href":"https:\/\/arantv.az\/index.php?rest_route=\/wp\/v2\/media\/99224"}],"wp:attachment":[{"href":"https:\/\/arantv.az\/index.php?rest_route=%2Fwp%2Fv2%2Fmedia&parent=99351"}],"wp:term":[{"taxonomy":"category","embeddable":true,"href":"https:\/\/arantv.az\/index.php?rest_route=%2Fwp%2Fv2%2Fcategories&post=99351"},{"taxonomy":"post_tag","embeddable":true,"href":"https:\/\/arantv.az\/index.php?rest_route=%2Fwp%2Fv2%2Ftags&post=99351"}],"curies":[{"name":"wp","href":"https:\/\/api.w.org\/{rel}","templated":true}]}}