{"id":99355,"date":"2019-11-22T07:51:41","date_gmt":"2019-11-22T04:51:41","guid":{"rendered":"http:\/\/arantv.az\/?p=99355"},"modified":"2019-11-22T07:51:41","modified_gmt":"2019-11-22T04:51:41","slug":"mehriban-%c9%99liyeva-vladimir-putinl%c9%99-gorus%c9%99c%c9%99k","status":"publish","type":"post","link":"https:\/\/arantv.az\/?p=99355","title":{"rendered":"Mehriban \u018fliyeva Vladimir Putinl\u0259 g\u00f6r\u00fc\u015f\u0259c\u0259k"},"content":{"rendered":"<p>Az\u0259rbaycan\u0131n Birinci vitse-prezidenti Mehriban \u018fliyeva Rusiya Prezidenti Vladimir Putinl\u0259 g\u00f6r\u00fc\u015f\u0259c\u0259k.<\/p>\n<p><strong>\u00a0ARANTV.AZ<\/strong>\u00a0 x\u0259b\u0259r verir ki, g\u00f6r\u00fc\u015f sabah &#8211; noyabr\u0131n 22-d\u0259 ke\u00e7iril\u0259c\u0259k.<\/p>\n<p>Qeyd ed\u0259k ki, Az\u0259rbaycan\u0131n Birinci vitse-prezidenti Mehriban \u018fliyeva noyabr\u0131n 20-d\u0259 Rusiyaya r\u0259smi s\u0259f\u0259r\u0259 gedib.\u00a0Oxu.Az<\/p>\n","protected":false},"excerpt":{"rendered":"<p>Az\u0259rbaycan\u0131n Birinci vitse-prezidenti Mehriban \u018fliyeva Rusiya Prezidenti Vladimir Putinl\u0259 g\u00f6r\u00fc\u015f\u0259c\u0259k. \u00a0ARANTV.AZ\u00a0 x\u0259b\u0259r verir ki, g\u00f6r\u00fc\u015f sabah &#8211; noyabr\u0131n 22-d\u0259 ke\u00e7iril\u0259c\u0259k. Qeyd ed\u0259k ki, Az\u0259rbaycan\u0131n Birinci vitse-prezidenti Mehriban \u018fliyeva noyabr\u0131n 20-d\u0259 Rusiyaya r\u0259smi s\u0259f\u0259r\u0259 gedib.\u00a0Oxu.Az<\/p>\n","protected":false},"author":2,"featured_media":99356,"comment_status":"closed","ping_status":"closed","sticky":false,"template":"","format":"standard","meta":{"om_disable_all_campaigns":false,"_monsterinsights_skip_tracking":false,"_monsterinsights_sitenote_active":false,"_monsterinsights_sitenote_note":"","_monsterinsights_sitenote_category":0},"categories":[4],"tags":[],"aioseo_notices":[],"gutentor_comment":0,"rttpg_featured_image_url":{"full":["https:\/\/arantv.az\/wp-content\/uploads\/2019\/11\/75dd693d366d08.jpg",620,465,false],"landscape":["https:\/\/arantv.az\/wp-content\/uploads\/2019\/11\/75dd693d366d08.jpg",620,465,false],"portraits":["https:\/\/arantv.az\/wp-content\/uploads\/2019\/11\/75dd693d366d08.jpg",620,465,false],"thumbnail":["https:\/\/arantv.az\/wp-content\/uploads\/2019\/11\/75dd693d366d08-150x150.jpg",150,150,true],"medium":["https:\/\/arantv.az\/wp-content\/uploads\/2019\/11\/75dd693d366d08-300x225.jpg",300,225,true],"large":["https:\/\/arantv.az\/wp-content\/uploads\/2019\/11\/75dd693d366d08.jpg",620,465,false],"1536x1536":["https:\/\/arantv.az\/wp-content\/uploads\/2019\/11\/75dd693d366d08.jpg",620,465,false],"2048x2048":["https:\/\/arantv.az\/wp-content\/uploads\/2019\/11\/75dd693d366d08.jpg",620,465,false],"post-thumbnail":["https:\/\/arantv.az\/wp-content\/uploads\/2019\/11\/75dd693d366d08-240x172.jpg",240,172,true],"advps-thumb-one":["https:\/\/arantv.az\/wp-content\/uploads\/2019\/11\/75dd693d366d08.jpg",620,465,false]},"rttpg_author":{"display_name":"V\u00fcsal Rafiqo\u011flu","author_link":"https:\/\/arantv.az\/?author=2"},"rttpg_comment":0,"rttpg_category":"<a href=\"https:\/\/arantv.az\/?cat=4\" rel=\"category\">Siyas\u0259t<\/a>","rttpg_excerpt":"Az\u0259rbaycan\u0131n Birinci vitse-prezidenti Mehriban \u018fliyeva Rusiya Prezidenti Vladimir Putinl\u0259 g\u00f6r\u00fc\u015f\u0259c\u0259k. \u00a0ARANTV.AZ\u00a0 x\u0259b\u0259r verir ki, g\u00f6r\u00fc\u015f sabah &#8211; noyabr\u0131n 22-d\u0259 ke\u00e7iril\u0259c\u0259k. Qeyd ed\u0259k ki, Az\u0259rbaycan\u0131n Birinci vitse-prezidenti Mehriban \u018fliyeva noyabr\u0131n 20-d\u0259 Rusiyaya r\u0259smi s\u0259f\u0259r\u0259 gedib.\u00a0Oxu.Az","_links":{"self":[{"href":"https:\/\/arantv.az\/index.php?rest_route=\/wp\/v2\/posts\/99355"}],"collection":[{"href":"https:\/\/arantv.az\/index.php?rest_route=\/wp\/v2\/posts"}],"about":[{"href":"https:\/\/arantv.az\/index.php?rest_route=\/wp\/v2\/types\/post"}],"author":[{"embeddable":true,"href":"https:\/\/arantv.az\/index.php?rest_route=\/wp\/v2\/users\/2"}],"replies":[{"embeddable":true,"href":"https:\/\/arantv.az\/index.php?rest_route=%2Fwp%2Fv2%2Fcomments&post=99355"}],"version-history":[{"count":0,"href":"https:\/\/arantv.az\/index.php?rest_route=\/wp\/v2\/posts\/99355\/revisions"}],"wp:featuredmedia":[{"embeddable":true,"href":"https:\/\/arantv.az\/index.php?rest_route=\/wp\/v2\/media\/99356"}],"wp:attachment":[{"href":"https:\/\/arantv.az\/index.php?rest_route=%2Fwp%2Fv2%2Fmedia&parent=99355"}],"wp:term":[{"taxonomy":"category","embeddable":true,"href":"https:\/\/arantv.az\/index.php?rest_route=%2Fwp%2Fv2%2Fcategories&post=99355"},{"taxonomy":"post_tag","embeddable":true,"href":"https:\/\/arantv.az\/index.php?rest_route=%2Fwp%2Fv2%2Ftags&post=99355"}],"curies":[{"name":"wp","href":"https:\/\/api.w.org\/{rel}","templated":true}]}}