{"id":99360,"date":"2019-11-22T07:54:34","date_gmt":"2019-11-22T04:54:34","guid":{"rendered":"http:\/\/arantv.az\/?p=99360"},"modified":"2019-11-22T07:54:34","modified_gmt":"2019-11-22T04:54:34","slug":"birinci-vitse-prezident-mehriban-%c9%99liyeva-az%c9%99rbaycan-rusiya-il%c9%99-qarsiliqli-munasib%c9%99tl%c9%99r%c9%99-must%c9%99sna-d%c9%99r%c9%99c%c9%99d%c9%99-boyuk-%c9%99h%c9%99miyy%c9%99t-verir","status":"publish","type":"post","link":"https:\/\/arantv.az\/?p=99360","title":{"rendered":"Birinci vitse-prezident Mehriban \u018fliyeva: Az\u0259rbaycan Rusiya il\u0259 qar\u015f\u0131l\u0131ql\u0131 m\u00fcnasib\u0259tl\u0259r\u0259 m\u00fcst\u0259sna d\u0259r\u0259c\u0259d\u0259 b\u00f6y\u00fck \u0259h\u0259miyy\u0259t verir"},"content":{"rendered":"<p>Az\u0259rbaycan Rusiya il\u0259 qar\u015f\u0131l\u0131ql\u0131 m\u00fcnasib\u0259tl\u0259r\u0259 m\u00fcst\u0259sna d\u0259r\u0259c\u0259d\u0259 b\u00f6y\u00fck \u0259h\u0259miyy\u0259t verir.<\/p>\n<p><strong>ARANTV.AZ<\/strong>\u00a0<a href=\"http:\/\/azertag.az\/\" target=\"_blank\" rel=\"noopener\">AZ\u018fRTAC<\/a>-a istinad\u0259n bildirir ki,\u00a0bunu Rusiya Federasiyas\u0131nda r\u0259smi s\u0259f\u0259rd\u0259 olan Az\u0259rbaycan Respublikas\u0131n\u0131n Birinci vitse-prezidenti Mehriban \u018fliyeva noyabr\u0131n 21-d\u0259 Rusiya Federasiyas\u0131 H\u00f6kum\u0259tinin s\u0259dri Dmitri Medvedevl\u0259 g\u00f6r\u00fc\u015f\u00fc zaman\u0131 deyib.<\/p>\n<p>Birinci vitse-prezident Mehriban \u018fliyeva qeyd edib: &#8220;H\u0259r \u015feyd\u0259n \u0259vv\u0259l Sizin \u00f6lk\u0259niz\u0259 r\u0259smi s\u0259f\u0259r\u0259 d\u0259v\u0259t\u0259 g\u00f6r\u0259 Rusiya Federasiyas\u0131n\u0131n r\u0259hb\u0259rliyin\u0259 d\u0259rin minn\u0259tdarl\u0131\u011f\u0131m\u0131 bildirm\u0259k ist\u0259yir\u0259m. M\u0259n yenid\u0259n Moskvada olma\u011f\u0131ma \u00e7ox \u015fadam. Moskva m\u0259nim \u00fc\u00e7\u00fcn do\u011fma \u015f\u0259h\u0259rdir. M\u0259nim t\u0259l\u0259b\u0259lik ill\u0259rim burada ke\u00e7ib. Sizinl\u0259 g\u00f6r\u00fc\u015f\u0259 \u00e7ox \u015fadam. H\u0259m\u00e7inin f\u00fcrs\u0259td\u0259n istifad\u0259 ed\u0259r\u0259k Siz\u0259 Az\u0259rbaycan Respublikas\u0131n\u0131n Prezidentinin salamlar\u0131n\u0131 v\u0259 \u0259n xo\u015f arzular\u0131n\u0131 \u00e7atd\u0131rmaq ist\u0259rdim.<\/p>\n<p>Az\u0259rbaycan Rusiya il\u0259 qar\u015f\u0131l\u0131ql\u0131 m\u00fcnasib\u0259tl\u0259r\u0259 m\u00fcst\u0259sna d\u0259r\u0259c\u0259d\u0259 b\u00f6y\u00fck \u0259h\u0259miyy\u0259t verir. \u00d6lk\u0259l\u0259rimizi m\u00f6hk\u0259m, q\u0259dim dostluq v\u0259 mehriban qon\u015fuluq \u0259laq\u0259l\u0259ri birl\u0259\u015fdirir. Az\u0259rbaycan v\u0259 Rusiya prezidentl\u0259rinin siyasi irad\u0259si, h\u0259m\u00e7inin h\u0259r iki t\u0259r\u0259fin birg\u0259 s\u0259yl\u0259ri say\u0259sind\u0259 bu g\u00fcn m\u00fcnasib\u0259tl\u0259rimiz strateji t\u0259r\u0259fda\u015fl\u0131q kimi xarakteriz\u0259 olunur. F\u0259al siyasi dialoq m\u00f6vcuddur. Az\u0259rbaycan v\u0259 Rusiya prezidentl\u0259ri m\u00fct\u0259madi olaraq g\u00f6r\u00fc\u015fl\u0259r ke\u00e7irirl\u0259r. Bu g\u00f6r\u00fc\u015fl\u0259r dem\u0259k olar ki, b\u00fct\u00fcn sah\u0259l\u0259rd\u0259 m\u00fcnasib\u0259tl\u0259rin inki\u015faf\u0131na g\u00fccl\u00fc impuls v\u0259 dinamizm verir.<\/p>\n<p>\u015e\u00fcbh\u0259siz ki, iqtisadi \u0259m\u0259kda\u015fl\u0131q bizim ikit\u0259r\u0259fli g\u00fcnd\u0259liyimizin \u0259n m\u00fch\u00fcm komponentl\u0259rind\u0259n biridir. Rusiya Az\u0259rbaycan\u0131n \u0259sas ticar\u0259t t\u0259r\u0259fda\u015flar\u0131ndan biridir, qeyri-neft m\u0259hsullar\u0131n\u0131n idxal\u0131 \u00fczr\u0259 birinci yeri tutur. \u018fg\u0259r biz g\u00f6st\u0259ricil\u0259r\u0259 baxsaq, onlar b\u00f6y\u00fck nikbinlik do\u011furur. Biz h\u0259r il art\u0131m qeyd edirik, \u0259mt\u0259\u0259 d\u00f6vriyy\u0259si art\u0131r. \u00d6t\u0259n il 19 faiz art\u0131m olub v\u0259 2,6 milyard AB\u015e dollar\u0131 t\u0259\u015fkil edib. Bu ilin 9 ay\u0131nda is\u0259 art\u0131m 24 faiz\u0259 \u00e7at\u0131b. Y\u0259ni, bu g\u00f6st\u0259ricil\u0259r olduqca nikbindir. Qar\u015f\u0131l\u0131ql\u0131 s\u0259rmay\u0259 qoyulu\u015fu art\u0131r. Az\u0259rbaycan iqtisadiyyat\u0131na yat\u0131r\u0131lan Rusiya s\u0259rmay\u0259l\u0259rinin h\u0259cmi 4,9 milyard dollard\u0131r, Az\u0259rbaycan Rusiyaya 1,2 milyard dollar s\u0259rmay\u0259 qoyub. M\u00fch\u00fcm olan odur ki, h\u00f6kum\u0259tl\u0259raras\u0131 komissiyan\u0131n t\u0259hlilin\u0259 g\u00f6r\u0259, bu potensialdan tam \u015f\u0259kild\u0259 istifad\u0259 edilm\u0259yib, daha 2-3 d\u0259f\u0259 art\u0131m m\u00fcmk\u00fcnd\u00fcr.<\/p>\n<p>H\u00f6rm\u0259tli Dmitri Anatolyevi\u00e7, Siz regionlararas\u0131 \u0259m\u0259kda\u015fl\u0131\u011f\u0131 qeyd etdiniz. H\u0259qiq\u0259t\u0259n, bu, bizim ikit\u0259r\u0259fli qar\u015f\u0131l\u0131ql\u0131 f\u0259aliyy\u0259timizin \u00e7ox m\u00fch\u00fcm t\u0259rkib hiss\u0259sidir. M\u0259nim s\u0259f\u0259rim \u00e7\u0259r\u00e7iv\u0259sind\u0259 X regionlararas\u0131 forum ke\u00e7iril\u0259c\u0259k. Turizm sah\u0259sind\u0259 yax\u015f\u0131 g\u00f6st\u0259ricil\u0259r var. Rusiyadan bizim \u00f6lk\u0259miz\u0259 s\u0259yah\u0259t ed\u0259n turistl\u0259rin say\u0131 art\u0131r. \u00d6t\u0259n il 900 min rusiyal\u0131 Az\u0259rbaycanda olub. Cari ild\u0259 h\u0259min g\u00f6st\u0259ricinin artaca\u011f\u0131 g\u00f6zl\u0259nilir.<\/p>\n<p>\u018flb\u0259tt\u0259, m\u0259n humanitar \u0259laq\u0259l\u0259rimizd\u0259n dan\u0131\u015fmaq ist\u0259yir\u0259m. \u00c7\u00fcnki hesab edir\u0259m ki, \u00f6lk\u0259l\u0259rimiz aras\u0131nda humanitar \u0259laq\u0259l\u0259r, x\u00fcsus\u0259n t\u0259hsil sah\u0259sind\u0259 n\u00fcmun\u0259vidir. Az\u0259rbaycanda rus dilin\u0259 v\u0259 rus m\u0259d\u0259niyy\u0259tin\u0259 b\u00f6y\u00fck h\u00f6rm\u0259tl\u0259 yana\u015f\u0131rlar. Bizim \u00f6lk\u0259mizd\u0259 rus dilind\u0259 t\u0259hsil tam \u015f\u0259kild\u0259 qorunub saxlan\u0131l\u0131b, 338 m\u0259kt\u0259bd\u0259 t\u0259dris rus dilind\u0259 apar\u0131l\u0131r, 14 ali m\u0259kt\u0259bd\u0259 rus dilind\u0259 b\u00f6lm\u0259l\u0259r var, 50 m\u0259kt\u0259bd\u0259 T\u0259hsil Nazirliyinin rus dilinin intensiv t\u0259drisi pilot layih\u0259si u\u011furla h\u0259yata ke\u00e7irilir. \u018flb\u0259tt\u0259, ali t\u0259hsil s\u0259viyy\u0259sind\u0259 qar\u015f\u0131l\u0131ql\u0131 f\u0259aliyy\u0259t var. Lomonosov ad\u0131na Moskva D\u00f6vl\u0259t Universitetinin, \u0130.M.Se\u00e7enov ad\u0131na Birinci Moskva D\u00f6vl\u0259t Tibb Universitetinin filiallar\u0131 Az\u0259rbaycanda u\u011furla f\u0259aliyy\u0259t g\u00f6st\u0259rir. D\u00fc\u015f\u00fcn\u00fcr\u0259m ki, bu sah\u0259d\u0259 d\u0259 b\u00f6y\u00fck potensial m\u00f6vcuddur. \u00dcmidvaram ki, g\u0259l\u0259c\u0259kd\u0259 \u0259m\u0259kda\u015fl\u0131\u011f\u0131m\u0131z b\u00fct\u00fcn sah\u0259l\u0259r \u00fczr\u0259 geni\u015fl\u0259n\u0259c\u0259k, \u00f6lk\u0259l\u0259rimizin v\u0259 xalqlar\u0131m\u0131z\u0131n rifah\u0131na xidm\u0259t ed\u0259c\u0259k.<\/p>\n<p>S\u0259mimi q\u0259bula, qonaqp\u0259rv\u0259rliyiniz\u0259 g\u00f6r\u0259 Siz\u0259 bir daha d\u0259rin t\u0259\u015f\u0259kk\u00fcr\u00fcm\u00fc bildirm\u0259k v\u0259 \u0259n xo\u015f arzular\u0131m\u0131 \u00e7atd\u0131rmaq ist\u0259yir\u0259m. Sa\u011f olun&#8221;.<\/p>\n","protected":false},"excerpt":{"rendered":"<p>Az\u0259rbaycan Rusiya il\u0259 qar\u015f\u0131l\u0131ql\u0131 m\u00fcnasib\u0259tl\u0259r\u0259 m\u00fcst\u0259sna d\u0259r\u0259c\u0259d\u0259 b\u00f6y\u00fck \u0259h\u0259miyy\u0259t verir. ARANTV.AZ\u00a0AZ\u018fRTAC-a istinad\u0259n bildirir ki,\u00a0bunu Rusiya Federasiyas\u0131nda r\u0259smi s\u0259f\u0259rd\u0259 olan Az\u0259rbaycan Respublikas\u0131n\u0131n Birinci vitse-prezidenti Mehriban \u018fliyeva noyabr\u0131n 21-d\u0259 Rusiya Federasiyas\u0131 H\u00f6kum\u0259tinin s\u0259dri Dmitri Medvedevl\u0259 g\u00f6r\u00fc\u015f\u00fc zaman\u0131 deyib. Birinci vitse-prezident Mehriban \u018fliyeva qeyd edib: &#8220;H\u0259r \u015feyd\u0259n \u0259vv\u0259l Sizin \u00f6lk\u0259niz\u0259 r\u0259smi s\u0259f\u0259r\u0259 d\u0259v\u0259t\u0259 g\u00f6r\u0259 Rusiya Federasiyas\u0131n\u0131n r\u0259hb\u0259rliyin\u0259 d\u0259rin minn\u0259tdarl\u0131\u011f\u0131m\u0131 bildirm\u0259k ist\u0259yir\u0259m. M\u0259n yenid\u0259n Moskvada olma\u011f\u0131ma \u00e7ox \u015fadam. Moskva m\u0259nim \u00fc\u00e7\u00fcn do\u011fma \u015f\u0259h\u0259rdir. M\u0259nim t\u0259l\u0259b\u0259lik ill\u0259rim burada ke\u00e7ib. Sizinl\u0259 g\u00f6r\u00fc\u015f\u0259 \u00e7ox \u015fadam. H\u0259m\u00e7inin f\u00fcrs\u0259td\u0259n istifad\u0259 ed\u0259r\u0259k Siz\u0259 Az\u0259rbaycan Respublikas\u0131n\u0131n Prezidentinin salamlar\u0131n\u0131 v\u0259 \u0259n xo\u015f&hellip;<\/p>\n","protected":false},"author":2,"featured_media":99361,"comment_status":"closed","ping_status":"closed","sticky":false,"template":"","format":"standard","meta":{"om_disable_all_campaigns":false,"_monsterinsights_skip_tracking":false,"_monsterinsights_sitenote_active":false,"_monsterinsights_sitenote_note":"","_monsterinsights_sitenote_category":0},"categories":[4],"tags":[],"aioseo_notices":[],"gutentor_comment":0,"rttpg_featured_image_url":{"full":["https:\/\/arantv.az\/wp-content\/uploads\/2019\/11\/3838506-7.jpg",800,600,false],"landscape":["https:\/\/arantv.az\/wp-content\/uploads\/2019\/11\/3838506-7.jpg",800,600,false],"portraits":["https:\/\/arantv.az\/wp-content\/uploads\/2019\/11\/3838506-7.jpg",800,600,false],"thumbnail":["https:\/\/arantv.az\/wp-content\/uploads\/2019\/11\/3838506-7-150x150.jpg",150,150,true],"medium":["https:\/\/arantv.az\/wp-content\/uploads\/2019\/11\/3838506-7-300x225.jpg",300,225,true],"large":["https:\/\/arantv.az\/wp-content\/uploads\/2019\/11\/3838506-7.jpg",640,480,false],"1536x1536":["https:\/\/arantv.az\/wp-content\/uploads\/2019\/11\/3838506-7.jpg",800,600,false],"2048x2048":["https:\/\/arantv.az\/wp-content\/uploads\/2019\/11\/3838506-7.jpg",800,600,false],"post-thumbnail":["https:\/\/arantv.az\/wp-content\/uploads\/2019\/11\/3838506-7-240x172.jpg",240,172,true],"advps-thumb-one":["https:\/\/arantv.az\/wp-content\/uploads\/2019\/11\/3838506-7.jpg",800,600,false]},"rttpg_author":{"display_name":"V\u00fcsal Rafiqo\u011flu","author_link":"https:\/\/arantv.az\/?author=2"},"rttpg_comment":0,"rttpg_category":"<a href=\"https:\/\/arantv.az\/?cat=4\" rel=\"category\">Siyas\u0259t<\/a>","rttpg_excerpt":"Az\u0259rbaycan Rusiya il\u0259 qar\u015f\u0131l\u0131ql\u0131 m\u00fcnasib\u0259tl\u0259r\u0259 m\u00fcst\u0259sna d\u0259r\u0259c\u0259d\u0259 b\u00f6y\u00fck \u0259h\u0259miyy\u0259t verir. ARANTV.AZ\u00a0AZ\u018fRTAC-a istinad\u0259n bildirir ki,\u00a0bunu Rusiya Federasiyas\u0131nda r\u0259smi s\u0259f\u0259rd\u0259 olan Az\u0259rbaycan Respublikas\u0131n\u0131n Birinci vitse-prezidenti Mehriban \u018fliyeva noyabr\u0131n 21-d\u0259 Rusiya Federasiyas\u0131 H\u00f6kum\u0259tinin s\u0259dri Dmitri Medvedevl\u0259 g\u00f6r\u00fc\u015f\u00fc zaman\u0131 deyib. Birinci vitse-prezident Mehriban \u018fliyeva qeyd edib: &#8220;H\u0259r \u015feyd\u0259n \u0259vv\u0259l Sizin \u00f6lk\u0259niz\u0259 r\u0259smi s\u0259f\u0259r\u0259 d\u0259v\u0259t\u0259 g\u00f6r\u0259 Rusiya Federasiyas\u0131n\u0131n r\u0259hb\u0259rliyin\u0259 d\u0259rin&hellip;","_links":{"self":[{"href":"https:\/\/arantv.az\/index.php?rest_route=\/wp\/v2\/posts\/99360"}],"collection":[{"href":"https:\/\/arantv.az\/index.php?rest_route=\/wp\/v2\/posts"}],"about":[{"href":"https:\/\/arantv.az\/index.php?rest_route=\/wp\/v2\/types\/post"}],"author":[{"embeddable":true,"href":"https:\/\/arantv.az\/index.php?rest_route=\/wp\/v2\/users\/2"}],"replies":[{"embeddable":true,"href":"https:\/\/arantv.az\/index.php?rest_route=%2Fwp%2Fv2%2Fcomments&post=99360"}],"version-history":[{"count":0,"href":"https:\/\/arantv.az\/index.php?rest_route=\/wp\/v2\/posts\/99360\/revisions"}],"wp:featuredmedia":[{"embeddable":true,"href":"https:\/\/arantv.az\/index.php?rest_route=\/wp\/v2\/media\/99361"}],"wp:attachment":[{"href":"https:\/\/arantv.az\/index.php?rest_route=%2Fwp%2Fv2%2Fmedia&parent=99360"}],"wp:term":[{"taxonomy":"category","embeddable":true,"href":"https:\/\/arantv.az\/index.php?rest_route=%2Fwp%2Fv2%2Fcategories&post=99360"},{"taxonomy":"post_tag","embeddable":true,"href":"https:\/\/arantv.az\/index.php?rest_route=%2Fwp%2Fv2%2Ftags&post=99360"}],"curies":[{"name":"wp","href":"https:\/\/api.w.org\/{rel}","templated":true}]}}