{"id":99364,"date":"2019-11-22T07:56:40","date_gmt":"2019-11-22T04:56:40","guid":{"rendered":"http:\/\/arantv.az\/?p=99364"},"modified":"2019-11-22T07:56:40","modified_gmt":"2019-11-22T04:56:40","slug":"anadan-qandonduran-%c9%99m%c9%99l-6-yasli-qizini","status":"publish","type":"post","link":"https:\/\/arantv.az\/?p=99364","title":{"rendered":"Anadan QANDONDURAN \u018fM\u018fL: 6 ya\u015fl\u0131 q\u0131z\u0131n\u0131&#8230;"},"content":{"rendered":"<p><strong>Da\u011f\u0131stan Respublikas\u0131n\u0131n \u00c7ontaul k\u0259nd sakini olan qad\u0131n q\u0131z\u0131n\u0131 \u00e7ayda bo\u011faraq \u00f6ld\u00fcrd\u00fcy\u00fcn\u0259 g\u00f6r\u0259 m\u0259hk\u0259m\u0259 qar\u015f\u0131s\u0131na \u00e7\u0131xacaq.<\/strong><\/p>\n<p>Bu bar\u0259d\u0259 Rusiya Federasiyas\u0131n\u0131n respublika \u00fczr\u0259 \u0130stintaq Komit\u0259sinin m\u0259lumat\u0131nda deyilir.<\/p>\n<p>\u0130stintaq\u0131n m\u0259lumat\u0131na g\u00f6r\u0259, m\u00fctt\u0259him 2012-ci il t\u0259v\u0259ll\u00fcdl\u00fc q\u0131z\u0131n\u0131n t\u0259hsili v\u0259 t\u0259rbiy\u0259si il\u0259 m\u0259\u015f\u011ful olmaq ist\u0259m\u0259diyi \u00fc\u00e7\u00fcn onu \u00f6ld\u00fcrm\u0259k q\u0259rar\u0131na g\u0259lir.<\/p>\n<p>Bel\u0259 ki, 2018-ci il sentyabr\u0131n 6-da qad\u0131n q\u0131z\u0131n\u0131 \u00e7ay\u0131n k\u0259nar\u0131na apararaq onu suda bo\u011fur. U\u015fa\u011f\u0131n \u00f6ld\u00fcy\u00fcn\u0259 \u0259min olduqdan sonra hadis\u0259 yerini t\u0259rk edir.<\/p>\n<p>Q\u0131z\u0131n c\u0259s\u0259di is\u0259 \u00fc\u00e7 g\u00fcn sonra \u00e7ay\u0131n yata\u011f\u0131ndan tap\u0131l\u0131b.<\/p>\n<p>Haz\u0131rda cinay\u0259t i\u015fi il\u0259 ba\u011fl\u0131 toplanan materiallar bax\u0131lmas\u0131 \u00fc\u00e7\u00fcn m\u0259hk\u0259m\u0259y\u0259 t\u0259qdim edil\u0259c\u0259k (report)<\/p>\n","protected":false},"excerpt":{"rendered":"<p>Da\u011f\u0131stan Respublikas\u0131n\u0131n \u00c7ontaul k\u0259nd sakini olan qad\u0131n q\u0131z\u0131n\u0131 \u00e7ayda bo\u011faraq \u00f6ld\u00fcrd\u00fcy\u00fcn\u0259 g\u00f6r\u0259 m\u0259hk\u0259m\u0259 qar\u015f\u0131s\u0131na \u00e7\u0131xacaq. Bu bar\u0259d\u0259 Rusiya Federasiyas\u0131n\u0131n respublika \u00fczr\u0259 \u0130stintaq Komit\u0259sinin m\u0259lumat\u0131nda deyilir. \u0130stintaq\u0131n m\u0259lumat\u0131na g\u00f6r\u0259, m\u00fctt\u0259him 2012-ci il t\u0259v\u0259ll\u00fcdl\u00fc q\u0131z\u0131n\u0131n t\u0259hsili v\u0259 t\u0259rbiy\u0259si il\u0259 m\u0259\u015f\u011ful olmaq ist\u0259m\u0259diyi \u00fc\u00e7\u00fcn onu \u00f6ld\u00fcrm\u0259k q\u0259rar\u0131na g\u0259lir. Bel\u0259 ki, 2018-ci il sentyabr\u0131n 6-da qad\u0131n q\u0131z\u0131n\u0131 \u00e7ay\u0131n k\u0259nar\u0131na apararaq onu suda bo\u011fur. U\u015fa\u011f\u0131n \u00f6ld\u00fcy\u00fcn\u0259 \u0259min olduqdan sonra hadis\u0259 yerini t\u0259rk edir. Q\u0131z\u0131n c\u0259s\u0259di is\u0259 \u00fc\u00e7 g\u00fcn sonra \u00e7ay\u0131n yata\u011f\u0131ndan tap\u0131l\u0131b. Haz\u0131rda cinay\u0259t i\u015fi il\u0259 ba\u011fl\u0131 toplanan materiallar bax\u0131lmas\u0131 \u00fc\u00e7\u00fcn m\u0259hk\u0259m\u0259y\u0259 t\u0259qdim edil\u0259c\u0259k (report)<\/p>\n","protected":false},"author":2,"featured_media":99365,"comment_status":"closed","ping_status":"closed","sticky":false,"template":"","format":"standard","meta":{"om_disable_all_campaigns":false,"_monsterinsights_skip_tracking":false,"_monsterinsights_sitenote_active":false,"_monsterinsights_sitenote_note":"","_monsterinsights_sitenote_category":0},"categories":[5],"tags":[],"aioseo_notices":[],"gutentor_comment":0,"rttpg_featured_image_url":{"full":["https:\/\/arantv.az\/wp-content\/uploads\/2019\/11\/a8040b62-3767-4370-b02f-adecbe8d455e.jpg",800,450,false],"landscape":["https:\/\/arantv.az\/wp-content\/uploads\/2019\/11\/a8040b62-3767-4370-b02f-adecbe8d455e.jpg",800,450,false],"portraits":["https:\/\/arantv.az\/wp-content\/uploads\/2019\/11\/a8040b62-3767-4370-b02f-adecbe8d455e.jpg",800,450,false],"thumbnail":["https:\/\/arantv.az\/wp-content\/uploads\/2019\/11\/a8040b62-3767-4370-b02f-adecbe8d455e-150x150.jpg",150,150,true],"medium":["https:\/\/arantv.az\/wp-content\/uploads\/2019\/11\/a8040b62-3767-4370-b02f-adecbe8d455e-300x169.jpg",300,169,true],"large":["https:\/\/arantv.az\/wp-content\/uploads\/2019\/11\/a8040b62-3767-4370-b02f-adecbe8d455e.jpg",640,360,false],"1536x1536":["https:\/\/arantv.az\/wp-content\/uploads\/2019\/11\/a8040b62-3767-4370-b02f-adecbe8d455e.jpg",800,450,false],"2048x2048":["https:\/\/arantv.az\/wp-content\/uploads\/2019\/11\/a8040b62-3767-4370-b02f-adecbe8d455e.jpg",800,450,false],"post-thumbnail":["https:\/\/arantv.az\/wp-content\/uploads\/2019\/11\/a8040b62-3767-4370-b02f-adecbe8d455e-240x172.jpg",240,172,true],"advps-thumb-one":["https:\/\/arantv.az\/wp-content\/uploads\/2019\/11\/a8040b62-3767-4370-b02f-adecbe8d455e.jpg",800,450,false]},"rttpg_author":{"display_name":"V\u00fcsal Rafiqo\u011flu","author_link":"https:\/\/arantv.az\/?author=2"},"rttpg_comment":0,"rttpg_category":"<a href=\"https:\/\/arantv.az\/?cat=5\" rel=\"category\">Hadis\u0259<\/a>","rttpg_excerpt":"Da\u011f\u0131stan Respublikas\u0131n\u0131n \u00c7ontaul k\u0259nd sakini olan qad\u0131n q\u0131z\u0131n\u0131 \u00e7ayda bo\u011faraq \u00f6ld\u00fcrd\u00fcy\u00fcn\u0259 g\u00f6r\u0259 m\u0259hk\u0259m\u0259 qar\u015f\u0131s\u0131na \u00e7\u0131xacaq. Bu bar\u0259d\u0259 Rusiya Federasiyas\u0131n\u0131n respublika \u00fczr\u0259 \u0130stintaq Komit\u0259sinin m\u0259lumat\u0131nda deyilir. \u0130stintaq\u0131n m\u0259lumat\u0131na g\u00f6r\u0259, m\u00fctt\u0259him 2012-ci il t\u0259v\u0259ll\u00fcdl\u00fc q\u0131z\u0131n\u0131n t\u0259hsili v\u0259 t\u0259rbiy\u0259si il\u0259 m\u0259\u015f\u011ful olmaq ist\u0259m\u0259diyi \u00fc\u00e7\u00fcn onu \u00f6ld\u00fcrm\u0259k q\u0259rar\u0131na g\u0259lir. Bel\u0259 ki, 2018-ci il sentyabr\u0131n 6-da qad\u0131n q\u0131z\u0131n\u0131 \u00e7ay\u0131n k\u0259nar\u0131na&hellip;","_links":{"self":[{"href":"https:\/\/arantv.az\/index.php?rest_route=\/wp\/v2\/posts\/99364"}],"collection":[{"href":"https:\/\/arantv.az\/index.php?rest_route=\/wp\/v2\/posts"}],"about":[{"href":"https:\/\/arantv.az\/index.php?rest_route=\/wp\/v2\/types\/post"}],"author":[{"embeddable":true,"href":"https:\/\/arantv.az\/index.php?rest_route=\/wp\/v2\/users\/2"}],"replies":[{"embeddable":true,"href":"https:\/\/arantv.az\/index.php?rest_route=%2Fwp%2Fv2%2Fcomments&post=99364"}],"version-history":[{"count":0,"href":"https:\/\/arantv.az\/index.php?rest_route=\/wp\/v2\/posts\/99364\/revisions"}],"wp:featuredmedia":[{"embeddable":true,"href":"https:\/\/arantv.az\/index.php?rest_route=\/wp\/v2\/media\/99365"}],"wp:attachment":[{"href":"https:\/\/arantv.az\/index.php?rest_route=%2Fwp%2Fv2%2Fmedia&parent=99364"}],"wp:term":[{"taxonomy":"category","embeddable":true,"href":"https:\/\/arantv.az\/index.php?rest_route=%2Fwp%2Fv2%2Fcategories&post=99364"},{"taxonomy":"post_tag","embeddable":true,"href":"https:\/\/arantv.az\/index.php?rest_route=%2Fwp%2Fv2%2Ftags&post=99364"}],"curies":[{"name":"wp","href":"https:\/\/api.w.org\/{rel}","templated":true}]}}