{"id":99376,"date":"2019-11-22T08:10:00","date_gmt":"2019-11-22T05:10:00","guid":{"rendered":"http:\/\/arantv.az\/?p=99376"},"modified":"2019-11-22T08:10:00","modified_gmt":"2019-11-22T05:10:00","slug":"b%c9%99l%c9%99diyy%c9%99-seckil%c9%99rind%c9%99-namiz%c9%99d-olmaq-ist%c9%99y%c9%99nl%c9%99r-ucun-son-gun","status":"publish","type":"post","link":"https:\/\/arantv.az\/?p=99376","title":{"rendered":"B\u0259l\u0259diyy\u0259 se\u00e7kil\u0259rind\u0259 namiz\u0259d olmaq ist\u0259y\u0259nl\u0259r \u00fc\u00e7\u00fcn SON G\u00dcN"},"content":{"rendered":"<p><strong>Bu g\u00fcn Az\u0259rbaycanda dekabr\u0131n 23-d\u0259 ke\u00e7iril\u0259c\u0259k b\u0259l\u0259diyy\u0259 se\u00e7kil\u0259rind\u0259 namiz\u0259dl\u0259rin qeyd\u0259 al\u0131nmas\u0131 \u00fc\u00e7\u00fcn z\u0259ruri olan se\u00e7ki s\u0259n\u0259dl\u0259rinin dair\u0259 se\u00e7ki komissiyas\u0131na t\u0259qdim edilm\u0259si ba\u015fa \u00e7at\u0131r.<\/strong><\/p>\n<p><strong>ARANTV.AZ\u00a0<\/strong>\u00a0<a href=\"http:\/\/az.trend.az\/\" target=\"_blank\" rel=\"noopener\">Trend<\/a>-\u0259 istinad\u0259n bildirir ki,\u00a0Az\u0259rbaycan Respublikas\u0131nda b\u0259l\u0259diyy\u0259 se\u00e7kil\u0259rinin haz\u0131rlan\u0131b ke\u00e7irilm\u0259si \u00fczr\u0259 \u0259sas h\u0259r\u0259k\u0259t v\u0259 t\u0259dbirl\u0259rin T\u0259qvim Plan\u0131na \u0259sas\u0259n, s\u0259n\u0259dl\u0259r s\u0259sverm\u0259 g\u00fcn\u00fcn\u0259 \u0259n \u00e7oxu 50 v\u0259 \u0259n az\u0131 30 g\u00fcn qalm\u0131\u015f, y\u0259ni 2019-cu il noyabr\u0131n 3-d\u0259n noyabr\u0131n 22-i saat 18:00-d\u0259k t\u0259qdim edilm\u0259lidir.<\/p>\n<p>S\u0259n\u0259dl\u0259r namiz\u0259d v\u0259 ya onun s\u0259lahiyy\u0259tli n\u00fcmay\u0259nd\u0259si, siyasi partiyan\u0131n, siyasi partiyalar blokunun s\u0259lahiyy\u0259tli n\u00fcmay\u0259nd\u0259si t\u0259r\u0259find\u0259n t\u0259qdim edilir.<\/p>\n<p>S\u0259n\u0259dl\u0259r q\u0259bul edildikd\u0259n sonra 7 g\u00fcn m\u00fcdd\u0259tind\u0259 dair\u0259 se\u00e7ki komissiyalar\u0131 imza v\u0259r\u0259q\u0259l\u0259ri v\u0259 t\u0259qdim edil\u0259n dig\u0259r s\u0259n\u0259dl\u0259rd\u0259 olan m\u0259lumatlar\u0131n d\u00fczg\u00fcnl\u00fcy\u00fcn\u00fcn yoxlan\u0131lmas\u0131 v\u0259 namiz\u0259din qeyd\u0259 al\u0131n\u0131b-al\u0131nmamas\u0131 haqq\u0131nda q\u0259rar q\u0259bul edir.<\/p>\n","protected":false},"excerpt":{"rendered":"<p>Bu g\u00fcn Az\u0259rbaycanda dekabr\u0131n 23-d\u0259 ke\u00e7iril\u0259c\u0259k b\u0259l\u0259diyy\u0259 se\u00e7kil\u0259rind\u0259 namiz\u0259dl\u0259rin qeyd\u0259 al\u0131nmas\u0131 \u00fc\u00e7\u00fcn z\u0259ruri olan se\u00e7ki s\u0259n\u0259dl\u0259rinin dair\u0259 se\u00e7ki komissiyas\u0131na t\u0259qdim edilm\u0259si ba\u015fa \u00e7at\u0131r. ARANTV.AZ\u00a0\u00a0Trend-\u0259 istinad\u0259n bildirir ki,\u00a0Az\u0259rbaycan Respublikas\u0131nda b\u0259l\u0259diyy\u0259 se\u00e7kil\u0259rinin haz\u0131rlan\u0131b ke\u00e7irilm\u0259si \u00fczr\u0259 \u0259sas h\u0259r\u0259k\u0259t v\u0259 t\u0259dbirl\u0259rin T\u0259qvim Plan\u0131na \u0259sas\u0259n, s\u0259n\u0259dl\u0259r s\u0259sverm\u0259 g\u00fcn\u00fcn\u0259 \u0259n \u00e7oxu 50 v\u0259 \u0259n az\u0131 30 g\u00fcn qalm\u0131\u015f, y\u0259ni 2019-cu il noyabr\u0131n 3-d\u0259n noyabr\u0131n 22-i saat 18:00-d\u0259k t\u0259qdim edilm\u0259lidir. S\u0259n\u0259dl\u0259r namiz\u0259d v\u0259 ya onun s\u0259lahiyy\u0259tli n\u00fcmay\u0259nd\u0259si, siyasi partiyan\u0131n, siyasi partiyalar blokunun s\u0259lahiyy\u0259tli n\u00fcmay\u0259nd\u0259si t\u0259r\u0259find\u0259n t\u0259qdim edilir. S\u0259n\u0259dl\u0259r q\u0259bul edildikd\u0259n sonra 7 g\u00fcn m\u00fcdd\u0259tind\u0259 dair\u0259 se\u00e7ki komissiyalar\u0131&hellip;<\/p>\n","protected":false},"author":2,"featured_media":99377,"comment_status":"closed","ping_status":"closed","sticky":false,"template":"","format":"standard","meta":{"om_disable_all_campaigns":false,"_monsterinsights_skip_tracking":false,"_monsterinsights_sitenote_active":false,"_monsterinsights_sitenote_note":"","_monsterinsights_sitenote_category":0},"categories":[4],"tags":[],"aioseo_notices":[],"gutentor_comment":0,"rttpg_featured_image_url":{"full":["https:\/\/arantv.az\/wp-content\/uploads\/2019\/11\/804214.jpg",600,340,false],"landscape":["https:\/\/arantv.az\/wp-content\/uploads\/2019\/11\/804214.jpg",600,340,false],"portraits":["https:\/\/arantv.az\/wp-content\/uploads\/2019\/11\/804214.jpg",600,340,false],"thumbnail":["https:\/\/arantv.az\/wp-content\/uploads\/2019\/11\/804214-150x150.jpg",150,150,true],"medium":["https:\/\/arantv.az\/wp-content\/uploads\/2019\/11\/804214-300x170.jpg",300,170,true],"large":["https:\/\/arantv.az\/wp-content\/uploads\/2019\/11\/804214.jpg",600,340,false],"1536x1536":["https:\/\/arantv.az\/wp-content\/uploads\/2019\/11\/804214.jpg",600,340,false],"2048x2048":["https:\/\/arantv.az\/wp-content\/uploads\/2019\/11\/804214.jpg",600,340,false],"post-thumbnail":["https:\/\/arantv.az\/wp-content\/uploads\/2019\/11\/804214-240x172.jpg",240,172,true],"advps-thumb-one":["https:\/\/arantv.az\/wp-content\/uploads\/2019\/11\/804214.jpg",600,340,false]},"rttpg_author":{"display_name":"V\u00fcsal Rafiqo\u011flu","author_link":"https:\/\/arantv.az\/?author=2"},"rttpg_comment":0,"rttpg_category":"<a href=\"https:\/\/arantv.az\/?cat=4\" rel=\"category\">Siyas\u0259t<\/a>","rttpg_excerpt":"Bu g\u00fcn Az\u0259rbaycanda dekabr\u0131n 23-d\u0259 ke\u00e7iril\u0259c\u0259k b\u0259l\u0259diyy\u0259 se\u00e7kil\u0259rind\u0259 namiz\u0259dl\u0259rin qeyd\u0259 al\u0131nmas\u0131 \u00fc\u00e7\u00fcn z\u0259ruri olan se\u00e7ki s\u0259n\u0259dl\u0259rinin dair\u0259 se\u00e7ki komissiyas\u0131na t\u0259qdim edilm\u0259si ba\u015fa \u00e7at\u0131r. ARANTV.AZ\u00a0\u00a0Trend-\u0259 istinad\u0259n bildirir ki,\u00a0Az\u0259rbaycan Respublikas\u0131nda b\u0259l\u0259diyy\u0259 se\u00e7kil\u0259rinin haz\u0131rlan\u0131b ke\u00e7irilm\u0259si \u00fczr\u0259 \u0259sas h\u0259r\u0259k\u0259t v\u0259 t\u0259dbirl\u0259rin T\u0259qvim Plan\u0131na \u0259sas\u0259n, s\u0259n\u0259dl\u0259r s\u0259sverm\u0259 g\u00fcn\u00fcn\u0259 \u0259n \u00e7oxu 50 v\u0259 \u0259n az\u0131 30 g\u00fcn qalm\u0131\u015f, y\u0259ni 2019-cu il&hellip;","_links":{"self":[{"href":"https:\/\/arantv.az\/index.php?rest_route=\/wp\/v2\/posts\/99376"}],"collection":[{"href":"https:\/\/arantv.az\/index.php?rest_route=\/wp\/v2\/posts"}],"about":[{"href":"https:\/\/arantv.az\/index.php?rest_route=\/wp\/v2\/types\/post"}],"author":[{"embeddable":true,"href":"https:\/\/arantv.az\/index.php?rest_route=\/wp\/v2\/users\/2"}],"replies":[{"embeddable":true,"href":"https:\/\/arantv.az\/index.php?rest_route=%2Fwp%2Fv2%2Fcomments&post=99376"}],"version-history":[{"count":0,"href":"https:\/\/arantv.az\/index.php?rest_route=\/wp\/v2\/posts\/99376\/revisions"}],"wp:featuredmedia":[{"embeddable":true,"href":"https:\/\/arantv.az\/index.php?rest_route=\/wp\/v2\/media\/99377"}],"wp:attachment":[{"href":"https:\/\/arantv.az\/index.php?rest_route=%2Fwp%2Fv2%2Fmedia&parent=99376"}],"wp:term":[{"taxonomy":"category","embeddable":true,"href":"https:\/\/arantv.az\/index.php?rest_route=%2Fwp%2Fv2%2Fcategories&post=99376"},{"taxonomy":"post_tag","embeddable":true,"href":"https:\/\/arantv.az\/index.php?rest_route=%2Fwp%2Fv2%2Ftags&post=99376"}],"curies":[{"name":"wp","href":"https:\/\/api.w.org\/{rel}","templated":true}]}}