{"id":99444,"date":"2019-11-22T09:59:07","date_gmt":"2019-11-22T06:59:07","guid":{"rendered":"http:\/\/arantv.az\/?p=99444"},"modified":"2019-11-22T09:59:07","modified_gmt":"2019-11-22T06:59:07","slug":"az%c9%99rbaycanda-bu-olk%c9%99nin-170-sirk%c9%99ti-isl%c9%99yir","status":"publish","type":"post","link":"https:\/\/arantv.az\/?p=99444","title":{"rendered":"Az\u0259rbaycanda bu \u00f6lk\u0259nin 170 \u015firk\u0259ti i\u015fl\u0259yir"},"content":{"rendered":"<p><strong>Az\u0259rbaycanda Hindistan kapital\u0131 il\u0259 170 \u015firk\u0259t f\u0259aliyy\u0259t g\u00f6st\u0259rir.<\/strong><\/p>\n<p><strong>ARANTV.AZ\u00a0<\/strong>\u00a0<a href=\"http:\/\/az.trend.az\/\" target=\"_blank\" rel=\"noopener\">Trend<\/a>-\u0259 istinad\u0259n bildirir ki,\u00a0bunu Az\u0259rbaycan Respublikas\u0131 Sahibkarlar (\u0130\u015f\u0259g\u00f6t\u00fcr\u0259nl\u0259r) T\u0259\u015fkilatlar\u0131 Milli Konfederasiyas\u0131n\u0131n vitse-prezidenti V\u00fcqar Zeynalov deyib.<\/p>\n<p>O, h\u0259m\u00e7inin yax\u0131n g\u0259l\u0259c\u0259kd\u0259 bu r\u0259q\u0259min 2 d\u0259f\u0259 artaca\u011f\u0131na \u00fcmid etdiyini qeyd edib.<\/p>\n<p>\u0130ki \u00f6lk\u0259 aras\u0131nda qar\u015f\u0131l\u0131ql\u0131 investisiya qoyulu\u015funun artmas\u0131 m\u00f6vzusunda dan\u0131\u015fark\u0259n V.Zeynalov bildirib ki, bu istiqam\u0259td\u0259 turizm perspektivli sah\u0259l\u0259rd\u0259n biridir:<\/p>\n<p>&#8220;M\u0259s\u0259l\u0259n, ilin \u0259vv\u0259lind\u0259n Az\u0259rbaycan Hindistandan 40 min turist q\u0259bul edib&#8221;.<\/p>\n<p>Konfederasiyan\u0131n vitse-prezidenti ikit\u0259r\u0259fli m\u00fcnasib\u0259tl\u0259rin inki\u015faf\u0131 \u00fc\u00e7\u00fcn daha bir sah\u0259nin informasiya-telekommunikasiya texnologiyalar\u0131 oldu\u011funu da vur\u011fulay\u0131b.<\/p>\n","protected":false},"excerpt":{"rendered":"<p>Az\u0259rbaycanda Hindistan kapital\u0131 il\u0259 170 \u015firk\u0259t f\u0259aliyy\u0259t g\u00f6st\u0259rir. ARANTV.AZ\u00a0\u00a0Trend-\u0259 istinad\u0259n bildirir ki,\u00a0bunu Az\u0259rbaycan Respublikas\u0131 Sahibkarlar (\u0130\u015f\u0259g\u00f6t\u00fcr\u0259nl\u0259r) T\u0259\u015fkilatlar\u0131 Milli Konfederasiyas\u0131n\u0131n vitse-prezidenti V\u00fcqar Zeynalov deyib. O, h\u0259m\u00e7inin yax\u0131n g\u0259l\u0259c\u0259kd\u0259 bu r\u0259q\u0259min 2 d\u0259f\u0259 artaca\u011f\u0131na \u00fcmid etdiyini qeyd edib. \u0130ki \u00f6lk\u0259 aras\u0131nda qar\u015f\u0131l\u0131ql\u0131 investisiya qoyulu\u015funun artmas\u0131 m\u00f6vzusunda dan\u0131\u015fark\u0259n V.Zeynalov bildirib ki, bu istiqam\u0259td\u0259 turizm perspektivli sah\u0259l\u0259rd\u0259n biridir: &#8220;M\u0259s\u0259l\u0259n, ilin \u0259vv\u0259lind\u0259n Az\u0259rbaycan Hindistandan 40 min turist q\u0259bul edib&#8221;. Konfederasiyan\u0131n vitse-prezidenti ikit\u0259r\u0259fli m\u00fcnasib\u0259tl\u0259rin inki\u015faf\u0131 \u00fc\u00e7\u00fcn daha bir sah\u0259nin informasiya-telekommunikasiya texnologiyalar\u0131 oldu\u011funu da vur\u011fulay\u0131b.<\/p>\n","protected":false},"author":2,"featured_media":99445,"comment_status":"closed","ping_status":"closed","sticky":false,"template":"","format":"standard","meta":{"om_disable_all_campaigns":false,"_monsterinsights_skip_tracking":false,"_monsterinsights_sitenote_active":false,"_monsterinsights_sitenote_note":"","_monsterinsights_sitenote_category":0},"categories":[1],"tags":[],"aioseo_notices":[],"gutentor_comment":0,"rttpg_featured_image_url":{"full":["https:\/\/arantv.az\/wp-content\/uploads\/2019\/11\/baki_287347576786.jpg",800,600,false],"landscape":["https:\/\/arantv.az\/wp-content\/uploads\/2019\/11\/baki_287347576786.jpg",800,600,false],"portraits":["https:\/\/arantv.az\/wp-content\/uploads\/2019\/11\/baki_287347576786.jpg",800,600,false],"thumbnail":["https:\/\/arantv.az\/wp-content\/uploads\/2019\/11\/baki_287347576786-150x150.jpg",150,150,true],"medium":["https:\/\/arantv.az\/wp-content\/uploads\/2019\/11\/baki_287347576786-300x225.jpg",300,225,true],"large":["https:\/\/arantv.az\/wp-content\/uploads\/2019\/11\/baki_287347576786.jpg",640,480,false],"1536x1536":["https:\/\/arantv.az\/wp-content\/uploads\/2019\/11\/baki_287347576786.jpg",800,600,false],"2048x2048":["https:\/\/arantv.az\/wp-content\/uploads\/2019\/11\/baki_287347576786.jpg",800,600,false],"post-thumbnail":["https:\/\/arantv.az\/wp-content\/uploads\/2019\/11\/baki_287347576786-240x172.jpg",240,172,true],"advps-thumb-one":["https:\/\/arantv.az\/wp-content\/uploads\/2019\/11\/baki_287347576786.jpg",800,600,false]},"rttpg_author":{"display_name":"V\u00fcsal Rafiqo\u011flu","author_link":"https:\/\/arantv.az\/?author=2"},"rttpg_comment":0,"rttpg_category":"<a href=\"https:\/\/arantv.az\/?cat=1\" rel=\"category\">C\u0259miyy\u0259t<\/a>","rttpg_excerpt":"Az\u0259rbaycanda Hindistan kapital\u0131 il\u0259 170 \u015firk\u0259t f\u0259aliyy\u0259t g\u00f6st\u0259rir. ARANTV.AZ\u00a0\u00a0Trend-\u0259 istinad\u0259n bildirir ki,\u00a0bunu Az\u0259rbaycan Respublikas\u0131 Sahibkarlar (\u0130\u015f\u0259g\u00f6t\u00fcr\u0259nl\u0259r) T\u0259\u015fkilatlar\u0131 Milli Konfederasiyas\u0131n\u0131n vitse-prezidenti V\u00fcqar Zeynalov deyib. O, h\u0259m\u00e7inin yax\u0131n g\u0259l\u0259c\u0259kd\u0259 bu r\u0259q\u0259min 2 d\u0259f\u0259 artaca\u011f\u0131na \u00fcmid etdiyini qeyd edib. \u0130ki \u00f6lk\u0259 aras\u0131nda qar\u015f\u0131l\u0131ql\u0131 investisiya qoyulu\u015funun artmas\u0131 m\u00f6vzusunda dan\u0131\u015fark\u0259n V.Zeynalov bildirib ki, bu istiqam\u0259td\u0259 turizm perspektivli sah\u0259l\u0259rd\u0259n biridir: &#8220;M\u0259s\u0259l\u0259n,&hellip;","_links":{"self":[{"href":"https:\/\/arantv.az\/index.php?rest_route=\/wp\/v2\/posts\/99444"}],"collection":[{"href":"https:\/\/arantv.az\/index.php?rest_route=\/wp\/v2\/posts"}],"about":[{"href":"https:\/\/arantv.az\/index.php?rest_route=\/wp\/v2\/types\/post"}],"author":[{"embeddable":true,"href":"https:\/\/arantv.az\/index.php?rest_route=\/wp\/v2\/users\/2"}],"replies":[{"embeddable":true,"href":"https:\/\/arantv.az\/index.php?rest_route=%2Fwp%2Fv2%2Fcomments&post=99444"}],"version-history":[{"count":0,"href":"https:\/\/arantv.az\/index.php?rest_route=\/wp\/v2\/posts\/99444\/revisions"}],"wp:featuredmedia":[{"embeddable":true,"href":"https:\/\/arantv.az\/index.php?rest_route=\/wp\/v2\/media\/99445"}],"wp:attachment":[{"href":"https:\/\/arantv.az\/index.php?rest_route=%2Fwp%2Fv2%2Fmedia&parent=99444"}],"wp:term":[{"taxonomy":"category","embeddable":true,"href":"https:\/\/arantv.az\/index.php?rest_route=%2Fwp%2Fv2%2Fcategories&post=99444"},{"taxonomy":"post_tag","embeddable":true,"href":"https:\/\/arantv.az\/index.php?rest_route=%2Fwp%2Fv2%2Ftags&post=99444"}],"curies":[{"name":"wp","href":"https:\/\/api.w.org\/{rel}","templated":true}]}}