{"id":99617,"date":"2019-11-22T11:57:06","date_gmt":"2019-11-22T08:57:06","guid":{"rendered":"http:\/\/arantv.az\/?p=99617"},"modified":"2019-11-22T11:57:06","modified_gmt":"2019-11-22T08:57:06","slug":"hicran-huseynova-kisi-aliment-vermirs%c9%99-olk%c9%99d%c9%99n-cixisina-qadaga-qoyulmalidir","status":"publish","type":"post","link":"https:\/\/arantv.az\/?p=99617","title":{"rendered":"Hicran H\u00fcseynova: &#8220;Ki\u015fi aliment vermirs\u0259, \u00f6lk\u0259d\u0259n \u00e7\u0131x\u0131\u015f\u0131na qada\u011fa qoyulmal\u0131d\u0131r&#8221;"},"content":{"rendered":"<p>&#8220;Qad\u0131nlar biz\u0259 m\u00fcraci\u0259t edirl\u0259r ki, aliment ala bilmirl\u0259r. Ki\u015fi aliment vermirs\u0259, \u00f6lk\u0259d\u0259n \u00e7\u0131x\u0131\u015f\u0131na qada\u011fa qoyulmal\u0131d\u0131r&#8221;.<\/p>\n<p><b>ARANTV.AZ<\/b>-\u0131n m\u0259lumat\u0131na g\u00f6r\u0259, bunu bu g\u00fcn ke\u00e7iril\u0259n m\u0259tbuat konfrans\u0131nda Ail\u0259, Qad\u0131n v\u0259 U\u015faq Probleml\u0259ri \u00fczr\u0259 D\u00f6vl\u0259t Komit\u0259sinin s\u0259dri Hicran H\u00fcseynova bildirib.<\/p>\n<div><\/div>\n<p>H. H\u00fcseynova deyib ki, d\u00fcnya t\u0259cr\u00fcb\u0259sind\u0259 aliment verilm\u0259y\u0259nd\u0259 Aliment Fondu verir, ancaq ki\u015fi sonra Aliment Fonduna ikiqat art\u0131q v\u0259sait \u00f6d\u0259yir: &#8220;Ona g\u00f6r\u0259 d\u0259 Az\u0259rbaycanda da Aliment Fondu yaransa, yax\u015f\u0131 olar&#8221;.Sonxeber.az<\/p>\n","protected":false},"excerpt":{"rendered":"<p>&#8220;Qad\u0131nlar biz\u0259 m\u00fcraci\u0259t edirl\u0259r ki, aliment ala bilmirl\u0259r. Ki\u015fi aliment vermirs\u0259, \u00f6lk\u0259d\u0259n \u00e7\u0131x\u0131\u015f\u0131na qada\u011fa qoyulmal\u0131d\u0131r&#8221;. ARANTV.AZ-\u0131n m\u0259lumat\u0131na g\u00f6r\u0259, bunu bu g\u00fcn ke\u00e7iril\u0259n m\u0259tbuat konfrans\u0131nda Ail\u0259, Qad\u0131n v\u0259 U\u015faq Probleml\u0259ri \u00fczr\u0259 D\u00f6vl\u0259t Komit\u0259sinin s\u0259dri Hicran H\u00fcseynova bildirib. H. H\u00fcseynova deyib ki, d\u00fcnya t\u0259cr\u00fcb\u0259sind\u0259 aliment verilm\u0259y\u0259nd\u0259 Aliment Fondu verir, ancaq ki\u015fi sonra Aliment Fonduna ikiqat art\u0131q v\u0259sait \u00f6d\u0259yir: &#8220;Ona g\u00f6r\u0259 d\u0259 Az\u0259rbaycanda da Aliment Fondu yaransa, yax\u015f\u0131 olar&#8221;.Sonxeber.az<\/p>\n","protected":false},"author":2,"featured_media":99618,"comment_status":"closed","ping_status":"closed","sticky":false,"template":"","format":"standard","meta":{"om_disable_all_campaigns":false,"_monsterinsights_skip_tracking":false,"_monsterinsights_sitenote_active":false,"_monsterinsights_sitenote_note":"","_monsterinsights_sitenote_category":0},"categories":[1],"tags":[],"aioseo_notices":[],"gutentor_comment":0,"rttpg_featured_image_url":{"full":["https:\/\/arantv.az\/wp-content\/uploads\/2019\/11\/15744106921.jpg",549,332,false],"landscape":["https:\/\/arantv.az\/wp-content\/uploads\/2019\/11\/15744106921.jpg",549,332,false],"portraits":["https:\/\/arantv.az\/wp-content\/uploads\/2019\/11\/15744106921.jpg",549,332,false],"thumbnail":["https:\/\/arantv.az\/wp-content\/uploads\/2019\/11\/15744106921-150x150.jpg",150,150,true],"medium":["https:\/\/arantv.az\/wp-content\/uploads\/2019\/11\/15744106921-300x181.jpg",300,181,true],"large":["https:\/\/arantv.az\/wp-content\/uploads\/2019\/11\/15744106921.jpg",549,332,false],"1536x1536":["https:\/\/arantv.az\/wp-content\/uploads\/2019\/11\/15744106921.jpg",549,332,false],"2048x2048":["https:\/\/arantv.az\/wp-content\/uploads\/2019\/11\/15744106921.jpg",549,332,false],"post-thumbnail":["https:\/\/arantv.az\/wp-content\/uploads\/2019\/11\/15744106921-240x172.jpg",240,172,true],"advps-thumb-one":["https:\/\/arantv.az\/wp-content\/uploads\/2019\/11\/15744106921.jpg",549,332,false]},"rttpg_author":{"display_name":"V\u00fcsal Rafiqo\u011flu","author_link":"https:\/\/arantv.az\/?author=2"},"rttpg_comment":0,"rttpg_category":"<a href=\"https:\/\/arantv.az\/?cat=1\" rel=\"category\">C\u0259miyy\u0259t<\/a>","rttpg_excerpt":"&#8220;Qad\u0131nlar biz\u0259 m\u00fcraci\u0259t edirl\u0259r ki, aliment ala bilmirl\u0259r. Ki\u015fi aliment vermirs\u0259, \u00f6lk\u0259d\u0259n \u00e7\u0131x\u0131\u015f\u0131na qada\u011fa qoyulmal\u0131d\u0131r&#8221;. ARANTV.AZ-\u0131n m\u0259lumat\u0131na g\u00f6r\u0259, bunu bu g\u00fcn ke\u00e7iril\u0259n m\u0259tbuat konfrans\u0131nda Ail\u0259, Qad\u0131n v\u0259 U\u015faq Probleml\u0259ri \u00fczr\u0259 D\u00f6vl\u0259t Komit\u0259sinin s\u0259dri Hicran H\u00fcseynova bildirib. H. H\u00fcseynova deyib ki, d\u00fcnya t\u0259cr\u00fcb\u0259sind\u0259 aliment verilm\u0259y\u0259nd\u0259 Aliment Fondu verir, ancaq ki\u015fi sonra Aliment Fonduna ikiqat art\u0131q v\u0259sait&hellip;","_links":{"self":[{"href":"https:\/\/arantv.az\/index.php?rest_route=\/wp\/v2\/posts\/99617"}],"collection":[{"href":"https:\/\/arantv.az\/index.php?rest_route=\/wp\/v2\/posts"}],"about":[{"href":"https:\/\/arantv.az\/index.php?rest_route=\/wp\/v2\/types\/post"}],"author":[{"embeddable":true,"href":"https:\/\/arantv.az\/index.php?rest_route=\/wp\/v2\/users\/2"}],"replies":[{"embeddable":true,"href":"https:\/\/arantv.az\/index.php?rest_route=%2Fwp%2Fv2%2Fcomments&post=99617"}],"version-history":[{"count":0,"href":"https:\/\/arantv.az\/index.php?rest_route=\/wp\/v2\/posts\/99617\/revisions"}],"wp:featuredmedia":[{"embeddable":true,"href":"https:\/\/arantv.az\/index.php?rest_route=\/wp\/v2\/media\/99618"}],"wp:attachment":[{"href":"https:\/\/arantv.az\/index.php?rest_route=%2Fwp%2Fv2%2Fmedia&parent=99617"}],"wp:term":[{"taxonomy":"category","embeddable":true,"href":"https:\/\/arantv.az\/index.php?rest_route=%2Fwp%2Fv2%2Fcategories&post=99617"},{"taxonomy":"post_tag","embeddable":true,"href":"https:\/\/arantv.az\/index.php?rest_route=%2Fwp%2Fv2%2Ftags&post=99617"}],"curies":[{"name":"wp","href":"https:\/\/api.w.org\/{rel}","templated":true}]}}