{"id":99625,"date":"2019-11-22T12:14:05","date_gmt":"2019-11-22T09:14:05","guid":{"rendered":"http:\/\/arantv.az\/?p=99625"},"modified":"2019-11-22T12:14:05","modified_gmt":"2019-11-22T09:14:05","slug":"deputat-az%c9%99rbaycanda-b%c9%99l%c9%99diyy%c9%99l%c9%99rin-s%c9%99lahiyy%c9%99tl%c9%99ri-%c9%99n-asagi-s%c9%99viyy%c9%99d%c9%99dir","status":"publish","type":"post","link":"https:\/\/arantv.az\/?p=99625","title":{"rendered":"Deputat: &#8220;Az\u0259rbaycanda b\u0259l\u0259diyy\u0259l\u0259rin s\u0259lahiyy\u0259tl\u0259ri \u0259n a\u015fa\u011f\u0131 s\u0259viyy\u0259d\u0259dir&#8221;"},"content":{"rendered":"<p><strong>&#8220;Az\u0259rbaycanda b\u0259l\u0259diyy\u0259l\u0259rin c\u0259lbediciliyi yet\u0259rli s\u0259viyy\u0259d\u0259 deyil, onlar\u0131n s\u0259lahiyy\u0259tl\u0259ri \u0259n a\u015fa\u011f\u0131 s\u0259viyy\u0259d\u0259dir&#8221;.<\/strong><\/p>\n<p><strong>ARANTV.AZ<\/strong>\u00a0\u00a0<a href=\"https:\/\/az.trend.az\/\" target=\"_blank\" rel=\"noopener\">Trend<\/a>-\u0259 istinad\u0259n x\u0259b\u0259r verir ki, bunu Milli M\u0259clisin deputat\u0131 Fazil Mustafa &#8220;Gender \u0259sasl\u0131 B\u0259l\u0259diyy\u0259 Akademiyas\u0131&#8221;n\u0131n a\u00e7\u0131l\u0131\u015f m\u0259rasimind\u0259 \u00e7\u0131x\u0131\u015f\u0131 zaman\u0131 deyib.<\/p>\n<p>Onun s\u00f6zl\u0259rin\u0259 g\u00f6r\u0259, b\u0259l\u0259diyy\u0259l\u0259ri laz\u0131mi q\u0259d\u0259r inki\u015faf etdirm\u0259k m\u00fcmk\u00fcn olmad\u0131\u011f\u0131 \u00fc\u00e7\u00fcn insanlar\u0131 b\u0259l\u0259diyy\u0259 se\u00e7kil\u0259rind\u0259 i\u015ftirak etm\u0259y\u0259 s\u00f6vq etm\u0259k \u00e7\u0259tinlik yarad\u0131r.<\/p>\n<p>F.Mustafa qeyd edib ki, bu g\u00fcn Az\u0259rbaycanda b\u0259l\u0259diyy\u0259l\u0259rin maliyy\u0259 imkanlar\u0131, b\u00fcdc\u0259l\u0259ri yet\u0259rli s\u0259viyy\u0259d\u0259 deyil. Onlar\u0131n reklam imkanlar\u0131 m\u0259hduddur.<\/p>\n<p>Deputat \u0259lav\u0259 edib ki, b\u0259l\u0259diyy\u0259l\u0259r h\u0259r hans\u0131 yerli s\u0259viyy\u0259d\u0259 ki\u00e7ik problemin h\u0259ll etm\u0259k g\u00fcc\u00fcn\u0259 malik deyill\u0259r: &#8220;B\u0259l\u0259diyy\u0259l\u0259r yeni yarand\u0131qda onlar\u0131n \u0259sas funksiyalar\u0131 torpaq alq\u0131-satq\u0131s\u0131 il\u0259 m\u0259\u015f\u011ful olmaq idi. \u0130ndi onlar\u0131n torpaq resurslar\u0131 t\u00fck\u0259ndiyin\u0259 g\u00f6r\u0259 sanki i\u015fsiz bir quruma \u00e7evrilm\u0259kd\u0259dirl\u0259r. Biz onlar\u0131 dir\u00e7\u0259ltm\u0259liyik, \u00e7\u00fcnki b\u0259l\u0259diyy\u0259l\u0259rin g\u00fccl\u0259nm\u0259si d\u00f6vl\u0259tin g\u00fccl\u0259nm\u0259si, onun b\u00fcdc\u0259 y\u00fck\u00fcn\u00fcn azalmas\u0131 dem\u0259kdir&#8221;.<\/p>\n<p>F.Mustafa bildirib ki, Az\u0259rbaycanda kifay\u0259t q\u0259d\u0259r f\u0259al qad\u0131n olsa da, onlar c\u0259miyy\u0259t h\u0259yat\u0131 \u00fc\u00e7\u00fcn \u00f6z qabiliyy\u0259tl\u0259rini s\u0259rf ed\u0259 bilmirl\u0259r.<\/p>\n<p>Deputat deyib ki, bu g\u00fcn Milli M\u0259clisd\u0259 qad\u0131nlar\u0131n t\u0259msil olunma g\u00f6st\u0259ricisi 14 faizdir. Bunu olduqca a\u015fa\u011f\u0131 g\u00f6st\u0259rici sayan F.Mustafa vur\u011fulay\u0131b ki, qad\u0131nlar idar\u0259etm\u0259d\u0259 kvota \u0259sas\u0131nda t\u0259msil olunmamal\u0131d\u0131r.<\/p>\n","protected":false},"excerpt":{"rendered":"<p>&#8220;Az\u0259rbaycanda b\u0259l\u0259diyy\u0259l\u0259rin c\u0259lbediciliyi yet\u0259rli s\u0259viyy\u0259d\u0259 deyil, onlar\u0131n s\u0259lahiyy\u0259tl\u0259ri \u0259n a\u015fa\u011f\u0131 s\u0259viyy\u0259d\u0259dir&#8221;. ARANTV.AZ\u00a0\u00a0Trend-\u0259 istinad\u0259n x\u0259b\u0259r verir ki, bunu Milli M\u0259clisin deputat\u0131 Fazil Mustafa &#8220;Gender \u0259sasl\u0131 B\u0259l\u0259diyy\u0259 Akademiyas\u0131&#8221;n\u0131n a\u00e7\u0131l\u0131\u015f m\u0259rasimind\u0259 \u00e7\u0131x\u0131\u015f\u0131 zaman\u0131 deyib. Onun s\u00f6zl\u0259rin\u0259 g\u00f6r\u0259, b\u0259l\u0259diyy\u0259l\u0259ri laz\u0131mi q\u0259d\u0259r inki\u015faf etdirm\u0259k m\u00fcmk\u00fcn olmad\u0131\u011f\u0131 \u00fc\u00e7\u00fcn insanlar\u0131 b\u0259l\u0259diyy\u0259 se\u00e7kil\u0259rind\u0259 i\u015ftirak etm\u0259y\u0259 s\u00f6vq etm\u0259k \u00e7\u0259tinlik yarad\u0131r. F.Mustafa qeyd edib ki, bu g\u00fcn Az\u0259rbaycanda b\u0259l\u0259diyy\u0259l\u0259rin maliyy\u0259 imkanlar\u0131, b\u00fcdc\u0259l\u0259ri yet\u0259rli s\u0259viyy\u0259d\u0259 deyil. Onlar\u0131n reklam imkanlar\u0131 m\u0259hduddur. Deputat \u0259lav\u0259 edib ki, b\u0259l\u0259diyy\u0259l\u0259r h\u0259r hans\u0131 yerli s\u0259viyy\u0259d\u0259 ki\u00e7ik problemin h\u0259ll etm\u0259k g\u00fcc\u00fcn\u0259 malik deyill\u0259r: &#8220;B\u0259l\u0259diyy\u0259l\u0259r yeni yarand\u0131qda onlar\u0131n \u0259sas&hellip;<\/p>\n","protected":false},"author":2,"featured_media":99626,"comment_status":"closed","ping_status":"closed","sticky":false,"template":"","format":"standard","meta":{"om_disable_all_campaigns":false,"_monsterinsights_skip_tracking":false,"_monsterinsights_sitenote_active":false,"_monsterinsights_sitenote_note":"","_monsterinsights_sitenote_category":0},"categories":[19],"tags":[],"aioseo_notices":[],"gutentor_comment":0,"rttpg_featured_image_url":{"full":["https:\/\/arantv.az\/wp-content\/uploads\/2019\/11\/fazil_mustafa_0254.jpg",800,600,false],"landscape":["https:\/\/arantv.az\/wp-content\/uploads\/2019\/11\/fazil_mustafa_0254.jpg",800,600,false],"portraits":["https:\/\/arantv.az\/wp-content\/uploads\/2019\/11\/fazil_mustafa_0254.jpg",800,600,false],"thumbnail":["https:\/\/arantv.az\/wp-content\/uploads\/2019\/11\/fazil_mustafa_0254-150x150.jpg",150,150,true],"medium":["https:\/\/arantv.az\/wp-content\/uploads\/2019\/11\/fazil_mustafa_0254-300x225.jpg",300,225,true],"large":["https:\/\/arantv.az\/wp-content\/uploads\/2019\/11\/fazil_mustafa_0254.jpg",640,480,false],"1536x1536":["https:\/\/arantv.az\/wp-content\/uploads\/2019\/11\/fazil_mustafa_0254.jpg",800,600,false],"2048x2048":["https:\/\/arantv.az\/wp-content\/uploads\/2019\/11\/fazil_mustafa_0254.jpg",800,600,false],"post-thumbnail":["https:\/\/arantv.az\/wp-content\/uploads\/2019\/11\/fazil_mustafa_0254-240x172.jpg",240,172,true],"advps-thumb-one":["https:\/\/arantv.az\/wp-content\/uploads\/2019\/11\/fazil_mustafa_0254.jpg",800,600,false]},"rttpg_author":{"display_name":"V\u00fcsal Rafiqo\u011flu","author_link":"https:\/\/arantv.az\/?author=2"},"rttpg_comment":0,"rttpg_category":"<a href=\"https:\/\/arantv.az\/?cat=19\" rel=\"category\">G\u00fcnd\u0259m<\/a>","rttpg_excerpt":"&#8220;Az\u0259rbaycanda b\u0259l\u0259diyy\u0259l\u0259rin c\u0259lbediciliyi yet\u0259rli s\u0259viyy\u0259d\u0259 deyil, onlar\u0131n s\u0259lahiyy\u0259tl\u0259ri \u0259n a\u015fa\u011f\u0131 s\u0259viyy\u0259d\u0259dir&#8221;. ARANTV.AZ\u00a0\u00a0Trend-\u0259 istinad\u0259n x\u0259b\u0259r verir ki, bunu Milli M\u0259clisin deputat\u0131 Fazil Mustafa &#8220;Gender \u0259sasl\u0131 B\u0259l\u0259diyy\u0259 Akademiyas\u0131&#8221;n\u0131n a\u00e7\u0131l\u0131\u015f m\u0259rasimind\u0259 \u00e7\u0131x\u0131\u015f\u0131 zaman\u0131 deyib. Onun s\u00f6zl\u0259rin\u0259 g\u00f6r\u0259, b\u0259l\u0259diyy\u0259l\u0259ri laz\u0131mi q\u0259d\u0259r inki\u015faf etdirm\u0259k m\u00fcmk\u00fcn olmad\u0131\u011f\u0131 \u00fc\u00e7\u00fcn insanlar\u0131 b\u0259l\u0259diyy\u0259 se\u00e7kil\u0259rind\u0259 i\u015ftirak etm\u0259y\u0259 s\u00f6vq etm\u0259k \u00e7\u0259tinlik yarad\u0131r. F.Mustafa qeyd edib ki,&hellip;","_links":{"self":[{"href":"https:\/\/arantv.az\/index.php?rest_route=\/wp\/v2\/posts\/99625"}],"collection":[{"href":"https:\/\/arantv.az\/index.php?rest_route=\/wp\/v2\/posts"}],"about":[{"href":"https:\/\/arantv.az\/index.php?rest_route=\/wp\/v2\/types\/post"}],"author":[{"embeddable":true,"href":"https:\/\/arantv.az\/index.php?rest_route=\/wp\/v2\/users\/2"}],"replies":[{"embeddable":true,"href":"https:\/\/arantv.az\/index.php?rest_route=%2Fwp%2Fv2%2Fcomments&post=99625"}],"version-history":[{"count":0,"href":"https:\/\/arantv.az\/index.php?rest_route=\/wp\/v2\/posts\/99625\/revisions"}],"wp:featuredmedia":[{"embeddable":true,"href":"https:\/\/arantv.az\/index.php?rest_route=\/wp\/v2\/media\/99626"}],"wp:attachment":[{"href":"https:\/\/arantv.az\/index.php?rest_route=%2Fwp%2Fv2%2Fmedia&parent=99625"}],"wp:term":[{"taxonomy":"category","embeddable":true,"href":"https:\/\/arantv.az\/index.php?rest_route=%2Fwp%2Fv2%2Fcategories&post=99625"},{"taxonomy":"post_tag","embeddable":true,"href":"https:\/\/arantv.az\/index.php?rest_route=%2Fwp%2Fv2%2Ftags&post=99625"}],"curies":[{"name":"wp","href":"https:\/\/api.w.org\/{rel}","templated":true}]}}