{"id":99661,"date":"2019-11-22T12:37:10","date_gmt":"2019-11-22T09:37:10","guid":{"rendered":"http:\/\/arantv.az\/?p=99661"},"modified":"2019-11-22T12:37:10","modified_gmt":"2019-11-22T09:37:10","slug":"m%c9%99shur-bokscu-az%c9%99rbaycan-idmancisina-m%c9%99glubiyy%c9%99t-m%c9%99ni-daha-cox-incidib-video","status":"publish","type":"post","link":"https:\/\/arantv.az\/?p=99661","title":{"rendered":"M\u0259\u015fhur boks\u00e7u: Az\u0259rbaycan idman\u00e7\u0131s\u0131na m\u0259\u011flubiyy\u0259t m\u0259ni daha \u00e7ox incidib &#8211; V\u0130DEO"},"content":{"rendered":"<p>Karyeramda Az\u0259rbaycanda ald\u0131\u011f\u0131m m\u0259\u011flubiyy\u0259t m\u0259ni daha \u00e7ox incidib.<\/p>\n<p><b>ARANTV.AZ\u00a0<\/b> x\u0259b\u0259r verir ki, bunu ingilt\u0259r\u0259li m\u0259\u015fhur pe\u015f\u0259kar boks\u00e7u Entoni Co\u015fua deyib.<\/p>\n<p>Dekabr\u0131n 7-d\u0259 S\u0259udiyy\u0259 \u018fr\u0259bistan\u0131n\u0131n Diriy\u0259 \u015f\u0259h\u0259rind\u0259 WBA (Super), IBF, WBO v\u0259 IBO t\u0259\u015fkilatlar\u0131n\u0131n birg\u0259 d\u00fcnya k\u0259m\u0259ri u\u011frunda g\u00f6r\u00fc\u015f olacaq. Bu ilin iyunun 1-d\u0259 Nyu-Yorkda amerikal\u0131 boks\u00e7u Endi Ruis\u0259 yeddinci raundda uduzmu\u015f Co\u015fua bu d\u0259f\u0259 k\u0259m\u0259ri qaytarmaq \u00fc\u00e7\u00fcn 12 raundluq revan\u015f g\u00f6r\u00fc\u015f\u00fcn\u0259 \u00e7\u0131xacaq.<\/p>\n<div id=\"AdviadNativeVideo0\" class=\"AdviadNativeVideo\"><\/div>\n<p>Lakin 30 ya\u015fl\u0131 Co\u015fua iyunda Ruisd\u0259n ald\u0131\u011f\u0131 m\u0259\u011flubiyy\u0259tin (ke\u00e7irdiyi 23 pe\u015f\u0259kar boks d\u00f6y\u00fc\u015f\u00fcnd\u0259 ilk yenilgisi olub \u2013 S.M.) ona o q\u0259d\u0259r d\u0259 \u00e7ox t\u0259sir etm\u0259diyini bildirib. O\u00a0qeyd edib ki, 2011-ci ild\u0259 Bak\u0131da ke\u00e7iril\u0259n h\u0259v\u0259skar boks \u00fczr\u0259 d\u00fcnya \u00e7empionat\u0131n\u0131n final\u0131nda Az\u0259rbaycan t\u0259msil\u00e7isi M\u0259h\u0259mm\u0259dr\u0259sul M\u0259cidova uduzmas\u0131 ona daha \u00e7ox t\u0259sir edib:<\/p>\n<p>\u201cNiy\u0259 Nyu-Yorkda uduzdu\u011fumu bilmir\u0259m. Ancaq Az\u0259rbaycandak\u0131 m\u0259\u011flubiyy\u0259t m\u0259n\u0259 daha \u00e7ox t\u0259sir edib. Ruisi is\u0259 m\u0259n dekabrda m\u0259\u011flub ed\u0259c\u0259y\u0259m\u201d.<\/p>\n<p>Qeyd ed\u0259k ki, M\u0259h\u0259mm\u0259dr\u0259sul M\u0259cidov ilk d\u00fcnya \u00e7empionlu\u011funu m\u0259hz Entoni Co\u015fua \u00fcz\u0259rind\u0259 \u00e7ald\u0131\u011f\u0131 q\u0259l\u0259b\u0259 il\u0259 qazan\u0131b. O, hakiml\u0259rin q\u0259rar\u0131na \u0259sas\u0259n 22:21 hesab\u0131 il\u0259 qalib elan olunub. Az\u0259rbaycan Prezidenti \u0130lham \u018fliyev q\u0131z\u0131l medal\u0131 \u015f\u0259xs\u0259n M\u0259cidovun boynundan as\u0131b.<\/p>\n<div><iframe loading=\"lazy\" src=\"https:\/\/www.youtube.com\/embed\/K7MTAb5d6BM\" width=\"697\" height=\"392\" frameborder=\"0\" allowfullscreen=\"allowfullscreen\" data-mce-fragment=\"1\"><\/iframe><\/div>\n<p>Yeri g\u0259lmi\u015fk\u0259n, daha \u0259vv\u0259l qeyd etdiyimiz kimi, Endi Ruis \u2013 Entoni Co\u015fua d\u00f6y\u00fc\u015f gec\u0259sind\u0259 h\u0259v\u0259skar boks \u00fczr\u0259 Olimpiya m\u00fckafat\u00e7\u0131m\u0131z, \u00fc\u00e7qat d\u00fcnya v\u0259 Avropa \u00e7empionumuz M\u0259h\u0259mm\u0259dr\u0259sul M\u0259cidovun da ikinci g\u00f6r\u00fc\u015f\u00fcn\u0259 \u00e7\u0131xaca\u011f\u0131 g\u00f6zl\u0259nilir. O, ingilt\u0259r\u0259li Tom Litlla m\u0259hz Diriy\u0259 Arenas\u0131nda qar\u015f\u0131la\u015facaq.Oxu.Az<\/p>\n","protected":false},"excerpt":{"rendered":"<p>Karyeramda Az\u0259rbaycanda ald\u0131\u011f\u0131m m\u0259\u011flubiyy\u0259t m\u0259ni daha \u00e7ox incidib. ARANTV.AZ\u00a0 x\u0259b\u0259r verir ki, bunu ingilt\u0259r\u0259li m\u0259\u015fhur pe\u015f\u0259kar boks\u00e7u Entoni Co\u015fua deyib. Dekabr\u0131n 7-d\u0259 S\u0259udiyy\u0259 \u018fr\u0259bistan\u0131n\u0131n Diriy\u0259 \u015f\u0259h\u0259rind\u0259 WBA (Super), IBF, WBO v\u0259 IBO t\u0259\u015fkilatlar\u0131n\u0131n birg\u0259 d\u00fcnya k\u0259m\u0259ri u\u011frunda g\u00f6r\u00fc\u015f olacaq. Bu ilin iyunun 1-d\u0259 Nyu-Yorkda amerikal\u0131 boks\u00e7u Endi Ruis\u0259 yeddinci raundda uduzmu\u015f Co\u015fua bu d\u0259f\u0259 k\u0259m\u0259ri qaytarmaq \u00fc\u00e7\u00fcn 12 raundluq revan\u015f g\u00f6r\u00fc\u015f\u00fcn\u0259 \u00e7\u0131xacaq. Lakin 30 ya\u015fl\u0131 Co\u015fua iyunda Ruisd\u0259n ald\u0131\u011f\u0131 m\u0259\u011flubiyy\u0259tin (ke\u00e7irdiyi 23 pe\u015f\u0259kar boks d\u00f6y\u00fc\u015f\u00fcnd\u0259 ilk yenilgisi olub \u2013 S.M.) ona o q\u0259d\u0259r d\u0259 \u00e7ox t\u0259sir etm\u0259diyini bildirib. O\u00a0qeyd edib&hellip;<\/p>\n","protected":false},"author":2,"featured_media":99662,"comment_status":"closed","ping_status":"closed","sticky":false,"template":"","format":"standard","meta":{"om_disable_all_campaigns":false,"_monsterinsights_skip_tracking":false,"_monsterinsights_sitenote_active":false,"_monsterinsights_sitenote_note":"","_monsterinsights_sitenote_category":0},"categories":[6],"tags":[],"aioseo_notices":[],"gutentor_comment":0,"rttpg_featured_image_url":{"full":["https:\/\/arantv.az\/wp-content\/uploads\/2019\/11\/anthonyjoshua2111.jpg",620,413,false],"landscape":["https:\/\/arantv.az\/wp-content\/uploads\/2019\/11\/anthonyjoshua2111.jpg",620,413,false],"portraits":["https:\/\/arantv.az\/wp-content\/uploads\/2019\/11\/anthonyjoshua2111.jpg",620,413,false],"thumbnail":["https:\/\/arantv.az\/wp-content\/uploads\/2019\/11\/anthonyjoshua2111-150x150.jpg",150,150,true],"medium":["https:\/\/arantv.az\/wp-content\/uploads\/2019\/11\/anthonyjoshua2111-300x200.jpg",300,200,true],"large":["https:\/\/arantv.az\/wp-content\/uploads\/2019\/11\/anthonyjoshua2111.jpg",620,413,false],"1536x1536":["https:\/\/arantv.az\/wp-content\/uploads\/2019\/11\/anthonyjoshua2111.jpg",620,413,false],"2048x2048":["https:\/\/arantv.az\/wp-content\/uploads\/2019\/11\/anthonyjoshua2111.jpg",620,413,false],"post-thumbnail":["https:\/\/arantv.az\/wp-content\/uploads\/2019\/11\/anthonyjoshua2111-240x172.jpg",240,172,true],"advps-thumb-one":["https:\/\/arantv.az\/wp-content\/uploads\/2019\/11\/anthonyjoshua2111.jpg",620,413,false]},"rttpg_author":{"display_name":"V\u00fcsal Rafiqo\u011flu","author_link":"https:\/\/arantv.az\/?author=2"},"rttpg_comment":0,"rttpg_category":"<a href=\"https:\/\/arantv.az\/?cat=6\" rel=\"category\">\u0130dman<\/a>","rttpg_excerpt":"Karyeramda Az\u0259rbaycanda ald\u0131\u011f\u0131m m\u0259\u011flubiyy\u0259t m\u0259ni daha \u00e7ox incidib. ARANTV.AZ\u00a0 x\u0259b\u0259r verir ki, bunu ingilt\u0259r\u0259li m\u0259\u015fhur pe\u015f\u0259kar boks\u00e7u Entoni Co\u015fua deyib. Dekabr\u0131n 7-d\u0259 S\u0259udiyy\u0259 \u018fr\u0259bistan\u0131n\u0131n Diriy\u0259 \u015f\u0259h\u0259rind\u0259 WBA (Super), IBF, WBO v\u0259 IBO t\u0259\u015fkilatlar\u0131n\u0131n birg\u0259 d\u00fcnya k\u0259m\u0259ri u\u011frunda g\u00f6r\u00fc\u015f olacaq. Bu ilin iyunun 1-d\u0259 Nyu-Yorkda amerikal\u0131 boks\u00e7u Endi Ruis\u0259 yeddinci raundda uduzmu\u015f Co\u015fua bu d\u0259f\u0259 k\u0259m\u0259ri&hellip;","_links":{"self":[{"href":"https:\/\/arantv.az\/index.php?rest_route=\/wp\/v2\/posts\/99661"}],"collection":[{"href":"https:\/\/arantv.az\/index.php?rest_route=\/wp\/v2\/posts"}],"about":[{"href":"https:\/\/arantv.az\/index.php?rest_route=\/wp\/v2\/types\/post"}],"author":[{"embeddable":true,"href":"https:\/\/arantv.az\/index.php?rest_route=\/wp\/v2\/users\/2"}],"replies":[{"embeddable":true,"href":"https:\/\/arantv.az\/index.php?rest_route=%2Fwp%2Fv2%2Fcomments&post=99661"}],"version-history":[{"count":0,"href":"https:\/\/arantv.az\/index.php?rest_route=\/wp\/v2\/posts\/99661\/revisions"}],"wp:featuredmedia":[{"embeddable":true,"href":"https:\/\/arantv.az\/index.php?rest_route=\/wp\/v2\/media\/99662"}],"wp:attachment":[{"href":"https:\/\/arantv.az\/index.php?rest_route=%2Fwp%2Fv2%2Fmedia&parent=99661"}],"wp:term":[{"taxonomy":"category","embeddable":true,"href":"https:\/\/arantv.az\/index.php?rest_route=%2Fwp%2Fv2%2Fcategories&post=99661"},{"taxonomy":"post_tag","embeddable":true,"href":"https:\/\/arantv.az\/index.php?rest_route=%2Fwp%2Fv2%2Ftags&post=99661"}],"curies":[{"name":"wp","href":"https:\/\/api.w.org\/{rel}","templated":true}]}}