{"id":99725,"date":"2019-11-22T13:56:33","date_gmt":"2019-11-22T10:56:33","guid":{"rendered":"http:\/\/arantv.az\/?p=99725"},"modified":"2019-11-22T13:56:33","modified_gmt":"2019-11-22T10:56:33","slug":"bu-marsrut-x%c9%99tl%c9%99rin%c9%99-iritutumlu-avtobuslar-verildi-foto","status":"publish","type":"post","link":"https:\/\/arantv.az\/?p=99725","title":{"rendered":"Bu mar\u015frut x\u0259tl\u0259rin\u0259 iritutumlu avtobuslar verildi &#8211; FOTO"},"content":{"rendered":"<p>Bir ne\u00e7\u0259 ay \u0259vv\u0259l d\u00fcnya medias\u0131 55 ya\u015fl\u0131 S\u0259udiyy\u0259 \u015fahzad\u0259si Basma bin S\u0259ud bin \u018fbd\u00fcl\u0259ziz \u018fl S\u0259udun itkin d\u00fc\u015fd\u00fcy\u00fcn\u00fc yaz\u0131b. Kral S\u0259udun q\u0131z\u0131 ictimaiyy\u0259tin g\u00f6z\u00fc qar\u015f\u0131s\u0131nda itib.<\/p>\n<p>Ancaq bug\u00fcnl\u0259rd\u0259 Almaniyan\u0131n Deutsche Well televiziya kanal\u0131 \u015fahzad\u0259nin ev h\u0259bsind\u0259 oldu\u011funu v\u0259 ya S\u0259udiyy\u0259 \u018fr\u0259bistan\u0131nda g\u00fccl\u0259 tutuldu\u011funu bildirib.<\/p>\n<div><\/div>\n<p>Onun m\u00fcalic\u0259si \u00fc\u00e7\u00fcn \u0130sve\u00e7r\u0259y\u0259 u\u00e7ma\u011f\u0131 planlad\u0131\u011f\u0131n\u0131, ancaq sonda ged\u0259 bilm\u0259diyi bildirilib.<\/p>\n<p><b>ARANTV.AZ\u00a0<\/b>\u00a0\u00f6lk\u0259.az-a istinad\u0259n bildirir ki, v\u0259kil, amerikal\u0131 Leonard Bennett, &#8220;Deutsche Welle&#8221;y\u0259 verdiyi m\u00fcsahib\u0259d\u0259 v\u0259ziyy\u0259ti bu c\u00fcr \u015f\u0259rh edib :<\/p>\n<p>&#8220;\u015eahzad\u0259 b\u00fct\u00fcn radarlardan itib. He\u00e7 kim onun harada oldu\u011funu bilmir. \u018fn pis x\u0259b\u0259rin g\u0259lm\u0259sind\u0259n qorxuruq&#8221;.<\/p>\n<p>Bennett buna baxmayaraq \u015fahzad\u0259 il\u0259 \u0259laq\u0259 qurma\u011f\u0131 bacar\u0131b. Onun s\u00f6zl\u0259rin\u0259 g\u00f6r\u0259, o, \u015fahzad\u0259 il\u0259 girov kimi dan\u0131\u015f\u0131b.<\/p>\n<p>Qeyd ed\u0259k ki, \u015fahzad\u0259 Basma 1953-1964-c\u00fc ill\u0259rd\u0259 \u00f6lk\u0259ni idar\u0259 ed\u0259n v\u0259 115 u\u015fa\u011f\u0131n atas\u0131 oldu\u011fu g\u00fcman edil\u0259n ke\u00e7mi\u015f Kral S\u0259udun \u0259n ki\u00e7ik q\u0131z\u0131d\u0131r.<\/p>\n<p>Yoxa \u00e7\u0131xmazdan \u0259vv\u0259l, Basma bint S\u0259ud, evd\u0259 sosial sah\u0259nin, o c\u00fcml\u0259d\u0259n qad\u0131nlar\u0131n s\u0259lahiyy\u0259tl\u0259rinin art\u0131r\u0131lmas\u0131n\u0131n t\u0259r\u0259fdar\u0131 kimi c\u0259miyy\u0259td\u0259 tan\u0131n\u0131b.<\/p>\n<p>Beyn\u0259lxalq insan haqlar\u0131 t\u0259\u015fkilatlar\u0131 il\u0259 \u0259m\u0259kda\u015fl\u0131q edib.<\/p>\n<p>Media \u015fahzad\u0259nin yoxa \u00e7\u0131xmas\u0131n\u0131n onun f\u0259al ictimai m\u00f6vqeyi v\u0259 ictimai f\u0259aliyy\u0259ti il\u0259 \u0259laq\u0259li oldu\u011funu ir\u0259li s\u00fcr\u00fcb.<\/p>\n<p>&#8220;Yuxar\u0131dan \u0259mr etdikl\u0259rini ed\u0259 bilm\u0259y\u0259n nazirl\u0259rimiz var, \u00e7\u00fcnki ortal\u0131\u011fa \u00e7\u0131xaracaq n\u0259tic\u0259l\u0259r yoxdur. Kas\u0131b adam o\u011furluq edirs\u0259, \u00fc\u00e7\u00fcnc\u00fc d\u0259f\u0259 o, cinay\u0259td\u0259n sonra \u0259lini itirir. Varl\u0131 adam eyni \u015feyi ed\u0259rs\u0259, he\u00e7 kim ona he\u00e7 n\u0259 dem\u0259z&#8221; &#8211; dey\u0259 \u015fahzad\u0259 2012-ci ild\u0259 &#8220;\u0130ndependent&#8221; n\u0259\u015frin\u0259 m\u00fcsahib\u0259d\u0259 bildirmi\u015fdi.<\/p>\n","protected":false},"excerpt":{"rendered":"<p>Bir ne\u00e7\u0259 ay \u0259vv\u0259l d\u00fcnya medias\u0131 55 ya\u015fl\u0131 S\u0259udiyy\u0259 \u015fahzad\u0259si Basma bin S\u0259ud bin \u018fbd\u00fcl\u0259ziz \u018fl S\u0259udun itkin d\u00fc\u015fd\u00fcy\u00fcn\u00fc yaz\u0131b. Kral S\u0259udun q\u0131z\u0131 ictimaiyy\u0259tin g\u00f6z\u00fc qar\u015f\u0131s\u0131nda itib. Ancaq bug\u00fcnl\u0259rd\u0259 Almaniyan\u0131n Deutsche Well televiziya kanal\u0131 \u015fahzad\u0259nin ev h\u0259bsind\u0259 oldu\u011funu v\u0259 ya S\u0259udiyy\u0259 \u018fr\u0259bistan\u0131nda g\u00fccl\u0259 tutuldu\u011funu bildirib. Onun m\u00fcalic\u0259si \u00fc\u00e7\u00fcn \u0130sve\u00e7r\u0259y\u0259 u\u00e7ma\u011f\u0131 planlad\u0131\u011f\u0131n\u0131, ancaq sonda ged\u0259 bilm\u0259diyi bildirilib. ARANTV.AZ\u00a0\u00a0\u00f6lk\u0259.az-a istinad\u0259n bildirir ki, v\u0259kil, amerikal\u0131 Leonard Bennett, &#8220;Deutsche Welle&#8221;y\u0259 verdiyi m\u00fcsahib\u0259d\u0259 v\u0259ziyy\u0259ti bu c\u00fcr \u015f\u0259rh edib : &#8220;\u015eahzad\u0259 b\u00fct\u00fcn radarlardan itib. He\u00e7 kim onun harada oldu\u011funu bilmir. \u018fn pis x\u0259b\u0259rin g\u0259lm\u0259sind\u0259n qorxuruq&#8221;. Bennett&hellip;<\/p>\n","protected":false},"author":2,"featured_media":99726,"comment_status":"closed","ping_status":"closed","sticky":false,"template":"","format":"standard","meta":{"om_disable_all_campaigns":false,"_monsterinsights_skip_tracking":false,"_monsterinsights_sitenote_active":false,"_monsterinsights_sitenote_note":"","_monsterinsights_sitenote_category":0},"categories":[1],"tags":[],"aioseo_notices":[],"gutentor_comment":0,"rttpg_featured_image_url":{"full":["https:\/\/arantv.az\/wp-content\/uploads\/2019\/11\/15744190041.jpg",549,309,false],"landscape":["https:\/\/arantv.az\/wp-content\/uploads\/2019\/11\/15744190041.jpg",549,309,false],"portraits":["https:\/\/arantv.az\/wp-content\/uploads\/2019\/11\/15744190041.jpg",549,309,false],"thumbnail":["https:\/\/arantv.az\/wp-content\/uploads\/2019\/11\/15744190041-150x150.jpg",150,150,true],"medium":["https:\/\/arantv.az\/wp-content\/uploads\/2019\/11\/15744190041-300x169.jpg",300,169,true],"large":["https:\/\/arantv.az\/wp-content\/uploads\/2019\/11\/15744190041.jpg",549,309,false],"1536x1536":["https:\/\/arantv.az\/wp-content\/uploads\/2019\/11\/15744190041.jpg",549,309,false],"2048x2048":["https:\/\/arantv.az\/wp-content\/uploads\/2019\/11\/15744190041.jpg",549,309,false],"post-thumbnail":["https:\/\/arantv.az\/wp-content\/uploads\/2019\/11\/15744190041-240x172.jpg",240,172,true],"advps-thumb-one":["https:\/\/arantv.az\/wp-content\/uploads\/2019\/11\/15744190041.jpg",549,309,false]},"rttpg_author":{"display_name":"V\u00fcsal Rafiqo\u011flu","author_link":"https:\/\/arantv.az\/?author=2"},"rttpg_comment":0,"rttpg_category":"<a href=\"https:\/\/arantv.az\/?cat=1\" rel=\"category\">C\u0259miyy\u0259t<\/a>","rttpg_excerpt":"Bir ne\u00e7\u0259 ay \u0259vv\u0259l d\u00fcnya medias\u0131 55 ya\u015fl\u0131 S\u0259udiyy\u0259 \u015fahzad\u0259si Basma bin S\u0259ud bin \u018fbd\u00fcl\u0259ziz \u018fl S\u0259udun itkin d\u00fc\u015fd\u00fcy\u00fcn\u00fc yaz\u0131b. Kral S\u0259udun q\u0131z\u0131 ictimaiyy\u0259tin g\u00f6z\u00fc qar\u015f\u0131s\u0131nda itib. Ancaq bug\u00fcnl\u0259rd\u0259 Almaniyan\u0131n Deutsche Well televiziya kanal\u0131 \u015fahzad\u0259nin ev h\u0259bsind\u0259 oldu\u011funu v\u0259 ya S\u0259udiyy\u0259 \u018fr\u0259bistan\u0131nda g\u00fccl\u0259 tutuldu\u011funu bildirib. Onun m\u00fcalic\u0259si \u00fc\u00e7\u00fcn \u0130sve\u00e7r\u0259y\u0259 u\u00e7ma\u011f\u0131 planlad\u0131\u011f\u0131n\u0131, ancaq sonda ged\u0259 bilm\u0259diyi&hellip;","_links":{"self":[{"href":"https:\/\/arantv.az\/index.php?rest_route=\/wp\/v2\/posts\/99725"}],"collection":[{"href":"https:\/\/arantv.az\/index.php?rest_route=\/wp\/v2\/posts"}],"about":[{"href":"https:\/\/arantv.az\/index.php?rest_route=\/wp\/v2\/types\/post"}],"author":[{"embeddable":true,"href":"https:\/\/arantv.az\/index.php?rest_route=\/wp\/v2\/users\/2"}],"replies":[{"embeddable":true,"href":"https:\/\/arantv.az\/index.php?rest_route=%2Fwp%2Fv2%2Fcomments&post=99725"}],"version-history":[{"count":0,"href":"https:\/\/arantv.az\/index.php?rest_route=\/wp\/v2\/posts\/99725\/revisions"}],"wp:featuredmedia":[{"embeddable":true,"href":"https:\/\/arantv.az\/index.php?rest_route=\/wp\/v2\/media\/99726"}],"wp:attachment":[{"href":"https:\/\/arantv.az\/index.php?rest_route=%2Fwp%2Fv2%2Fmedia&parent=99725"}],"wp:term":[{"taxonomy":"category","embeddable":true,"href":"https:\/\/arantv.az\/index.php?rest_route=%2Fwp%2Fv2%2Fcategories&post=99725"},{"taxonomy":"post_tag","embeddable":true,"href":"https:\/\/arantv.az\/index.php?rest_route=%2Fwp%2Fv2%2Ftags&post=99725"}],"curies":[{"name":"wp","href":"https:\/\/api.w.org\/{rel}","templated":true}]}}