{"id":99733,"date":"2019-11-22T14:09:19","date_gmt":"2019-11-22T11:09:19","guid":{"rendered":"http:\/\/arantv.az\/?p=99733"},"modified":"2019-11-22T14:09:19","modified_gmt":"2019-11-22T11:09:19","slug":"tovuzda-elektrik-x%c9%99ttind%c9%99-q%c9%99za-olub-problem-aradan-qaldirilib","status":"publish","type":"post","link":"https:\/\/arantv.az\/?p=99733","title":{"rendered":"Tovuzda elektrik x\u0259ttind\u0259 q\u0259za olub, problem aradan qald\u0131r\u0131l\u0131b"},"content":{"rendered":"<p><strong>\u00d6t\u0259n gec\u0259 Q\u0259rb regionunun Tovuz rayonunun 35KV-luq A\u011fdam k\u0259nd hava elektrik verili\u015f x\u0259ttind\u0259 texniki q\u0259za ba\u015f verib.<\/strong><\/p>\n<p><strong>ARANTV.AZ<\/strong> x\u0259b\u0259r verir ki, bu bar\u0259d\u0259\u00a0<a href=\"http:\/\/az.trend.az\/\" target=\"_blank\" rel=\"noopener\">Trend<\/a>-\u0259\u00a0&#8220;Az\u0259ri\u015f\u0131q&#8221; ASC-nin m\u0259tbuat xidm\u0259tind\u0259n m\u0259lumat verilib.<\/p>\n<p>M\u0259lumatda qeyd edilir ki, problem operativ sur\u0259td\u0259 aradan qald\u0131r\u0131l\u0131b: &#8220;Qurumun texniki departamentinin \u0259m\u0259kda\u015flar\u0131 qabaqlay\u0131c\u0131 t\u0259dbirl\u0259r g\u00f6r\u0259r\u0259k f\u0259rdi qaydada daxil olmu\u015f \u015fikay\u0259tl\u0259ri operativ \u015f\u0259kild\u0259 aradan qald\u0131r\u0131rlar. Ab\u015feron rayonu M\u0259h\u0259mm\u0259di q\u0259s\u0259b\u0259sinin elektrik enerjisi t\u0259s\u0259rr\u00fcfat\u0131 yenil\u0259nir. Bu m\u0259qs\u0259dl\u0259 &#8220;Zabrat&#8221; yar\u0131mstansiyas\u0131ndan ad\u0131\u00e7\u0259kil\u0259n q\u0259s\u0259b\u0259y\u0259 yeni iki d\u00f6vriyy\u0259li hava x\u0259tti \u00e7\u0259kilir v\u0259 bu ay\u0131n sonuna i\u015fl\u0259r yekunla\u015facaq&#8221;.<\/p>\n<p>&#8220;Az\u0259ri\u015f\u0131q&#8221; ASC istehlak\u00e7\u0131lara m\u00fcraci\u0259t ed\u0259r\u0259k bildirib ki, yaranan h\u0259r hans\u0131 \u00e7\u0259tinlikl\u0259rl\u0259 ba\u011fl\u0131 qurumun 24 saat f\u0259aliyy\u0259t g\u00f6st\u0259r\u0259n 199 sayl\u0131 \u00e7a\u011fr\u0131 m\u0259rk\u0259zi il\u0259 \u0259laq\u0259 saxlas\u0131nlar.<\/p>\n","protected":false},"excerpt":{"rendered":"<p>\u00d6t\u0259n gec\u0259 Q\u0259rb regionunun Tovuz rayonunun 35KV-luq A\u011fdam k\u0259nd hava elektrik verili\u015f x\u0259ttind\u0259 texniki q\u0259za ba\u015f verib. ARANTV.AZ x\u0259b\u0259r verir ki, bu bar\u0259d\u0259\u00a0Trend-\u0259\u00a0&#8220;Az\u0259ri\u015f\u0131q&#8221; ASC-nin m\u0259tbuat xidm\u0259tind\u0259n m\u0259lumat verilib. M\u0259lumatda qeyd edilir ki, problem operativ sur\u0259td\u0259 aradan qald\u0131r\u0131l\u0131b: &#8220;Qurumun texniki departamentinin \u0259m\u0259kda\u015flar\u0131 qabaqlay\u0131c\u0131 t\u0259dbirl\u0259r g\u00f6r\u0259r\u0259k f\u0259rdi qaydada daxil olmu\u015f \u015fikay\u0259tl\u0259ri operativ \u015f\u0259kild\u0259 aradan qald\u0131r\u0131rlar. Ab\u015feron rayonu M\u0259h\u0259mm\u0259di q\u0259s\u0259b\u0259sinin elektrik enerjisi t\u0259s\u0259rr\u00fcfat\u0131 yenil\u0259nir. Bu m\u0259qs\u0259dl\u0259 &#8220;Zabrat&#8221; yar\u0131mstansiyas\u0131ndan ad\u0131\u00e7\u0259kil\u0259n q\u0259s\u0259b\u0259y\u0259 yeni iki d\u00f6vriyy\u0259li hava x\u0259tti \u00e7\u0259kilir v\u0259 bu ay\u0131n sonuna i\u015fl\u0259r yekunla\u015facaq&#8221;. &#8220;Az\u0259ri\u015f\u0131q&#8221; ASC istehlak\u00e7\u0131lara m\u00fcraci\u0259t ed\u0259r\u0259k bildirib ki, yaranan h\u0259r hans\u0131 \u00e7\u0259tinlikl\u0259rl\u0259&hellip;<\/p>\n","protected":false},"author":2,"featured_media":99734,"comment_status":"closed","ping_status":"closed","sticky":false,"template":"","format":"standard","meta":{"om_disable_all_campaigns":false,"_monsterinsights_skip_tracking":false,"_monsterinsights_sitenote_active":false,"_monsterinsights_sitenote_note":"","_monsterinsights_sitenote_category":0},"categories":[1],"tags":[],"aioseo_notices":[],"gutentor_comment":0,"rttpg_featured_image_url":{"full":["https:\/\/arantv.az\/wp-content\/uploads\/2019\/11\/804324.jpg",800,600,false],"landscape":["https:\/\/arantv.az\/wp-content\/uploads\/2019\/11\/804324.jpg",800,600,false],"portraits":["https:\/\/arantv.az\/wp-content\/uploads\/2019\/11\/804324.jpg",800,600,false],"thumbnail":["https:\/\/arantv.az\/wp-content\/uploads\/2019\/11\/804324-150x150.jpg",150,150,true],"medium":["https:\/\/arantv.az\/wp-content\/uploads\/2019\/11\/804324-300x225.jpg",300,225,true],"large":["https:\/\/arantv.az\/wp-content\/uploads\/2019\/11\/804324.jpg",640,480,false],"1536x1536":["https:\/\/arantv.az\/wp-content\/uploads\/2019\/11\/804324.jpg",800,600,false],"2048x2048":["https:\/\/arantv.az\/wp-content\/uploads\/2019\/11\/804324.jpg",800,600,false],"post-thumbnail":["https:\/\/arantv.az\/wp-content\/uploads\/2019\/11\/804324-240x172.jpg",240,172,true],"advps-thumb-one":["https:\/\/arantv.az\/wp-content\/uploads\/2019\/11\/804324.jpg",800,600,false]},"rttpg_author":{"display_name":"V\u00fcsal Rafiqo\u011flu","author_link":"https:\/\/arantv.az\/?author=2"},"rttpg_comment":0,"rttpg_category":"<a href=\"https:\/\/arantv.az\/?cat=1\" rel=\"category\">C\u0259miyy\u0259t<\/a>","rttpg_excerpt":"\u00d6t\u0259n gec\u0259 Q\u0259rb regionunun Tovuz rayonunun 35KV-luq A\u011fdam k\u0259nd hava elektrik verili\u015f x\u0259ttind\u0259 texniki q\u0259za ba\u015f verib. ARANTV.AZ x\u0259b\u0259r verir ki, bu bar\u0259d\u0259\u00a0Trend-\u0259\u00a0&#8220;Az\u0259ri\u015f\u0131q&#8221; ASC-nin m\u0259tbuat xidm\u0259tind\u0259n m\u0259lumat verilib. M\u0259lumatda qeyd edilir ki, problem operativ sur\u0259td\u0259 aradan qald\u0131r\u0131l\u0131b: &#8220;Qurumun texniki departamentinin \u0259m\u0259kda\u015flar\u0131 qabaqlay\u0131c\u0131 t\u0259dbirl\u0259r g\u00f6r\u0259r\u0259k f\u0259rdi qaydada daxil olmu\u015f \u015fikay\u0259tl\u0259ri operativ \u015f\u0259kild\u0259 aradan qald\u0131r\u0131rlar. Ab\u015feron rayonu&hellip;","_links":{"self":[{"href":"https:\/\/arantv.az\/index.php?rest_route=\/wp\/v2\/posts\/99733"}],"collection":[{"href":"https:\/\/arantv.az\/index.php?rest_route=\/wp\/v2\/posts"}],"about":[{"href":"https:\/\/arantv.az\/index.php?rest_route=\/wp\/v2\/types\/post"}],"author":[{"embeddable":true,"href":"https:\/\/arantv.az\/index.php?rest_route=\/wp\/v2\/users\/2"}],"replies":[{"embeddable":true,"href":"https:\/\/arantv.az\/index.php?rest_route=%2Fwp%2Fv2%2Fcomments&post=99733"}],"version-history":[{"count":0,"href":"https:\/\/arantv.az\/index.php?rest_route=\/wp\/v2\/posts\/99733\/revisions"}],"wp:featuredmedia":[{"embeddable":true,"href":"https:\/\/arantv.az\/index.php?rest_route=\/wp\/v2\/media\/99734"}],"wp:attachment":[{"href":"https:\/\/arantv.az\/index.php?rest_route=%2Fwp%2Fv2%2Fmedia&parent=99733"}],"wp:term":[{"taxonomy":"category","embeddable":true,"href":"https:\/\/arantv.az\/index.php?rest_route=%2Fwp%2Fv2%2Fcategories&post=99733"},{"taxonomy":"post_tag","embeddable":true,"href":"https:\/\/arantv.az\/index.php?rest_route=%2Fwp%2Fv2%2Ftags&post=99733"}],"curies":[{"name":"wp","href":"https:\/\/api.w.org\/{rel}","templated":true}]}}