{"id":99777,"date":"2019-11-22T15:16:34","date_gmt":"2019-11-22T12:16:34","guid":{"rendered":"http:\/\/arantv.az\/?p=99777"},"modified":"2019-11-22T15:16:34","modified_gmt":"2019-11-22T12:16:34","slug":"rusiyali-deputat-mehriban-%c9%99liyevanin-moskva-s%c9%99f%c9%99rini-s%c9%99rh-etdi-%c9%99laq%c9%99l%c9%99rin-%c9%99h%c9%99miyy%c9%99ti-daha-da-artir","status":"publish","type":"post","link":"https:\/\/arantv.az\/?p=99777","title":{"rendered":"Rusiyal\u0131 deputat Mehriban \u018fliyevan\u0131n Moskva s\u0259f\u0259rini \u015f\u0259rh etdi: \u018flaq\u0259l\u0259rin \u0259h\u0259miyy\u0259ti daha da art\u0131r"},"content":{"rendered":"<p>Son bir ne\u00e7\u0259 ild\u0259 Rusiya il\u0259 Az\u0259rbaycan aras\u0131nda iqtisadi, siyasi v\u0259 m\u0259d\u0259ni sah\u0259l\u0259rd\u0259 m\u00fcnasib\u0259tl\u0259r intensiv inki\u015faf edir.<\/p>\n<p>Bunu Rusiya-Az\u0259rbaycan Parlamentl\u0259raras\u0131 Dostluq Qrupunun r\u0259hb\u0259ri, D\u00f6vl\u0259t Dumas\u0131n\u0131n deputat\u0131 Dmitri Savelyev\u00a0<a href=\"https:\/\/azertag.az\/ru\/xeber\/Dmitrii_Savelev_Priezd_Pervogo_vice_prezidenta_Azerbaidzhana_Mehriban_Alievoi_na_etot_forum_eshche_bolshe_podcherkivaet_ego_znachimost-1358433\" target=\"_blank\" rel=\"noopener\">deyib<\/a>.<\/p>\n<p>O bildirib ki, Az\u0259rbaycan\u0131n Birinci vitse-prezidenti Mehriban \u018fliyevan\u0131n Rusiya-Az\u0259rbaycan regionlararas\u0131 forumla ba\u011fl\u0131 s\u0259f\u0259ri \u0259laq\u0259l\u0259rin \u0259h\u0259miyy\u0259tini daha da art\u0131r\u0131r.<\/p>\n<p>\u201cDey\u0259rdim ki, Az\u0259rbaycan Rusiyan\u0131n yegan\u0259 etibarl\u0131 t\u0259r\u0259fda\u015f\u0131d\u0131r. Bu forumun Moskvada ba\u015f tutmas\u0131 bizim \u00fc\u00e7\u00fcn \u00e7ox vacibdir. Moskvada n\u0259qliyyat forumu ke\u00e7irildi v\u0259 buraya Az\u0259rbaycan da qat\u0131lm\u0131\u015fd\u0131\u201d.<\/p>\n<p>Rusiyal\u0131 deputat turizm sah\u0259sind\u0259 \u0259m\u0259kda\u015fl\u0131\u011f\u0131n vacibliyini da qeyd edib.<\/p>\n<p>\u201cTurizm \u00f6lk\u0259l\u0259rimiz aras\u0131nda ikit\u0259r\u0259fli m\u00fcnasib\u0259tl\u0259rin m\u00f6hk\u0259ml\u0259nm\u0259sin\u0259 yard\u0131m ed\u0259n \u00e7ox vacib sah\u0259dir. H\u0259qiq\u0259t\u0259n d\u0259, ruslar Az\u0259rbaycana n\u0259 q\u0259d\u0259r \u00e7ox qonaq g\u0259ls\u0259l\u0259r, o q\u0259d\u0259r d\u0259 \u00f6lk\u0259ni \u00e7ox sev\u0259c\u0259kl\u0259r. Bir rus atalar s\u00f6z\u00fc var: \u201cOn d\u0259f\u0259 e\u015fitm\u0259kd\u0259ns\u0259, bir d\u0259f\u0259 g\u00f6rm\u0259k daha yax\u015f\u0131d\u0131r\u201d. Az\u0259rbaycana gir\u0259n ruslar oradan laqeyd qay\u0131tm\u0131rlar. Bu, \u00e7ox vacibdir\u201d.<\/p>\n","protected":false},"excerpt":{"rendered":"<p>Son bir ne\u00e7\u0259 ild\u0259 Rusiya il\u0259 Az\u0259rbaycan aras\u0131nda iqtisadi, siyasi v\u0259 m\u0259d\u0259ni sah\u0259l\u0259rd\u0259 m\u00fcnasib\u0259tl\u0259r intensiv inki\u015faf edir. Bunu Rusiya-Az\u0259rbaycan Parlamentl\u0259raras\u0131 Dostluq Qrupunun r\u0259hb\u0259ri, D\u00f6vl\u0259t Dumas\u0131n\u0131n deputat\u0131 Dmitri Savelyev\u00a0deyib. O bildirib ki, Az\u0259rbaycan\u0131n Birinci vitse-prezidenti Mehriban \u018fliyevan\u0131n Rusiya-Az\u0259rbaycan regionlararas\u0131 forumla ba\u011fl\u0131 s\u0259f\u0259ri \u0259laq\u0259l\u0259rin \u0259h\u0259miyy\u0259tini daha da art\u0131r\u0131r. \u201cDey\u0259rdim ki, Az\u0259rbaycan Rusiyan\u0131n yegan\u0259 etibarl\u0131 t\u0259r\u0259fda\u015f\u0131d\u0131r. Bu forumun Moskvada ba\u015f tutmas\u0131 bizim \u00fc\u00e7\u00fcn \u00e7ox vacibdir. Moskvada n\u0259qliyyat forumu ke\u00e7irildi v\u0259 buraya Az\u0259rbaycan da qat\u0131lm\u0131\u015fd\u0131\u201d. Rusiyal\u0131 deputat turizm sah\u0259sind\u0259 \u0259m\u0259kda\u015fl\u0131\u011f\u0131n vacibliyini da qeyd edib. \u201cTurizm \u00f6lk\u0259l\u0259rimiz aras\u0131nda ikit\u0259r\u0259fli m\u00fcnasib\u0259tl\u0259rin m\u00f6hk\u0259ml\u0259nm\u0259sin\u0259 yard\u0131m ed\u0259n \u00e7ox vacib&hellip;<\/p>\n","protected":false},"author":2,"featured_media":99778,"comment_status":"closed","ping_status":"closed","sticky":false,"template":"","format":"standard","meta":{"om_disable_all_campaigns":false,"_monsterinsights_skip_tracking":false,"_monsterinsights_sitenote_active":false,"_monsterinsights_sitenote_note":"","_monsterinsights_sitenote_category":0},"categories":[4],"tags":[],"aioseo_notices":[],"gutentor_comment":0,"rttpg_featured_image_url":{"full":["https:\/\/arantv.az\/wp-content\/uploads\/2019\/11\/15744205663509138410_1000x669.jpg",583,465,false],"landscape":["https:\/\/arantv.az\/wp-content\/uploads\/2019\/11\/15744205663509138410_1000x669.jpg",583,465,false],"portraits":["https:\/\/arantv.az\/wp-content\/uploads\/2019\/11\/15744205663509138410_1000x669.jpg",583,465,false],"thumbnail":["https:\/\/arantv.az\/wp-content\/uploads\/2019\/11\/15744205663509138410_1000x669-150x150.jpg",150,150,true],"medium":["https:\/\/arantv.az\/wp-content\/uploads\/2019\/11\/15744205663509138410_1000x669-300x239.jpg",300,239,true],"large":["https:\/\/arantv.az\/wp-content\/uploads\/2019\/11\/15744205663509138410_1000x669.jpg",583,465,false],"1536x1536":["https:\/\/arantv.az\/wp-content\/uploads\/2019\/11\/15744205663509138410_1000x669.jpg",583,465,false],"2048x2048":["https:\/\/arantv.az\/wp-content\/uploads\/2019\/11\/15744205663509138410_1000x669.jpg",583,465,false],"post-thumbnail":["https:\/\/arantv.az\/wp-content\/uploads\/2019\/11\/15744205663509138410_1000x669-240x172.jpg",240,172,true],"advps-thumb-one":["https:\/\/arantv.az\/wp-content\/uploads\/2019\/11\/15744205663509138410_1000x669.jpg",583,465,false]},"rttpg_author":{"display_name":"V\u00fcsal Rafiqo\u011flu","author_link":"https:\/\/arantv.az\/?author=2"},"rttpg_comment":0,"rttpg_category":"<a href=\"https:\/\/arantv.az\/?cat=4\" rel=\"category\">Siyas\u0259t<\/a>","rttpg_excerpt":"Son bir ne\u00e7\u0259 ild\u0259 Rusiya il\u0259 Az\u0259rbaycan aras\u0131nda iqtisadi, siyasi v\u0259 m\u0259d\u0259ni sah\u0259l\u0259rd\u0259 m\u00fcnasib\u0259tl\u0259r intensiv inki\u015faf edir. Bunu Rusiya-Az\u0259rbaycan Parlamentl\u0259raras\u0131 Dostluq Qrupunun r\u0259hb\u0259ri, D\u00f6vl\u0259t Dumas\u0131n\u0131n deputat\u0131 Dmitri Savelyev\u00a0deyib. O bildirib ki, Az\u0259rbaycan\u0131n Birinci vitse-prezidenti Mehriban \u018fliyevan\u0131n Rusiya-Az\u0259rbaycan regionlararas\u0131 forumla ba\u011fl\u0131 s\u0259f\u0259ri \u0259laq\u0259l\u0259rin \u0259h\u0259miyy\u0259tini daha da art\u0131r\u0131r. \u201cDey\u0259rdim ki, Az\u0259rbaycan Rusiyan\u0131n yegan\u0259 etibarl\u0131 t\u0259r\u0259fda\u015f\u0131d\u0131r. Bu forumun&hellip;","_links":{"self":[{"href":"https:\/\/arantv.az\/index.php?rest_route=\/wp\/v2\/posts\/99777"}],"collection":[{"href":"https:\/\/arantv.az\/index.php?rest_route=\/wp\/v2\/posts"}],"about":[{"href":"https:\/\/arantv.az\/index.php?rest_route=\/wp\/v2\/types\/post"}],"author":[{"embeddable":true,"href":"https:\/\/arantv.az\/index.php?rest_route=\/wp\/v2\/users\/2"}],"replies":[{"embeddable":true,"href":"https:\/\/arantv.az\/index.php?rest_route=%2Fwp%2Fv2%2Fcomments&post=99777"}],"version-history":[{"count":0,"href":"https:\/\/arantv.az\/index.php?rest_route=\/wp\/v2\/posts\/99777\/revisions"}],"wp:featuredmedia":[{"embeddable":true,"href":"https:\/\/arantv.az\/index.php?rest_route=\/wp\/v2\/media\/99778"}],"wp:attachment":[{"href":"https:\/\/arantv.az\/index.php?rest_route=%2Fwp%2Fv2%2Fmedia&parent=99777"}],"wp:term":[{"taxonomy":"category","embeddable":true,"href":"https:\/\/arantv.az\/index.php?rest_route=%2Fwp%2Fv2%2Fcategories&post=99777"},{"taxonomy":"post_tag","embeddable":true,"href":"https:\/\/arantv.az\/index.php?rest_route=%2Fwp%2Fv2%2Ftags&post=99777"}],"curies":[{"name":"wp","href":"https:\/\/api.w.org\/{rel}","templated":true}]}}