{"id":99781,"date":"2019-11-22T15:17:42","date_gmt":"2019-11-22T12:17:42","guid":{"rendered":"http:\/\/arantv.az\/?p=99781"},"modified":"2019-11-22T15:17:42","modified_gmt":"2019-11-22T12:17:42","slug":"parlamentin-komit%c9%99sind%c9%99-ombudsman-v%c9%99zif%c9%99sin%c9%99-namiz%c9%99dl%c9%99r-muzakir%c9%99y%c9%99-cixarildi","status":"publish","type":"post","link":"https:\/\/arantv.az\/?p=99781","title":{"rendered":"Parlamentin komit\u0259sind\u0259 Ombudsman v\u0259zif\u0259sin\u0259 namiz\u0259dl\u0259r m\u00fczakir\u0259y\u0259 \u00e7\u0131xar\u0131ld\u0131"},"content":{"rendered":"<p>Milli M\u0259clisin \u0130nsan h\u00fcquqlar\u0131 komit\u0259sinin bu g\u00fcn ke\u00e7iril\u0259n iclas\u0131nda Ombudsman v\u0259zif\u0259sin\u0259 namiz\u0259dlik m\u0259s\u0259l\u0259si m\u00fczakir\u0259y\u0259 \u00e7\u0131xar\u0131l\u0131b.<\/p>\n<p><b>ARANTV.AZ<\/b>-\u0131n m\u0259lumat\u0131na g\u00f6r\u0259, \u0130nsan h\u00fcquqlar\u0131 komit\u0259sinin s\u0259dri, Milli M\u0259clis s\u0259drinin m\u00fcavini Bahar Muradova deyib ki, Prezident \u0130lham \u018fliyev \u00fc\u00e7 n\u0259f\u0259r\u0259 b\u00f6y\u00fck etimad g\u00f6st\u0259rib.<\/p>\n<p>B.Muradova bildirib ki, Ombudsman se\u00e7il\u0259c\u0259k \u015f\u0259xs Az\u0259rbaycanda insan h\u00fcquqlar\u0131n\u0131n qorunmas\u0131 sah\u0259sin\u0259 praktik olaraq \u00f6z m\u00fcsb\u0259t t\u00f6hf\u0259sini ver\u0259c\u0259k, c\u0259nab Prezidentin etimad\u0131n\u0131 do\u011fruldacaq.<\/p>\n<p>M\u0259s\u0259l\u0259 m\u00fczakir\u0259 olunduqdan sonra Milli M\u0259clisin plenar iclas\u0131na t\u00f6vsiy\u0259 olunub.<\/p>\n<p>Qeyd ed\u0259k ki, Ombudsman v\u0259zif\u0259sin\u0259 namiz\u0259dl\u0259r Bak\u0131 Apellyasiya M\u0259hk\u0259m\u0259sinin s\u0259dr m\u00fcavini K\u0259mal\u0259 Abiyeva, Ali M\u0259hk\u0259m\u0259nin \u0130nsan H\u00fcquqlar\u0131 v\u0259 \u0130ctimaiyy\u0259tl\u0259 \u018flaq\u0259l\u0259r \u015e\u00f6b\u0259sinin m\u00fcdiri K\u0259mal\u0259 \u018fliyeva v\u0259 Konstitusiya M\u0259hk\u0259m\u0259si Aparat r\u0259hb\u0259rinin m\u00fcavini S\u0259bin\u0259 \u018fliyevad\u0131r.<\/p>\n<p>S.\u018fliyeva Milli M\u0259clisin \u0130ctimai birlikl\u0259r v\u0259 dini qurumlar komit\u0259sinin s\u0259dri, YAP-\u0131n icra katibinin m\u00fcavini Siyavu\u015f Novruzovun h\u0259yat yolda\u015f\u0131d\u0131r.<\/p>\n<p>Qeyd ed\u0259k ki, haz\u0131rda Az\u0259rbaycan\u0131n \u0130nsan H\u00fcquqlar\u0131 \u00fczr\u0259 M\u00fcv\u0259kkili Elmira S\u00fcleymanovad\u0131r. O, 2002-ci ild\u0259n Ombudsmand\u0131r. Onun s\u0259lahiyy\u0259t m\u00fcdd\u0259ti 2017-ci il mart\u0131n 5-d\u0259 bitib.<\/p>\n<p>S\u0259lahiyy\u0259t m\u00fcdd\u0259ti ba\u015fa \u00e7atan E. S\u00fcleymanova yerin\u0259 namiz\u0259d verilm\u0259diyind\u0259n h\u0259l\u0259 d\u0259 Ombudsman v\u0259zif\u0259sind\u0259 qal\u0131r.Oxu.Az<\/p>\n","protected":false},"excerpt":{"rendered":"<p>Milli M\u0259clisin \u0130nsan h\u00fcquqlar\u0131 komit\u0259sinin bu g\u00fcn ke\u00e7iril\u0259n iclas\u0131nda Ombudsman v\u0259zif\u0259sin\u0259 namiz\u0259dlik m\u0259s\u0259l\u0259si m\u00fczakir\u0259y\u0259 \u00e7\u0131xar\u0131l\u0131b. ARANTV.AZ-\u0131n m\u0259lumat\u0131na g\u00f6r\u0259, \u0130nsan h\u00fcquqlar\u0131 komit\u0259sinin s\u0259dri, Milli M\u0259clis s\u0259drinin m\u00fcavini Bahar Muradova deyib ki, Prezident \u0130lham \u018fliyev \u00fc\u00e7 n\u0259f\u0259r\u0259 b\u00f6y\u00fck etimad g\u00f6st\u0259rib. B.Muradova bildirib ki, Ombudsman se\u00e7il\u0259c\u0259k \u015f\u0259xs Az\u0259rbaycanda insan h\u00fcquqlar\u0131n\u0131n qorunmas\u0131 sah\u0259sin\u0259 praktik olaraq \u00f6z m\u00fcsb\u0259t t\u00f6hf\u0259sini ver\u0259c\u0259k, c\u0259nab Prezidentin etimad\u0131n\u0131 do\u011fruldacaq. M\u0259s\u0259l\u0259 m\u00fczakir\u0259 olunduqdan sonra Milli M\u0259clisin plenar iclas\u0131na t\u00f6vsiy\u0259 olunub. Qeyd ed\u0259k ki, Ombudsman v\u0259zif\u0259sin\u0259 namiz\u0259dl\u0259r Bak\u0131 Apellyasiya M\u0259hk\u0259m\u0259sinin s\u0259dr m\u00fcavini K\u0259mal\u0259 Abiyeva, Ali M\u0259hk\u0259m\u0259nin \u0130nsan H\u00fcquqlar\u0131 v\u0259 \u0130ctimaiyy\u0259tl\u0259 \u018flaq\u0259l\u0259r \u015e\u00f6b\u0259sinin&hellip;<\/p>\n","protected":false},"author":2,"featured_media":99782,"comment_status":"closed","ping_status":"closed","sticky":false,"template":"","format":"standard","meta":{"om_disable_all_campaigns":false,"_monsterinsights_skip_tracking":false,"_monsterinsights_sitenote_active":false,"_monsterinsights_sitenote_note":"","_monsterinsights_sitenote_category":0},"categories":[4],"tags":[],"aioseo_notices":[],"gutentor_comment":0,"rttpg_featured_image_url":{"full":["https:\/\/arantv.az\/wp-content\/uploads\/2019\/11\/1561629393_407982898-e1481879190901-696x359.jpg",620,320,false],"landscape":["https:\/\/arantv.az\/wp-content\/uploads\/2019\/11\/1561629393_407982898-e1481879190901-696x359.jpg",620,320,false],"portraits":["https:\/\/arantv.az\/wp-content\/uploads\/2019\/11\/1561629393_407982898-e1481879190901-696x359.jpg",620,320,false],"thumbnail":["https:\/\/arantv.az\/wp-content\/uploads\/2019\/11\/1561629393_407982898-e1481879190901-696x359-150x150.jpg",150,150,true],"medium":["https:\/\/arantv.az\/wp-content\/uploads\/2019\/11\/1561629393_407982898-e1481879190901-696x359-300x155.jpg",300,155,true],"large":["https:\/\/arantv.az\/wp-content\/uploads\/2019\/11\/1561629393_407982898-e1481879190901-696x359.jpg",620,320,false],"1536x1536":["https:\/\/arantv.az\/wp-content\/uploads\/2019\/11\/1561629393_407982898-e1481879190901-696x359.jpg",620,320,false],"2048x2048":["https:\/\/arantv.az\/wp-content\/uploads\/2019\/11\/1561629393_407982898-e1481879190901-696x359.jpg",620,320,false],"post-thumbnail":["https:\/\/arantv.az\/wp-content\/uploads\/2019\/11\/1561629393_407982898-e1481879190901-696x359-240x172.jpg",240,172,true],"advps-thumb-one":["https:\/\/arantv.az\/wp-content\/uploads\/2019\/11\/1561629393_407982898-e1481879190901-696x359.jpg",620,320,false]},"rttpg_author":{"display_name":"V\u00fcsal Rafiqo\u011flu","author_link":"https:\/\/arantv.az\/?author=2"},"rttpg_comment":0,"rttpg_category":"<a href=\"https:\/\/arantv.az\/?cat=4\" rel=\"category\">Siyas\u0259t<\/a>","rttpg_excerpt":"Milli M\u0259clisin \u0130nsan h\u00fcquqlar\u0131 komit\u0259sinin bu g\u00fcn ke\u00e7iril\u0259n iclas\u0131nda Ombudsman v\u0259zif\u0259sin\u0259 namiz\u0259dlik m\u0259s\u0259l\u0259si m\u00fczakir\u0259y\u0259 \u00e7\u0131xar\u0131l\u0131b. ARANTV.AZ-\u0131n m\u0259lumat\u0131na g\u00f6r\u0259, \u0130nsan h\u00fcquqlar\u0131 komit\u0259sinin s\u0259dri, Milli M\u0259clis s\u0259drinin m\u00fcavini Bahar Muradova deyib ki, Prezident \u0130lham \u018fliyev \u00fc\u00e7 n\u0259f\u0259r\u0259 b\u00f6y\u00fck etimad g\u00f6st\u0259rib. B.Muradova bildirib ki, Ombudsman se\u00e7il\u0259c\u0259k \u015f\u0259xs Az\u0259rbaycanda insan h\u00fcquqlar\u0131n\u0131n qorunmas\u0131 sah\u0259sin\u0259 praktik olaraq \u00f6z m\u00fcsb\u0259t t\u00f6hf\u0259sini ver\u0259c\u0259k,&hellip;","_links":{"self":[{"href":"https:\/\/arantv.az\/index.php?rest_route=\/wp\/v2\/posts\/99781"}],"collection":[{"href":"https:\/\/arantv.az\/index.php?rest_route=\/wp\/v2\/posts"}],"about":[{"href":"https:\/\/arantv.az\/index.php?rest_route=\/wp\/v2\/types\/post"}],"author":[{"embeddable":true,"href":"https:\/\/arantv.az\/index.php?rest_route=\/wp\/v2\/users\/2"}],"replies":[{"embeddable":true,"href":"https:\/\/arantv.az\/index.php?rest_route=%2Fwp%2Fv2%2Fcomments&post=99781"}],"version-history":[{"count":0,"href":"https:\/\/arantv.az\/index.php?rest_route=\/wp\/v2\/posts\/99781\/revisions"}],"wp:featuredmedia":[{"embeddable":true,"href":"https:\/\/arantv.az\/index.php?rest_route=\/wp\/v2\/media\/99782"}],"wp:attachment":[{"href":"https:\/\/arantv.az\/index.php?rest_route=%2Fwp%2Fv2%2Fmedia&parent=99781"}],"wp:term":[{"taxonomy":"category","embeddable":true,"href":"https:\/\/arantv.az\/index.php?rest_route=%2Fwp%2Fv2%2Fcategories&post=99781"},{"taxonomy":"post_tag","embeddable":true,"href":"https:\/\/arantv.az\/index.php?rest_route=%2Fwp%2Fv2%2Ftags&post=99781"}],"curies":[{"name":"wp","href":"https:\/\/api.w.org\/{rel}","templated":true}]}}