{"id":99845,"date":"2019-11-22T16:11:57","date_gmt":"2019-11-22T13:11:57","guid":{"rendered":"http:\/\/arantv.az\/?p=99845"},"modified":"2019-11-22T16:11:57","modified_gmt":"2019-11-22T13:11:57","slug":"milli-paralimpiya-komit%c9%99sinin-loqosu-d%c9%99yisdirildi-foto-video","status":"publish","type":"post","link":"https:\/\/arantv.az\/?p=99845","title":{"rendered":"Milli Paralimpiya Komit\u0259sinin loqosu d\u0259yi\u015fdirildi &#8211; FOTO\/V\u0130DEO"},"content":{"rendered":"<p>Az\u0259rbaycan Milli Paralimpiya Komit\u0259sinin yeni loqosu ictimaiyy\u0259t\u0259 t\u0259qdim edilib.<\/p>\n<p><b>ARANTV.AZ\u00a0<\/b> x\u0259b\u0259r verir ki, komit\u0259nin prezidenti \u0130lqar R\u0259himov bu g\u00fcn ke\u00e7iril\u0259n t\u0259dbird\u0259 yeni loqo haqq\u0131nda m\u0259lumat verib.<\/p>\n<p>O\u00a0qeyd edib ki, \u201cYenilm\u0259zl\u0259r\u201d beyn\u0259lxalq qala t\u0259qdimat \u00fc\u00e7\u00fcn haz\u0131rlanan loqotip bundan sonra komit\u0259nin loqotipi olacaq. Komit\u0259 prezidenti loqotipin m\u0259na \u00e7alarlar\u0131ndan da s\u00f6z a\u00e7\u0131b.<\/p>\n<article class=\"news\">\n<div class=\"news-inner\">\n<p>\u201cLoqotip ilkin bax\u0131\u015fdan sad\u0259 g\u00f6r\u00fcn\u00fcr. Lakin sad\u0259 oldu\u011fu q\u0259d\u0259r m\u00fcr\u0259kk\u0259b v\u0259 b\u00f6y\u00fck m\u0259nalar\u0131 \u00f6z\u00fcnd\u0259 da\u015f\u0131yan bu loqotip paralimpiyan\u0131n ruhunu \u0259ks etdirir\u201d, &#8211;\u00a0dey\u0259 o\u00a0\u0259lav\u0259 edib.<\/p>\n<p>Komit\u0259 prezidentinin s\u00f6zl\u0259rin\u0259 g\u00f6r\u0259, loqotipin m\u0259rk\u0259zind\u0259n y\u00fcks\u0259l\u0259n m\u0259\u015f\u0259l qalibiyy\u0259ti v\u0259 q\u0259l\u0259b\u0259 ruhunu \u00f6z\u00fcnd\u0259 \u0259ks etdirir. Alovun dill\u0259ri Az\u0259rbaycan bayra\u011f\u0131n\u0131n r\u0259ngl\u0259rin\u0259 boyan\u0131b. A\u015fa\u011f\u0131 hiss\u0259sind\u0259 is\u0259 Beyn\u0259lxalq Paralimpiya Komit\u0259sinin \u201cH\u0259r\u0259k\u0259td\u0259 olan ruh\u201d simvoludur.<\/p>\n<p>Loqotipin ikinci hiss\u0259si z\u0259f\u0259ri, q\u0259l\u0259b\u0259ni, u\u011furu v\u0259 dinamik h\u0259yat\u0131 \u00f6z\u00fcnd\u0259 \u0259ks etdir\u0259n \u00fcr\u0259k formas\u0131nda h\u0259yat simvoludur. \u00dc\u00e7\u00fcnc\u00fc hiss\u0259d\u0259 is\u0259 \u0259lil arabas\u0131nda h\u0259r\u0259k\u0259t ed\u0259n paralimpiya\u00e7\u0131 u\u011furlu g\u0259l\u0259c\u0259k simvoludur.Oxu.Az<\/p>\n<div class=\"gallery\">\n<div class=\"gallery-i\"><img src=\"https:\/\/assets.oxu.az\/uploads\/W1siZiIsIjIwMTkvMTEvMjIvMTYvNTMvNDAvMTUwNjQ3ZGMtNmE3ZS00ZjM2LWE0YTQtYzRlMjQzMjQ0NDU2Lzc4MTIwNjQ2XzI0NjY0NzI0NTY3MzkxMDFfMTQ1MDgyNzczMzQwNjg0Mjg4MF9vLmpwZyJdLFsicCIsImVuY29kZSIsImpwZyIsIi1xdWFsaXR5IDgwIl0sWyJwIiwidGh1bWIiLCI1OTB4NTkwXHUwMDNlIl1d?sha=1c8220aab37af538\" alt=\"\" \/><\/p>\n<div class=\"gallery-i-caption\"><\/div>\n<\/div>\n<\/div>\n<div><iframe loading=\"lazy\" src=\"https:\/\/www.youtube.com\/embed\/1nvk_JYpCN0\" width=\"697\" height=\"392\" frameborder=\"0\" allowfullscreen=\"allowfullscreen\" data-mce-fragment=\"1\"><\/iframe><\/div>\n<\/div>\n<\/article>\n<h2 class=\"news-share-title\"><\/h2>\n","protected":false},"excerpt":{"rendered":"<p>Az\u0259rbaycan Milli Paralimpiya Komit\u0259sinin yeni loqosu ictimaiyy\u0259t\u0259 t\u0259qdim edilib. ARANTV.AZ\u00a0 x\u0259b\u0259r verir ki, komit\u0259nin prezidenti \u0130lqar R\u0259himov bu g\u00fcn ke\u00e7iril\u0259n t\u0259dbird\u0259 yeni loqo haqq\u0131nda m\u0259lumat verib. O\u00a0qeyd edib ki, \u201cYenilm\u0259zl\u0259r\u201d beyn\u0259lxalq qala t\u0259qdimat \u00fc\u00e7\u00fcn haz\u0131rlanan loqotip bundan sonra komit\u0259nin loqotipi olacaq. Komit\u0259 prezidenti loqotipin m\u0259na \u00e7alarlar\u0131ndan da s\u00f6z a\u00e7\u0131b. \u201cLoqotip ilkin bax\u0131\u015fdan sad\u0259 g\u00f6r\u00fcn\u00fcr. Lakin sad\u0259 oldu\u011fu q\u0259d\u0259r m\u00fcr\u0259kk\u0259b v\u0259 b\u00f6y\u00fck m\u0259nalar\u0131 \u00f6z\u00fcnd\u0259 da\u015f\u0131yan bu loqotip paralimpiyan\u0131n ruhunu \u0259ks etdirir\u201d, &#8211;\u00a0dey\u0259 o\u00a0\u0259lav\u0259 edib. Komit\u0259 prezidentinin s\u00f6zl\u0259rin\u0259 g\u00f6r\u0259, loqotipin m\u0259rk\u0259zind\u0259n y\u00fcks\u0259l\u0259n m\u0259\u015f\u0259l qalibiyy\u0259ti v\u0259 q\u0259l\u0259b\u0259 ruhunu \u00f6z\u00fcnd\u0259 \u0259ks etdirir. Alovun dill\u0259ri&hellip;<\/p>\n","protected":false},"author":2,"featured_media":99846,"comment_status":"closed","ping_status":"closed","sticky":false,"template":"","format":"standard","meta":{"om_disable_all_campaigns":false,"_monsterinsights_skip_tracking":false,"_monsterinsights_sitenote_active":false,"_monsterinsights_sitenote_note":"","_monsterinsights_sitenote_category":0},"categories":[6],"tags":[],"aioseo_notices":[],"gutentor_comment":0,"rttpg_featured_image_url":{"full":["https:\/\/arantv.az\/wp-content\/uploads\/2019\/11\/77042348_2466512830068397_9053085933712179200_o.jpg",620,413,false],"landscape":["https:\/\/arantv.az\/wp-content\/uploads\/2019\/11\/77042348_2466512830068397_9053085933712179200_o.jpg",620,413,false],"portraits":["https:\/\/arantv.az\/wp-content\/uploads\/2019\/11\/77042348_2466512830068397_9053085933712179200_o.jpg",620,413,false],"thumbnail":["https:\/\/arantv.az\/wp-content\/uploads\/2019\/11\/77042348_2466512830068397_9053085933712179200_o-150x150.jpg",150,150,true],"medium":["https:\/\/arantv.az\/wp-content\/uploads\/2019\/11\/77042348_2466512830068397_9053085933712179200_o-300x200.jpg",300,200,true],"large":["https:\/\/arantv.az\/wp-content\/uploads\/2019\/11\/77042348_2466512830068397_9053085933712179200_o.jpg",620,413,false],"1536x1536":["https:\/\/arantv.az\/wp-content\/uploads\/2019\/11\/77042348_2466512830068397_9053085933712179200_o.jpg",620,413,false],"2048x2048":["https:\/\/arantv.az\/wp-content\/uploads\/2019\/11\/77042348_2466512830068397_9053085933712179200_o.jpg",620,413,false],"post-thumbnail":["https:\/\/arantv.az\/wp-content\/uploads\/2019\/11\/77042348_2466512830068397_9053085933712179200_o-240x172.jpg",240,172,true],"advps-thumb-one":["https:\/\/arantv.az\/wp-content\/uploads\/2019\/11\/77042348_2466512830068397_9053085933712179200_o.jpg",620,413,false]},"rttpg_author":{"display_name":"V\u00fcsal Rafiqo\u011flu","author_link":"https:\/\/arantv.az\/?author=2"},"rttpg_comment":0,"rttpg_category":"<a href=\"https:\/\/arantv.az\/?cat=6\" rel=\"category\">\u0130dman<\/a>","rttpg_excerpt":"Az\u0259rbaycan Milli Paralimpiya Komit\u0259sinin yeni loqosu ictimaiyy\u0259t\u0259 t\u0259qdim edilib. ARANTV.AZ\u00a0 x\u0259b\u0259r verir ki, komit\u0259nin prezidenti \u0130lqar R\u0259himov bu g\u00fcn ke\u00e7iril\u0259n t\u0259dbird\u0259 yeni loqo haqq\u0131nda m\u0259lumat verib. O\u00a0qeyd edib ki, \u201cYenilm\u0259zl\u0259r\u201d beyn\u0259lxalq qala t\u0259qdimat \u00fc\u00e7\u00fcn haz\u0131rlanan loqotip bundan sonra komit\u0259nin loqotipi olacaq. Komit\u0259 prezidenti loqotipin m\u0259na \u00e7alarlar\u0131ndan da s\u00f6z a\u00e7\u0131b. \u201cLoqotip ilkin bax\u0131\u015fdan sad\u0259 g\u00f6r\u00fcn\u00fcr. Lakin&hellip;","_links":{"self":[{"href":"https:\/\/arantv.az\/index.php?rest_route=\/wp\/v2\/posts\/99845"}],"collection":[{"href":"https:\/\/arantv.az\/index.php?rest_route=\/wp\/v2\/posts"}],"about":[{"href":"https:\/\/arantv.az\/index.php?rest_route=\/wp\/v2\/types\/post"}],"author":[{"embeddable":true,"href":"https:\/\/arantv.az\/index.php?rest_route=\/wp\/v2\/users\/2"}],"replies":[{"embeddable":true,"href":"https:\/\/arantv.az\/index.php?rest_route=%2Fwp%2Fv2%2Fcomments&post=99845"}],"version-history":[{"count":0,"href":"https:\/\/arantv.az\/index.php?rest_route=\/wp\/v2\/posts\/99845\/revisions"}],"wp:featuredmedia":[{"embeddable":true,"href":"https:\/\/arantv.az\/index.php?rest_route=\/wp\/v2\/media\/99846"}],"wp:attachment":[{"href":"https:\/\/arantv.az\/index.php?rest_route=%2Fwp%2Fv2%2Fmedia&parent=99845"}],"wp:term":[{"taxonomy":"category","embeddable":true,"href":"https:\/\/arantv.az\/index.php?rest_route=%2Fwp%2Fv2%2Fcategories&post=99845"},{"taxonomy":"post_tag","embeddable":true,"href":"https:\/\/arantv.az\/index.php?rest_route=%2Fwp%2Fv2%2Ftags&post=99845"}],"curies":[{"name":"wp","href":"https:\/\/api.w.org\/{rel}","templated":true}]}}