{"id":99880,"date":"2019-11-23T08:29:54","date_gmt":"2019-11-23T05:29:54","guid":{"rendered":"http:\/\/arantv.az\/?p=99880"},"modified":"2019-11-23T08:29:54","modified_gmt":"2019-11-23T05:29:54","slug":"mehriban-%c9%99liyeva-v%c9%99-valentina-matviyenko-birg%c9%99-sam-edibl%c9%99r-foto","status":"publish","type":"post","link":"https:\/\/arantv.az\/?p=99880","title":{"rendered":"Mehriban \u018fliyeva v\u0259 Valentina Matviyenko birg\u0259 \u015fam edibl\u0259r &#8211; FOTO"},"content":{"rendered":"<p>Noyabr\u0131n 22-d\u0259 Rusiya Federasiyas\u0131nda r\u0259smi s\u0259f\u0259rd\u0259 olan Az\u0259rbaycan Respublikas\u0131n\u0131n Birinci vitse-prezidenti Mehriban \u018fliyeva v\u0259 Rusiya Federal M\u0259clisi Federasiya \u015euras\u0131n\u0131n s\u0259dri Valentina Matviyenko birg\u0259 \u015fam edibl\u0259r.<\/p>\n<p>Bu bar\u0259d\u0259\u00a0<a href=\"https:\/\/azertag.az\/xeber\/Azerbaycanin_Birinci_vitse_prezidenti_ve_Rusiya_Federal_Meclisi_Federasiya_Surasinin_sedri_birge_sam_edibler-1358721\" target=\"_blank\" rel=\"noopener\">AZ\u018fRTAC<\/a>\u00a0m\u0259lumat yay\u0131b.<\/p>\n<p><img src=\"https:\/\/assets.oxu.az\/uploads\/W1siZiIsIjIwMTkvMTEvMjMvMDkvMDgvMjQvY2VjNzYwYTEtYzRmMy00NGIxLTg3ZDMtMDAyZmVlNjY2M2RlLzE1NzQ0NTc2MTkzNjg2NTQxNDA5XzEwMDB4NjY5LmpwZyJdLFsicCIsImVuY29kZSIsImpwZyIsIi1xdWFsaXR5IDgwIl0sWyJwIiwidGh1bWIiLCI1OTB4NTkwXHUwMDNlIl1d?sha=cceb40dd5c3e1242\" alt=\"\" \/><img src=\"https:\/\/assets.oxu.az\/uploads\/W1siZiIsIjIwMTkvMTEvMjMvMDkvMDgvMjQvM2JkOTVjYmEtZTk0NS00NWNlLTk4NGMtYWQ0ZmUwYTViNzkyLzE1NzQ0NTc2MTk2MjA4NjUxNjNfMTAwMHg2NjkuanBnIl0sWyJwIiwiZW5jb2RlIiwianBnIiwiLXF1YWxpdHkgODAiXSxbInAiLCJ0aHVtYiIsIjU5MHg1OTBcdTAwM2UiXV0?sha=c5b94f81a40f7411\" alt=\"\" \/><\/p>\n","protected":false},"excerpt":{"rendered":"<p>Noyabr\u0131n 22-d\u0259 Rusiya Federasiyas\u0131nda r\u0259smi s\u0259f\u0259rd\u0259 olan Az\u0259rbaycan Respublikas\u0131n\u0131n Birinci vitse-prezidenti Mehriban \u018fliyeva v\u0259 Rusiya Federal M\u0259clisi Federasiya \u015euras\u0131n\u0131n s\u0259dri Valentina Matviyenko birg\u0259 \u015fam edibl\u0259r. Bu bar\u0259d\u0259\u00a0AZ\u018fRTAC\u00a0m\u0259lumat yay\u0131b.<\/p>\n","protected":false},"author":2,"featured_media":99881,"comment_status":"closed","ping_status":"closed","sticky":false,"template":"","format":"standard","meta":{"om_disable_all_campaigns":false,"_monsterinsights_skip_tracking":false,"_monsterinsights_sitenote_active":false,"_monsterinsights_sitenote_note":"","_monsterinsights_sitenote_category":0},"categories":[4],"tags":[],"aioseo_notices":[],"gutentor_comment":0,"rttpg_featured_image_url":{"full":["https:\/\/arantv.az\/wp-content\/uploads\/2019\/11\/15744576191689050197_1000x669.jpg",620,388,false],"landscape":["https:\/\/arantv.az\/wp-content\/uploads\/2019\/11\/15744576191689050197_1000x669.jpg",620,388,false],"portraits":["https:\/\/arantv.az\/wp-content\/uploads\/2019\/11\/15744576191689050197_1000x669.jpg",620,388,false],"thumbnail":["https:\/\/arantv.az\/wp-content\/uploads\/2019\/11\/15744576191689050197_1000x669-150x150.jpg",150,150,true],"medium":["https:\/\/arantv.az\/wp-content\/uploads\/2019\/11\/15744576191689050197_1000x669-300x188.jpg",300,188,true],"large":["https:\/\/arantv.az\/wp-content\/uploads\/2019\/11\/15744576191689050197_1000x669.jpg",620,388,false],"1536x1536":["https:\/\/arantv.az\/wp-content\/uploads\/2019\/11\/15744576191689050197_1000x669.jpg",620,388,false],"2048x2048":["https:\/\/arantv.az\/wp-content\/uploads\/2019\/11\/15744576191689050197_1000x669.jpg",620,388,false],"post-thumbnail":["https:\/\/arantv.az\/wp-content\/uploads\/2019\/11\/15744576191689050197_1000x669-240x172.jpg",240,172,true],"advps-thumb-one":["https:\/\/arantv.az\/wp-content\/uploads\/2019\/11\/15744576191689050197_1000x669.jpg",620,388,false]},"rttpg_author":{"display_name":"V\u00fcsal Rafiqo\u011flu","author_link":"https:\/\/arantv.az\/?author=2"},"rttpg_comment":0,"rttpg_category":"<a href=\"https:\/\/arantv.az\/?cat=4\" rel=\"category\">Siyas\u0259t<\/a>","rttpg_excerpt":"Noyabr\u0131n 22-d\u0259 Rusiya Federasiyas\u0131nda r\u0259smi s\u0259f\u0259rd\u0259 olan Az\u0259rbaycan Respublikas\u0131n\u0131n Birinci vitse-prezidenti Mehriban \u018fliyeva v\u0259 Rusiya Federal M\u0259clisi Federasiya \u015euras\u0131n\u0131n s\u0259dri Valentina Matviyenko birg\u0259 \u015fam edibl\u0259r. Bu bar\u0259d\u0259\u00a0AZ\u018fRTAC\u00a0m\u0259lumat yay\u0131b.","_links":{"self":[{"href":"https:\/\/arantv.az\/index.php?rest_route=\/wp\/v2\/posts\/99880"}],"collection":[{"href":"https:\/\/arantv.az\/index.php?rest_route=\/wp\/v2\/posts"}],"about":[{"href":"https:\/\/arantv.az\/index.php?rest_route=\/wp\/v2\/types\/post"}],"author":[{"embeddable":true,"href":"https:\/\/arantv.az\/index.php?rest_route=\/wp\/v2\/users\/2"}],"replies":[{"embeddable":true,"href":"https:\/\/arantv.az\/index.php?rest_route=%2Fwp%2Fv2%2Fcomments&post=99880"}],"version-history":[{"count":0,"href":"https:\/\/arantv.az\/index.php?rest_route=\/wp\/v2\/posts\/99880\/revisions"}],"wp:featuredmedia":[{"embeddable":true,"href":"https:\/\/arantv.az\/index.php?rest_route=\/wp\/v2\/media\/99881"}],"wp:attachment":[{"href":"https:\/\/arantv.az\/index.php?rest_route=%2Fwp%2Fv2%2Fmedia&parent=99880"}],"wp:term":[{"taxonomy":"category","embeddable":true,"href":"https:\/\/arantv.az\/index.php?rest_route=%2Fwp%2Fv2%2Fcategories&post=99880"},{"taxonomy":"post_tag","embeddable":true,"href":"https:\/\/arantv.az\/index.php?rest_route=%2Fwp%2Fv2%2Ftags&post=99880"}],"curies":[{"name":"wp","href":"https:\/\/api.w.org\/{rel}","templated":true}]}}