{"id":99884,"date":"2019-11-23T08:34:20","date_gmt":"2019-11-23T05:34:20","guid":{"rendered":"http:\/\/arantv.az\/?p=99884"},"modified":"2019-11-23T08:34:20","modified_gmt":"2019-11-23T05:34:20","slug":"putin-mehriban-%c9%99liyevaya-az%c9%99rbaycanda-rus-dilin%c9%99-olan-munasib%c9%99t%c9%99-gor%c9%99-t%c9%99s%c9%99kkurunu-bildirib","status":"publish","type":"post","link":"https:\/\/arantv.az\/?p=99884","title":{"rendered":"Putin Mehriban \u018fliyevaya Az\u0259rbaycanda rus dilin\u0259 olan m\u00fcnasib\u0259t\u0259 g\u00f6r\u0259 t\u0259\u015f\u0259kk\u00fcr\u00fcn\u00fc bildirib"},"content":{"rendered":"<p>Rusiya Prezidenti Vladimir Putin Az\u0259rbaycan\u0131n Birinci vitse-prezidenti Mehriban \u018fliyeva il\u0259 g\u00f6r\u00fc\u015f\u00fc zaman\u0131 Az\u0259rbaycan hakimiyy\u0259tinin \u00f6z \u00f6lk\u0259l\u0259rind\u0259 rus dilinin populyarla\u015fmas\u0131na verdiyi b\u00f6y\u00fck \u0259h\u0259miyy\u0259t\u0259 d\u0259 diqq\u0259t \u00e7\u0259kib.<\/p>\n<p>\u201cDedikl\u0259riniz\u0259 bigan\u0259 qala bilm\u0259r\u0259m, x\u00fcsusil\u0259 d\u0259 bu, humanitar \u0259laq\u0259l\u0259rimiz\u0259 v\u0259 Az\u0259rbaycanda\u00a0rus dilin\u0259 m\u00fcnasib\u0259tiniz\u0259 aiddir\u201d.<\/p>\n<p>Rusiya Prezidentinin s\u00f6zl\u0259rin\u0259 g\u00f6r\u0259, Az\u0259rbaycan ke\u00e7mi\u015f Sovet \u0130ttifaq\u0131 \u00f6lk\u0259l\u0259ri aras\u0131nda rus m\u0259d\u0259niyy\u0259tin\u0259 v\u0259 rus dilin\u0259 m\u00fcnasib\u0259t\u0259 \u0259n y\u00fcks\u0259k s\u0259viyy\u0259d\u0259 d\u0259st\u0259k ver\u0259nl\u0259rd\u0259ndir.<\/p>\n<p>Bununla \u0259laq\u0259dar olaraq Putin \u00a0Az\u0259rbaycan Prezidentinin v\u0259 Birinci vitse-prezidentinin y\u00fcks\u0259k \u015f\u0259xsi rolunu qeyd edib:<\/p>\n<p>\u201cBiz bunu \u00e7ox y\u00fcks\u0259k qiym\u0259tl\u0259ndiririk. \u00c7\u00fcnki bu, s\u00f6z\u00fcn \u0259sl m\u0259nas\u0131nda iqtisadiyyat v\u0259 humanitar m\u00fcnasib\u0259tl\u0259r d\u0259 daxil olmaqla b\u00fct\u00fcn dig\u0259r sah\u0259l\u0259rd\u0259 \u0259laq\u0259l\u0259ri inki\u015faf etdirm\u0259y\u0259 imkan ver\u0259n bazad\u0131r. Buna g\u00f6r\u0259 \u00e7ox minn\u0259tdar\u0131q v\u0259 \u00f6z t\u0259r\u0259fimizd\u0259n ortaq irsimiz\u0259 istiqam\u0259tl\u0259nmi\u015f tendensiyan\u0131 d\u0259st\u0259kl\u0259m\u0259k \u00fc\u00e7\u00fcn h\u0259r \u015feyi ed\u0259c\u0259yik. Bu, insanlar\u0131n he\u00e7 bir mane\u0259 olmadan bir-biri il\u0259 \u00fcnsiyy\u0259t qurmas\u0131na, h\u0259m \u015f\u0259xsiyy\u0259tl\u0259raras\u0131, h\u0259m d\u0259 d\u00f6vl\u0259t s\u0259viyy\u0259sind\u0259 m\u00fcnasib\u0259tl\u0259ri inki\u015faf etdirm\u0259sin\u0259 imkan verir.\u201d<\/p>\n<p>\u00d6z n\u00f6vb\u0259sind\u0259 Mehriban \u018fliyeva qeyd edib ki, g\u0259l\u0259c\u0259kd\u0259 Az\u0259rbaycan hakimiyy\u0259ti bu sah\u0259y\u0259 daha da b\u00f6y\u00fck diqq\u0259t g\u00f6st\u0259rm\u0259lidir:<\/p>\n<p>\u201cYeni n\u0259sil b\u00f6y\u00fcm\u0259kd\u0259dir. Bizim n\u0259slin ortaq k\u00f6kl\u0259ri, ortaq tarixi var. G\u0259nc n\u0259sil b\u00f6y\u00fcy\u00fcr v\u0259 bu \u0259laq\u0259l\u0259r, x\u00fcsus\u0259n insanlar aras\u0131nda bu g\u00fcn m\u00f6vcud olan humanitar sah\u0259d\u0259ki m\u00fcnasib\u0259tl\u0259r g\u0259nc n\u0259sil t\u0259r\u0259find\u0259n qorunmal\u0131 v\u0259 m\u00f6hk\u0259ml\u0259nm\u0259lidir\u201d.<\/p>\n","protected":false},"excerpt":{"rendered":"<p>Rusiya Prezidenti Vladimir Putin Az\u0259rbaycan\u0131n Birinci vitse-prezidenti Mehriban \u018fliyeva il\u0259 g\u00f6r\u00fc\u015f\u00fc zaman\u0131 Az\u0259rbaycan hakimiyy\u0259tinin \u00f6z \u00f6lk\u0259l\u0259rind\u0259 rus dilinin populyarla\u015fmas\u0131na verdiyi b\u00f6y\u00fck \u0259h\u0259miyy\u0259t\u0259 d\u0259 diqq\u0259t \u00e7\u0259kib. \u201cDedikl\u0259riniz\u0259 bigan\u0259 qala bilm\u0259r\u0259m, x\u00fcsusil\u0259 d\u0259 bu, humanitar \u0259laq\u0259l\u0259rimiz\u0259 v\u0259 Az\u0259rbaycanda\u00a0rus dilin\u0259 m\u00fcnasib\u0259tiniz\u0259 aiddir\u201d. Rusiya Prezidentinin s\u00f6zl\u0259rin\u0259 g\u00f6r\u0259, Az\u0259rbaycan ke\u00e7mi\u015f Sovet \u0130ttifaq\u0131 \u00f6lk\u0259l\u0259ri aras\u0131nda rus m\u0259d\u0259niyy\u0259tin\u0259 v\u0259 rus dilin\u0259 m\u00fcnasib\u0259t\u0259 \u0259n y\u00fcks\u0259k s\u0259viyy\u0259d\u0259 d\u0259st\u0259k ver\u0259nl\u0259rd\u0259ndir. Bununla \u0259laq\u0259dar olaraq Putin \u00a0Az\u0259rbaycan Prezidentinin v\u0259 Birinci vitse-prezidentinin y\u00fcks\u0259k \u015f\u0259xsi rolunu qeyd edib: \u201cBiz bunu \u00e7ox y\u00fcks\u0259k qiym\u0259tl\u0259ndiririk. \u00c7\u00fcnki bu, s\u00f6z\u00fcn \u0259sl m\u0259nas\u0131nda iqtisadiyyat v\u0259 humanitar m\u00fcnasib\u0259tl\u0259r d\u0259 daxil&hellip;<\/p>\n","protected":false},"author":2,"featured_media":99885,"comment_status":"closed","ping_status":"closed","sticky":false,"template":"","format":"standard","meta":{"om_disable_all_campaigns":false,"_monsterinsights_skip_tracking":false,"_monsterinsights_sitenote_active":false,"_monsterinsights_sitenote_note":"","_monsterinsights_sitenote_category":0},"categories":[4],"tags":[],"aioseo_notices":[],"gutentor_comment":0,"rttpg_featured_image_url":{"full":["https:\/\/arantv.az\/wp-content\/uploads\/2019\/11\/f7.jpg",620,383,false],"landscape":["https:\/\/arantv.az\/wp-content\/uploads\/2019\/11\/f7.jpg",620,383,false],"portraits":["https:\/\/arantv.az\/wp-content\/uploads\/2019\/11\/f7.jpg",620,383,false],"thumbnail":["https:\/\/arantv.az\/wp-content\/uploads\/2019\/11\/f7-150x150.jpg",150,150,true],"medium":["https:\/\/arantv.az\/wp-content\/uploads\/2019\/11\/f7-300x185.jpg",300,185,true],"large":["https:\/\/arantv.az\/wp-content\/uploads\/2019\/11\/f7.jpg",620,383,false],"1536x1536":["https:\/\/arantv.az\/wp-content\/uploads\/2019\/11\/f7.jpg",620,383,false],"2048x2048":["https:\/\/arantv.az\/wp-content\/uploads\/2019\/11\/f7.jpg",620,383,false],"post-thumbnail":["https:\/\/arantv.az\/wp-content\/uploads\/2019\/11\/f7-240x172.jpg",240,172,true],"advps-thumb-one":["https:\/\/arantv.az\/wp-content\/uploads\/2019\/11\/f7.jpg",620,383,false]},"rttpg_author":{"display_name":"V\u00fcsal Rafiqo\u011flu","author_link":"https:\/\/arantv.az\/?author=2"},"rttpg_comment":0,"rttpg_category":"<a href=\"https:\/\/arantv.az\/?cat=4\" rel=\"category\">Siyas\u0259t<\/a>","rttpg_excerpt":"Rusiya Prezidenti Vladimir Putin Az\u0259rbaycan\u0131n Birinci vitse-prezidenti Mehriban \u018fliyeva il\u0259 g\u00f6r\u00fc\u015f\u00fc zaman\u0131 Az\u0259rbaycan hakimiyy\u0259tinin \u00f6z \u00f6lk\u0259l\u0259rind\u0259 rus dilinin populyarla\u015fmas\u0131na verdiyi b\u00f6y\u00fck \u0259h\u0259miyy\u0259t\u0259 d\u0259 diqq\u0259t \u00e7\u0259kib. \u201cDedikl\u0259riniz\u0259 bigan\u0259 qala bilm\u0259r\u0259m, x\u00fcsusil\u0259 d\u0259 bu, humanitar \u0259laq\u0259l\u0259rimiz\u0259 v\u0259 Az\u0259rbaycanda\u00a0rus dilin\u0259 m\u00fcnasib\u0259tiniz\u0259 aiddir\u201d. Rusiya Prezidentinin s\u00f6zl\u0259rin\u0259 g\u00f6r\u0259, Az\u0259rbaycan ke\u00e7mi\u015f Sovet \u0130ttifaq\u0131 \u00f6lk\u0259l\u0259ri aras\u0131nda rus m\u0259d\u0259niyy\u0259tin\u0259 v\u0259 rus dilin\u0259 m\u00fcnasib\u0259t\u0259&hellip;","_links":{"self":[{"href":"https:\/\/arantv.az\/index.php?rest_route=\/wp\/v2\/posts\/99884"}],"collection":[{"href":"https:\/\/arantv.az\/index.php?rest_route=\/wp\/v2\/posts"}],"about":[{"href":"https:\/\/arantv.az\/index.php?rest_route=\/wp\/v2\/types\/post"}],"author":[{"embeddable":true,"href":"https:\/\/arantv.az\/index.php?rest_route=\/wp\/v2\/users\/2"}],"replies":[{"embeddable":true,"href":"https:\/\/arantv.az\/index.php?rest_route=%2Fwp%2Fv2%2Fcomments&post=99884"}],"version-history":[{"count":0,"href":"https:\/\/arantv.az\/index.php?rest_route=\/wp\/v2\/posts\/99884\/revisions"}],"wp:featuredmedia":[{"embeddable":true,"href":"https:\/\/arantv.az\/index.php?rest_route=\/wp\/v2\/media\/99885"}],"wp:attachment":[{"href":"https:\/\/arantv.az\/index.php?rest_route=%2Fwp%2Fv2%2Fmedia&parent=99884"}],"wp:term":[{"taxonomy":"category","embeddable":true,"href":"https:\/\/arantv.az\/index.php?rest_route=%2Fwp%2Fv2%2Fcategories&post=99884"},{"taxonomy":"post_tag","embeddable":true,"href":"https:\/\/arantv.az\/index.php?rest_route=%2Fwp%2Fv2%2Ftags&post=99884"}],"curies":[{"name":"wp","href":"https:\/\/api.w.org\/{rel}","templated":true}]}}