{"id":99888,"date":"2019-11-23T08:35:11","date_gmt":"2019-11-23T05:35:11","guid":{"rendered":"http:\/\/arantv.az\/?p=99888"},"modified":"2019-11-23T08:35:11","modified_gmt":"2019-11-23T05:35:11","slug":"ilham-%c9%99liyev-v%c9%99-vladimir-putinin-gorus-vaxti-mu%c9%99yy%c9%99nl%c9%99sdi","status":"publish","type":"post","link":"https:\/\/arantv.az\/?p=99888","title":{"rendered":"\u0130lham \u018fliyev v\u0259 Vladimir Putinin g\u00f6r\u00fc\u015f vaxt\u0131 m\u00fc\u0259yy\u0259nl\u0259\u015fdi"},"content":{"rendered":"<p>Bu g\u00fcn Rusiya Prezidenti Vladimir Putin Az\u0259rbaycan\u0131n Birinci vitse-prezidenti Mehriban \u018fliyevan\u0131 q\u0259bul ed\u0259rk\u0259n az\u0259rbaycanl\u0131 h\u0259mkar\u0131 \u0130lham \u018fliyevl\u0259 dekabr\u0131n 20-d\u0259 Sankt-Peterburqda g\u00f6r\u00fc\u015f\u0259c\u0259yin\u0259 \u00fcmid b\u0259sl\u0259diyini deyib.<\/p>\n<p>R\u0130A-n\u0131n m\u0259lumat\u0131na g\u00f6r\u0259, Putin h\u0259m\u00e7inin qeyd edib:<\/p>\n<p>\u201cAz\u0259rbaycan Prezidentin\u0259 \u0259n xo\u015f arzular\u0131m\u0131 \u00e7atd\u0131r\u0131n. \u00dcmid edir\u0259m ki, onunla dekabr\u0131n 20-d\u0259 Sankt-Peterburqda g\u00f6r\u00fc\u015fm\u0259yimizd\u0259n m\u0259mnun olaca\u011f\u0131q\u201d.<\/p>\n<p>Bundan \u0259lav\u0259, Mehriban \u018fliyeva Putin\u0259 \u0130lham \u018fliyevin salamlar\u0131n\u0131 yetir\u0259r\u0259k \u0259lav\u0259 edib.<\/p>\n<p>\u201cAz\u0259rbaycan Respublikas\u0131 Prezidentinin sizin \u00fc\u00e7\u00fcn \u0259lveri\u015fli bir zamanda \u00f6lk\u0259miz\u0259 s\u0259f\u0259r etm\u0259k d\u0259v\u0259tini d\u0259 \u00e7atd\u0131rmaq ist\u0259yir\u0259m\u201d.<\/p>\n","protected":false},"excerpt":{"rendered":"<p>Bu g\u00fcn Rusiya Prezidenti Vladimir Putin Az\u0259rbaycan\u0131n Birinci vitse-prezidenti Mehriban \u018fliyevan\u0131 q\u0259bul ed\u0259rk\u0259n az\u0259rbaycanl\u0131 h\u0259mkar\u0131 \u0130lham \u018fliyevl\u0259 dekabr\u0131n 20-d\u0259 Sankt-Peterburqda g\u00f6r\u00fc\u015f\u0259c\u0259yin\u0259 \u00fcmid b\u0259sl\u0259diyini deyib. R\u0130A-n\u0131n m\u0259lumat\u0131na g\u00f6r\u0259, Putin h\u0259m\u00e7inin qeyd edib: \u201cAz\u0259rbaycan Prezidentin\u0259 \u0259n xo\u015f arzular\u0131m\u0131 \u00e7atd\u0131r\u0131n. \u00dcmid edir\u0259m ki, onunla dekabr\u0131n 20-d\u0259 Sankt-Peterburqda g\u00f6r\u00fc\u015fm\u0259yimizd\u0259n m\u0259mnun olaca\u011f\u0131q\u201d. Bundan \u0259lav\u0259, Mehriban \u018fliyeva Putin\u0259 \u0130lham \u018fliyevin salamlar\u0131n\u0131 yetir\u0259r\u0259k \u0259lav\u0259 edib. \u201cAz\u0259rbaycan Respublikas\u0131 Prezidentinin sizin \u00fc\u00e7\u00fcn \u0259lveri\u015fli bir zamanda \u00f6lk\u0259miz\u0259 s\u0259f\u0259r etm\u0259k d\u0259v\u0259tini d\u0259 \u00e7atd\u0131rmaq ist\u0259yir\u0259m\u201d.<\/p>\n","protected":false},"author":2,"featured_media":99889,"comment_status":"closed","ping_status":"closed","sticky":false,"template":"","format":"standard","meta":{"om_disable_all_campaigns":false,"_monsterinsights_skip_tracking":false,"_monsterinsights_sitenote_active":false,"_monsterinsights_sitenote_note":"","_monsterinsights_sitenote_category":0},"categories":[4],"tags":[],"aioseo_notices":[],"gutentor_comment":0,"rttpg_featured_image_url":{"full":["https:\/\/arantv.az\/wp-content\/uploads\/2019\/11\/putin-2.jpg",620,335,false],"landscape":["https:\/\/arantv.az\/wp-content\/uploads\/2019\/11\/putin-2.jpg",620,335,false],"portraits":["https:\/\/arantv.az\/wp-content\/uploads\/2019\/11\/putin-2.jpg",620,335,false],"thumbnail":["https:\/\/arantv.az\/wp-content\/uploads\/2019\/11\/putin-2-150x150.jpg",150,150,true],"medium":["https:\/\/arantv.az\/wp-content\/uploads\/2019\/11\/putin-2-300x162.jpg",300,162,true],"large":["https:\/\/arantv.az\/wp-content\/uploads\/2019\/11\/putin-2.jpg",620,335,false],"1536x1536":["https:\/\/arantv.az\/wp-content\/uploads\/2019\/11\/putin-2.jpg",620,335,false],"2048x2048":["https:\/\/arantv.az\/wp-content\/uploads\/2019\/11\/putin-2.jpg",620,335,false],"post-thumbnail":["https:\/\/arantv.az\/wp-content\/uploads\/2019\/11\/putin-2-240x172.jpg",240,172,true],"advps-thumb-one":["https:\/\/arantv.az\/wp-content\/uploads\/2019\/11\/putin-2.jpg",620,335,false]},"rttpg_author":{"display_name":"V\u00fcsal Rafiqo\u011flu","author_link":"https:\/\/arantv.az\/?author=2"},"rttpg_comment":0,"rttpg_category":"<a href=\"https:\/\/arantv.az\/?cat=4\" rel=\"category\">Siyas\u0259t<\/a>","rttpg_excerpt":"Bu g\u00fcn Rusiya Prezidenti Vladimir Putin Az\u0259rbaycan\u0131n Birinci vitse-prezidenti Mehriban \u018fliyevan\u0131 q\u0259bul ed\u0259rk\u0259n az\u0259rbaycanl\u0131 h\u0259mkar\u0131 \u0130lham \u018fliyevl\u0259 dekabr\u0131n 20-d\u0259 Sankt-Peterburqda g\u00f6r\u00fc\u015f\u0259c\u0259yin\u0259 \u00fcmid b\u0259sl\u0259diyini deyib. R\u0130A-n\u0131n m\u0259lumat\u0131na g\u00f6r\u0259, Putin h\u0259m\u00e7inin qeyd edib: \u201cAz\u0259rbaycan Prezidentin\u0259 \u0259n xo\u015f arzular\u0131m\u0131 \u00e7atd\u0131r\u0131n. \u00dcmid edir\u0259m ki, onunla dekabr\u0131n 20-d\u0259 Sankt-Peterburqda g\u00f6r\u00fc\u015fm\u0259yimizd\u0259n m\u0259mnun olaca\u011f\u0131q\u201d. Bundan \u0259lav\u0259, Mehriban \u018fliyeva Putin\u0259 \u0130lham \u018fliyevin salamlar\u0131n\u0131&hellip;","_links":{"self":[{"href":"https:\/\/arantv.az\/index.php?rest_route=\/wp\/v2\/posts\/99888"}],"collection":[{"href":"https:\/\/arantv.az\/index.php?rest_route=\/wp\/v2\/posts"}],"about":[{"href":"https:\/\/arantv.az\/index.php?rest_route=\/wp\/v2\/types\/post"}],"author":[{"embeddable":true,"href":"https:\/\/arantv.az\/index.php?rest_route=\/wp\/v2\/users\/2"}],"replies":[{"embeddable":true,"href":"https:\/\/arantv.az\/index.php?rest_route=%2Fwp%2Fv2%2Fcomments&post=99888"}],"version-history":[{"count":0,"href":"https:\/\/arantv.az\/index.php?rest_route=\/wp\/v2\/posts\/99888\/revisions"}],"wp:featuredmedia":[{"embeddable":true,"href":"https:\/\/arantv.az\/index.php?rest_route=\/wp\/v2\/media\/99889"}],"wp:attachment":[{"href":"https:\/\/arantv.az\/index.php?rest_route=%2Fwp%2Fv2%2Fmedia&parent=99888"}],"wp:term":[{"taxonomy":"category","embeddable":true,"href":"https:\/\/arantv.az\/index.php?rest_route=%2Fwp%2Fv2%2Fcategories&post=99888"},{"taxonomy":"post_tag","embeddable":true,"href":"https:\/\/arantv.az\/index.php?rest_route=%2Fwp%2Fv2%2Ftags&post=99888"}],"curies":[{"name":"wp","href":"https:\/\/api.w.org\/{rel}","templated":true}]}}