{"id":99900,"date":"2019-11-23T08:41:14","date_gmt":"2019-11-23T05:41:14","guid":{"rendered":"http:\/\/arantv.az\/?p=99900"},"modified":"2019-11-23T08:41:14","modified_gmt":"2019-11-23T05:41:14","slug":"birinci-vitse-prezident-mehriban-%c9%99liyeva-az%c9%99rbaycan-v%c9%99-rusiya-arasinda-munasib%c9%99tl%c9%99r-mohk%c9%99m-mehriban-qonsuluq-v%c9%99-dostluq-%c9%99n%c9%99n%c9%99l%c9%99rin%c9%99-malik","status":"publish","type":"post","link":"https:\/\/arantv.az\/?p=99900","title":{"rendered":"Birinci vitse-prezident Mehriban \u018fliyeva: &#8220;Az\u0259rbaycan v\u0259 Rusiya aras\u0131nda m\u00fcnasib\u0259tl\u0259r m\u00f6hk\u0259m mehriban qon\u015fuluq v\u0259 dostluq \u0259n\u0259n\u0259l\u0259rin\u0259 malikdir&#8221;"},"content":{"rendered":"<p>Az\u0259rbaycan v\u0259 Rusiya aras\u0131nda m\u00fcnasib\u0259tl\u0259r m\u00f6hk\u0259m mehriban qon\u015fuluq v\u0259 dostluq \u0259n\u0259n\u0259l\u0259rin\u0259 malikdir.<\/p>\n<p><strong>ARANTV.AZ<\/strong>\u00a0\u00a0<a href=\"http:\/\/azertag.az\/\" target=\"_blank\" rel=\"noopener\">AZ\u018fRTAC<\/a>-a istinad\u0259n bildirir ki, bunu Az\u0259rbaycan Respublikas\u0131n\u0131n Birinci vitse-prezidenti Mehriban \u018fliyeva Rusiya Prezidenti Vladimir Putin il\u0259 g\u00f6r\u00fc\u015f\u00fc zaman\u0131 deyib.<\/p>\n<p>Birinci vitse-prezident Mehriban \u018fliyeva bildirib: &#8220;H\u00f6rm\u0259tli Vladimir Vladimirovi\u00e7. \u0130lk n\u00f6vb\u0259d\u0259, Rusiyaya r\u0259smi s\u0259f\u0259r\u0259 d\u0259v\u0259t edilm\u0259yim\u0259 g\u00f6r\u0259 Siz\u0259 d\u0259rin minn\u0259tdarl\u0131\u011f\u0131m\u0131 bildirm\u0259k ist\u0259yir\u0259m. Yenid\u0259n Moskvada olma\u011f\u0131ma \u00e7ox \u015fadam. Moskva m\u0259nim \u00fc\u00e7\u00fcn yax\u0131n, do\u011fma \u015f\u0259h\u0259rdir. M\u0259nim t\u0259l\u0259b\u0259lik ill\u0259rim burada ke\u00e7ib. Moskva h\u0259r d\u0259f\u0259 g\u00f6z ox\u015fay\u0131r. M\u0259nim Rusiya Federasiyas\u0131n\u0131n d\u00f6vl\u0259t m\u00fckafat\u0131 &#8211; &#8220;Dostluq&#8221; ordeni il\u0259 t\u0259ltif edilm\u0259yim\u0259 g\u00f6r\u0259 d\u0259 Siz\u0259 t\u0259\u015f\u0259kk\u00fcr\u00fcm\u00fc bildirm\u0259k ist\u0259yir\u0259m. Bu, m\u0259nim Rusiya-Az\u0259rbaycan dostluq m\u00fcnasib\u0259tl\u0259rinin m\u00f6hk\u0259ml\u0259nm\u0259sin\u0259 y\u00f6n\u0259lmi\u015f f\u0259aliyy\u0259tim\u0259 veril\u0259n y\u00fcks\u0259k qiym\u0259tdir.<\/p>\n<p>F\u00fcrs\u0259td\u0259n v\u0259 imkandan istifad\u0259 edib Siz\u0259 Az\u0259rbaycan Respublikas\u0131 Prezidentinin salam\u0131n\u0131 v\u0259 \u0259n xo\u015f arzular\u0131n\u0131 \u00e7atd\u0131rmaq ist\u0259yir\u0259m. O, Sizinl\u0259 m\u00fcnasib\u0259tl\u0259ri \u00e7ox y\u00fcks\u0259k qiym\u0259tl\u0259ndirir v\u0259 Rusiya-Az\u0259rbaycan m\u00fcnasib\u0259tl\u0259rin\u0259 x\u00fcsusi \u0259h\u0259miyy\u0259t verir. Sizinl\u0259 \u0130lham Heyd\u0259r o\u011flu aras\u0131nda m\u00fcnt\u0259z\u0259m g\u00f6r\u00fc\u015fl\u0259r bizim ikit\u0259r\u0259fli \u0259laq\u0259l\u0259rin \u00e7oxvektorlulu\u011funu v\u0259 dinamizmini m\u00fc\u0259yy\u0259n edir. M\u0259n h\u0259m d\u0259 Az\u0259rbaycan Respublikas\u0131 Prezidentinin Siz\u0259 m\u00fcnasib vaxtda \u00f6lk\u0259miz\u0259 s\u0259f\u0259r etm\u0259k t\u0259klifini \u00e7atd\u0131rmaq ist\u0259yir\u0259m&#8221;.<\/p>\n<p>Birinci vitse-prezident Mehriban \u018fliyeva qeyd edib ki, bizim \u00f6lk\u0259l\u0259rimiz aras\u0131nda m\u00fcnasib\u0259tl\u0259r m\u00f6hk\u0259m mehriban qon\u015fuluq v\u0259 dostluq \u0259n\u0259n\u0259l\u0259rin\u0259 malikdir: &#8220;Rusiya Federasiyas\u0131 il\u0259 m\u00fcnasib\u0259tl\u0259r Az\u0259rbaycan\u0131n xarici siyas\u0259tind\u0259 \u00e7ox m\u00fch\u00fcm yer tutur. Siz dediyiniz kimi, b\u00fct\u00fcn istiqam\u0259tl\u0259r \u00fczr\u0259 m\u00fcsb\u0259t dinamika m\u00fc\u015fahid\u0259 edirik. D\u00f6vl\u0259tl\u0259r s\u0259viyy\u0259sind\u0259 m\u00fcnt\u0259z\u0259m siyasi dialoq m\u00f6vcuddur. Az\u0259rbaycan v\u0259 Rusiya beyn\u0259lxalq arenada bir-birini d\u0259st\u0259kl\u0259yir. Siz qeyd etdiyiniz kimi, iqtisadi \u0259m\u0259kda\u015fl\u0131q art\u0131q \u00f6z b\u0259hr\u0259l\u0259rini verir v\u0259 bu, \u00e7ox sevindirici hald\u0131r.<\/p>\n<p>Qeyd etm\u0259k ist\u0259yir\u0259m ki, Rusiyadan \u00f6lk\u0259miz\u0259 g\u0259l\u0259n turistl\u0259rin say\u0131 durmadan art\u0131r. Ke\u00e7\u0259n il 900 min rusiyal\u0131 Az\u0259rbaycana s\u0259f\u0259r edib. Bu il biz h\u0259min g\u00f6st\u0259ricinin artaca\u011f\u0131n\u0131 g\u00f6zl\u0259yirik.<\/p>\n<p>\u018flb\u0259tt\u0259, humanitar sah\u0259d\u0259 m\u00fcnasib\u0259tl\u0259rimizi x\u00fcsusi qeyd etm\u0259k ist\u0259yir\u0259m. Hesab edir\u0259m ki, bu m\u00fcnasib\u0259tl\u0259r n\u00fcmun\u0259vidir. Siz bilirsiniz ki, Az\u0259rbaycanda rus m\u0259d\u0259niyy\u0259tin\u0259, rus dilin\u0259 \u00e7ox b\u00f6y\u00fck h\u00f6rm\u0259t b\u0259sl\u0259yirl\u0259r. Respublikam\u0131z\u0131n paytaxt\u0131nda M.V.Lomonosov ad\u0131na Moskva D\u00f6vl\u0259t Universitetinin, \u0130.M.Se\u00e7enov ad\u0131na Moskva D\u00f6vl\u0259t Birinci Tibb Universitetinin filiallar\u0131 \u00e7ox u\u011furla f\u0259aliyy\u0259t g\u00f6st\u0259rir. Bu ild\u0259n etibar\u0259n Az\u0259rbaycan Diplomatik Akademiyas\u0131n\u0131n v\u0259 Moskva D\u00f6vl\u0259t Beyn\u0259lxalq M\u00fcnasib\u0259tl\u0259r \u0130nstitutunun ikili magistr diplomlar\u0131 proqram\u0131n\u0131n birg\u0259 h\u0259yata ke\u00e7irilm\u0259sin\u0259 ba\u015flan\u0131b. Az\u0259rbaycanda 338 m\u0259kt\u0259bd\u0259 t\u0259dris rus dilind\u0259 apar\u0131l\u0131r, 14 d\u00f6vl\u0259t ali m\u0259kt\u0259bind\u0259 rusdilli b\u00f6lm\u0259 f\u0259aliyy\u0259t g\u00f6st\u0259rir. Rusiyada 11 min az\u0259rbaycanl\u0131 t\u0259l\u0259b\u0259 t\u0259hsil al\u0131r v\u0259 \u0259lb\u0259tt\u0259 ki, Az\u0259rbaycan\u0131n \u00e7oxminlik rus icmas\u0131 \u00f6lk\u0259mizin \u00fcmumi inki\u015faf\u0131na \u00f6z layiqli t\u00f6hf\u0259sini verir.<\/p>\n<p>D\u0259v\u0259t\u0259, s\u0259mimi q\u0259bula, qonaqp\u0259rv\u0259rliyiniz\u0259 g\u00f6r\u0259 Siz\u0259 bir daha t\u0259\u015f\u0259kk\u00fcr edir\u0259m. \u018fmin\u0259m ki, Az\u0259rbaycan-Rusiya m\u00fcnasib\u0259tl\u0259ri Az\u0259rbaycan v\u0259 Rusiya xalqlar\u0131n\u0131n rifah\u0131 namin\u0259 bundan sonra da u\u011furla inki\u015faf ed\u0259c\u0259k&#8221;.<\/p>\n","protected":false},"excerpt":{"rendered":"<p>Az\u0259rbaycan v\u0259 Rusiya aras\u0131nda m\u00fcnasib\u0259tl\u0259r m\u00f6hk\u0259m mehriban qon\u015fuluq v\u0259 dostluq \u0259n\u0259n\u0259l\u0259rin\u0259 malikdir. ARANTV.AZ\u00a0\u00a0AZ\u018fRTAC-a istinad\u0259n bildirir ki, bunu Az\u0259rbaycan Respublikas\u0131n\u0131n Birinci vitse-prezidenti Mehriban \u018fliyeva Rusiya Prezidenti Vladimir Putin il\u0259 g\u00f6r\u00fc\u015f\u00fc zaman\u0131 deyib. Birinci vitse-prezident Mehriban \u018fliyeva bildirib: &#8220;H\u00f6rm\u0259tli Vladimir Vladimirovi\u00e7. \u0130lk n\u00f6vb\u0259d\u0259, Rusiyaya r\u0259smi s\u0259f\u0259r\u0259 d\u0259v\u0259t edilm\u0259yim\u0259 g\u00f6r\u0259 Siz\u0259 d\u0259rin minn\u0259tdarl\u0131\u011f\u0131m\u0131 bildirm\u0259k ist\u0259yir\u0259m. Yenid\u0259n Moskvada olma\u011f\u0131ma \u00e7ox \u015fadam. Moskva m\u0259nim \u00fc\u00e7\u00fcn yax\u0131n, do\u011fma \u015f\u0259h\u0259rdir. M\u0259nim t\u0259l\u0259b\u0259lik ill\u0259rim burada ke\u00e7ib. Moskva h\u0259r d\u0259f\u0259 g\u00f6z ox\u015fay\u0131r. M\u0259nim Rusiya Federasiyas\u0131n\u0131n d\u00f6vl\u0259t m\u00fckafat\u0131 &#8211; &#8220;Dostluq&#8221; ordeni il\u0259 t\u0259ltif edilm\u0259yim\u0259 g\u00f6r\u0259 d\u0259 Siz\u0259 t\u0259\u015f\u0259kk\u00fcr\u00fcm\u00fc bildirm\u0259k ist\u0259yir\u0259m.&hellip;<\/p>\n","protected":false},"author":2,"featured_media":99901,"comment_status":"closed","ping_status":"closed","sticky":false,"template":"","format":"standard","meta":{"om_disable_all_campaigns":false,"_monsterinsights_skip_tracking":false,"_monsterinsights_sitenote_active":false,"_monsterinsights_sitenote_note":"","_monsterinsights_sitenote_category":0},"categories":[4],"tags":[],"aioseo_notices":[],"gutentor_comment":0,"rttpg_featured_image_url":{"full":["https:\/\/arantv.az\/wp-content\/uploads\/2019\/11\/804556.jpg",977,669,false],"landscape":["https:\/\/arantv.az\/wp-content\/uploads\/2019\/11\/804556.jpg",977,669,false],"portraits":["https:\/\/arantv.az\/wp-content\/uploads\/2019\/11\/804556.jpg",977,669,false],"thumbnail":["https:\/\/arantv.az\/wp-content\/uploads\/2019\/11\/804556-150x150.jpg",150,150,true],"medium":["https:\/\/arantv.az\/wp-content\/uploads\/2019\/11\/804556-300x205.jpg",300,205,true],"large":["https:\/\/arantv.az\/wp-content\/uploads\/2019\/11\/804556.jpg",640,438,false],"1536x1536":["https:\/\/arantv.az\/wp-content\/uploads\/2019\/11\/804556.jpg",977,669,false],"2048x2048":["https:\/\/arantv.az\/wp-content\/uploads\/2019\/11\/804556.jpg",977,669,false],"post-thumbnail":["https:\/\/arantv.az\/wp-content\/uploads\/2019\/11\/804556-240x172.jpg",240,172,true],"advps-thumb-one":["https:\/\/arantv.az\/wp-content\/uploads\/2019\/11\/804556-977x620.jpg",977,620,true]},"rttpg_author":{"display_name":"V\u00fcsal Rafiqo\u011flu","author_link":"https:\/\/arantv.az\/?author=2"},"rttpg_comment":0,"rttpg_category":"<a href=\"https:\/\/arantv.az\/?cat=4\" rel=\"category\">Siyas\u0259t<\/a>","rttpg_excerpt":"Az\u0259rbaycan v\u0259 Rusiya aras\u0131nda m\u00fcnasib\u0259tl\u0259r m\u00f6hk\u0259m mehriban qon\u015fuluq v\u0259 dostluq \u0259n\u0259n\u0259l\u0259rin\u0259 malikdir. ARANTV.AZ\u00a0\u00a0AZ\u018fRTAC-a istinad\u0259n bildirir ki, bunu Az\u0259rbaycan Respublikas\u0131n\u0131n Birinci vitse-prezidenti Mehriban \u018fliyeva Rusiya Prezidenti Vladimir Putin il\u0259 g\u00f6r\u00fc\u015f\u00fc zaman\u0131 deyib. Birinci vitse-prezident Mehriban \u018fliyeva bildirib: &#8220;H\u00f6rm\u0259tli Vladimir Vladimirovi\u00e7. \u0130lk n\u00f6vb\u0259d\u0259, Rusiyaya r\u0259smi s\u0259f\u0259r\u0259 d\u0259v\u0259t edilm\u0259yim\u0259 g\u00f6r\u0259 Siz\u0259 d\u0259rin minn\u0259tdarl\u0131\u011f\u0131m\u0131 bildirm\u0259k ist\u0259yir\u0259m. Yenid\u0259n Moskvada olma\u011f\u0131ma&hellip;","_links":{"self":[{"href":"https:\/\/arantv.az\/index.php?rest_route=\/wp\/v2\/posts\/99900"}],"collection":[{"href":"https:\/\/arantv.az\/index.php?rest_route=\/wp\/v2\/posts"}],"about":[{"href":"https:\/\/arantv.az\/index.php?rest_route=\/wp\/v2\/types\/post"}],"author":[{"embeddable":true,"href":"https:\/\/arantv.az\/index.php?rest_route=\/wp\/v2\/users\/2"}],"replies":[{"embeddable":true,"href":"https:\/\/arantv.az\/index.php?rest_route=%2Fwp%2Fv2%2Fcomments&post=99900"}],"version-history":[{"count":0,"href":"https:\/\/arantv.az\/index.php?rest_route=\/wp\/v2\/posts\/99900\/revisions"}],"wp:featuredmedia":[{"embeddable":true,"href":"https:\/\/arantv.az\/index.php?rest_route=\/wp\/v2\/media\/99901"}],"wp:attachment":[{"href":"https:\/\/arantv.az\/index.php?rest_route=%2Fwp%2Fv2%2Fmedia&parent=99900"}],"wp:term":[{"taxonomy":"category","embeddable":true,"href":"https:\/\/arantv.az\/index.php?rest_route=%2Fwp%2Fv2%2Fcategories&post=99900"},{"taxonomy":"post_tag","embeddable":true,"href":"https:\/\/arantv.az\/index.php?rest_route=%2Fwp%2Fv2%2Ftags&post=99900"}],"curies":[{"name":"wp","href":"https:\/\/api.w.org\/{rel}","templated":true}]}}