{"id":99908,"date":"2019-11-23T08:43:35","date_gmt":"2019-11-23T05:43:35","guid":{"rendered":"http:\/\/arantv.az\/?p=99908"},"modified":"2019-11-23T08:43:35","modified_gmt":"2019-11-23T05:43:35","slug":"bu-olk%c9%99d%c9%99-komendant-saati-elan-edildi","status":"publish","type":"post","link":"https:\/\/arantv.az\/?p=99908","title":{"rendered":"Bu \u00f6lk\u0259d\u0259 komendant saat\u0131 elan edildi"},"content":{"rendered":"<p><strong>Kolumbiya hakimiyy\u0259ti Boqota \u015f\u0259h\u0259rind\u0259 komendant saat\u0131 elan edibl\u0259r.<\/strong><\/p>\n<p><strong>ARANTV.AZ<\/strong>\u00a0\u00a0<a href=\"http:\/\/az.trend.az\/\" target=\"_blank\" rel=\"noopener\">Trend<\/a>-\u0259 istinad\u0259n bildirir ki,\u00a0bu bar\u0259d\u0259 \u00f6lk\u0259nin prezidenti \u0130van Duke \u00f6z &#8220;Twitter&#8221; s\u0259hif\u0259sind\u0259 yaz\u0131b.<\/p>\n<p>\u0130.Duke bildirib: &#8220;M\u0259n Boqotan\u0131n meri Enrike Penyalosda ax\u015fam saat 9-dan etibar\u0259n b\u00fct\u00fcn \u015f\u0259h\u0259rd\u0259 komendant saat\u0131 tt\u0259biq etm\u0259sini xahi\u015f ist\u0259dim&#8221;.<\/p>\n<p>Prezident \u0259lav\u0259 edib ki, bu aad\u0131mla hakimiyy\u0259t &#8220;Boqotan\u0131n b\u00fct\u00fcn sakinl\u0259rinin t\u0259hl\u00fck\u0259sizliyini t\u0259min etm\u0259y\u0259&#8221; \u00fcmid edirl\u0259r.<\/p>\n","protected":false},"excerpt":{"rendered":"<p>Kolumbiya hakimiyy\u0259ti Boqota \u015f\u0259h\u0259rind\u0259 komendant saat\u0131 elan edibl\u0259r. ARANTV.AZ\u00a0\u00a0Trend-\u0259 istinad\u0259n bildirir ki,\u00a0bu bar\u0259d\u0259 \u00f6lk\u0259nin prezidenti \u0130van Duke \u00f6z &#8220;Twitter&#8221; s\u0259hif\u0259sind\u0259 yaz\u0131b. \u0130.Duke bildirib: &#8220;M\u0259n Boqotan\u0131n meri Enrike Penyalosda ax\u015fam saat 9-dan etibar\u0259n b\u00fct\u00fcn \u015f\u0259h\u0259rd\u0259 komendant saat\u0131 tt\u0259biq etm\u0259sini xahi\u015f ist\u0259dim&#8221;. Prezident \u0259lav\u0259 edib ki, bu aad\u0131mla hakimiyy\u0259t &#8220;Boqotan\u0131n b\u00fct\u00fcn sakinl\u0259rinin t\u0259hl\u00fck\u0259sizliyini t\u0259min etm\u0259y\u0259&#8221; \u00fcmid edirl\u0259r.<\/p>\n","protected":false},"author":2,"featured_media":99909,"comment_status":"closed","ping_status":"closed","sticky":false,"template":"","format":"standard","meta":{"om_disable_all_campaigns":false,"_monsterinsights_skip_tracking":false,"_monsterinsights_sitenote_active":false,"_monsterinsights_sitenote_note":"","_monsterinsights_sitenote_category":0},"categories":[7],"tags":[],"aioseo_notices":[],"gutentor_comment":0,"rttpg_featured_image_url":{"full":["https:\/\/arantv.az\/wp-content\/uploads\/2019\/11\/804565.jpg",800,600,false],"landscape":["https:\/\/arantv.az\/wp-content\/uploads\/2019\/11\/804565.jpg",800,600,false],"portraits":["https:\/\/arantv.az\/wp-content\/uploads\/2019\/11\/804565.jpg",800,600,false],"thumbnail":["https:\/\/arantv.az\/wp-content\/uploads\/2019\/11\/804565-150x150.jpg",150,150,true],"medium":["https:\/\/arantv.az\/wp-content\/uploads\/2019\/11\/804565-300x225.jpg",300,225,true],"large":["https:\/\/arantv.az\/wp-content\/uploads\/2019\/11\/804565.jpg",640,480,false],"1536x1536":["https:\/\/arantv.az\/wp-content\/uploads\/2019\/11\/804565.jpg",800,600,false],"2048x2048":["https:\/\/arantv.az\/wp-content\/uploads\/2019\/11\/804565.jpg",800,600,false],"post-thumbnail":["https:\/\/arantv.az\/wp-content\/uploads\/2019\/11\/804565-240x172.jpg",240,172,true],"advps-thumb-one":["https:\/\/arantv.az\/wp-content\/uploads\/2019\/11\/804565.jpg",800,600,false]},"rttpg_author":{"display_name":"V\u00fcsal Rafiqo\u011flu","author_link":"https:\/\/arantv.az\/?author=2"},"rttpg_comment":0,"rttpg_category":"<a href=\"https:\/\/arantv.az\/?cat=7\" rel=\"category\">D\u00fcnya<\/a>","rttpg_excerpt":"Kolumbiya hakimiyy\u0259ti Boqota \u015f\u0259h\u0259rind\u0259 komendant saat\u0131 elan edibl\u0259r. ARANTV.AZ\u00a0\u00a0Trend-\u0259 istinad\u0259n bildirir ki,\u00a0bu bar\u0259d\u0259 \u00f6lk\u0259nin prezidenti \u0130van Duke \u00f6z &#8220;Twitter&#8221; s\u0259hif\u0259sind\u0259 yaz\u0131b. \u0130.Duke bildirib: &#8220;M\u0259n Boqotan\u0131n meri Enrike Penyalosda ax\u015fam saat 9-dan etibar\u0259n b\u00fct\u00fcn \u015f\u0259h\u0259rd\u0259 komendant saat\u0131 tt\u0259biq etm\u0259sini xahi\u015f ist\u0259dim&#8221;. Prezident \u0259lav\u0259 edib ki, bu aad\u0131mla hakimiyy\u0259t &#8220;Boqotan\u0131n b\u00fct\u00fcn sakinl\u0259rinin t\u0259hl\u00fck\u0259sizliyini t\u0259min etm\u0259y\u0259&#8221; \u00fcmid edirl\u0259r.","_links":{"self":[{"href":"https:\/\/arantv.az\/index.php?rest_route=\/wp\/v2\/posts\/99908"}],"collection":[{"href":"https:\/\/arantv.az\/index.php?rest_route=\/wp\/v2\/posts"}],"about":[{"href":"https:\/\/arantv.az\/index.php?rest_route=\/wp\/v2\/types\/post"}],"author":[{"embeddable":true,"href":"https:\/\/arantv.az\/index.php?rest_route=\/wp\/v2\/users\/2"}],"replies":[{"embeddable":true,"href":"https:\/\/arantv.az\/index.php?rest_route=%2Fwp%2Fv2%2Fcomments&post=99908"}],"version-history":[{"count":0,"href":"https:\/\/arantv.az\/index.php?rest_route=\/wp\/v2\/posts\/99908\/revisions"}],"wp:featuredmedia":[{"embeddable":true,"href":"https:\/\/arantv.az\/index.php?rest_route=\/wp\/v2\/media\/99909"}],"wp:attachment":[{"href":"https:\/\/arantv.az\/index.php?rest_route=%2Fwp%2Fv2%2Fmedia&parent=99908"}],"wp:term":[{"taxonomy":"category","embeddable":true,"href":"https:\/\/arantv.az\/index.php?rest_route=%2Fwp%2Fv2%2Fcategories&post=99908"},{"taxonomy":"post_tag","embeddable":true,"href":"https:\/\/arantv.az\/index.php?rest_route=%2Fwp%2Fv2%2Ftags&post=99908"}],"curies":[{"name":"wp","href":"https:\/\/api.w.org\/{rel}","templated":true}]}}