{"id":99916,"date":"2019-11-23T08:49:51","date_gmt":"2019-11-23T05:49:51","guid":{"rendered":"http:\/\/arantv.az\/?p=99916"},"modified":"2019-11-23T08:49:51","modified_gmt":"2019-11-23T05:49:51","slug":"bakida-d%c9%99hs%c9%99tli-hadis%c9%99-47-yasli-qadinin-meyiti-tapildi","status":"publish","type":"post","link":"https:\/\/arantv.az\/?p=99916","title":{"rendered":"Bak\u0131da d\u0259h\u015f\u0259tli hadis\u0259 &#8211; 47 ya\u015fl\u0131 qad\u0131n\u0131n meyiti tap\u0131ld\u0131"},"content":{"rendered":"<p><strong>Bak\u0131dan m\u0259nzild\u0259n qad\u0131n meyiti tap\u0131l\u0131b.<\/strong><\/p>\n<p><b>ARANTV.AZ\u00a0<\/b>x\u0259b\u0259r verir ki, F\u00f6vq\u0259lad\u0259 Hallar Nazirliyinin &#8220;112&#8221; qaynar telefon x\u0259ttin\u0259 daxil olan m\u0259lumata \u0259sas\u0259n, Bak\u0131 \u015f\u0259h\u0259rinin Bin\u0259q\u0259di rayonunda 1 n\u0259f\u0259r ba\u011fl\u0131 qap\u0131 arxas\u0131nda k\u00f6m\u0259ksiz v\u0259ziyy\u0259td\u0259 qal\u0131b. Hadis\u0259 yerin\u0259 c\u0259lb olunan X\u00fcsusi Riskli Xilasetm\u0259 Xidm\u0259tinin m\u00fcvafiq xilasetm\u0259 q\u00fcvv\u0259l\u0259ri m\u0259nzilin giri\u015f qap\u0131s\u0131n\u0131 a\u00e7\u0131b.<\/p>\n<p>Orada a\u015fkarlanan 1972-ci il t\u0259v\u0259ll\u00fcdl\u00fc Z\u00fclf\u00fcqarova S\u0259lfinaz Hilal q\u0131z\u0131n\u0131n meyitini aidiyy\u0259ti \u00fczr\u0259 t\u0259hvil veribl\u0259r.Publika.az<\/p>\n","protected":false},"excerpt":{"rendered":"<p>Bak\u0131dan m\u0259nzild\u0259n qad\u0131n meyiti tap\u0131l\u0131b. ARANTV.AZ\u00a0x\u0259b\u0259r verir ki, F\u00f6vq\u0259lad\u0259 Hallar Nazirliyinin &#8220;112&#8221; qaynar telefon x\u0259ttin\u0259 daxil olan m\u0259lumata \u0259sas\u0259n, Bak\u0131 \u015f\u0259h\u0259rinin Bin\u0259q\u0259di rayonunda 1 n\u0259f\u0259r ba\u011fl\u0131 qap\u0131 arxas\u0131nda k\u00f6m\u0259ksiz v\u0259ziyy\u0259td\u0259 qal\u0131b. Hadis\u0259 yerin\u0259 c\u0259lb olunan X\u00fcsusi Riskli Xilasetm\u0259 Xidm\u0259tinin m\u00fcvafiq xilasetm\u0259 q\u00fcvv\u0259l\u0259ri m\u0259nzilin giri\u015f qap\u0131s\u0131n\u0131 a\u00e7\u0131b. Orada a\u015fkarlanan 1972-ci il t\u0259v\u0259ll\u00fcdl\u00fc Z\u00fclf\u00fcqarova S\u0259lfinaz Hilal q\u0131z\u0131n\u0131n meyitini aidiyy\u0259ti \u00fczr\u0259 t\u0259hvil veribl\u0259r.Publika.az<\/p>\n","protected":false},"author":2,"featured_media":99917,"comment_status":"closed","ping_status":"closed","sticky":false,"template":"","format":"standard","meta":{"om_disable_all_campaigns":false,"_monsterinsights_skip_tracking":false,"_monsterinsights_sitenote_active":false,"_monsterinsights_sitenote_note":"","_monsterinsights_sitenote_category":0},"categories":[5],"tags":[],"aioseo_notices":[],"gutentor_comment":0,"rttpg_featured_image_url":{"full":["https:\/\/arantv.az\/wp-content\/uploads\/2019\/11\/meyit_27847576.jpg",800,450,false],"landscape":["https:\/\/arantv.az\/wp-content\/uploads\/2019\/11\/meyit_27847576.jpg",800,450,false],"portraits":["https:\/\/arantv.az\/wp-content\/uploads\/2019\/11\/meyit_27847576.jpg",800,450,false],"thumbnail":["https:\/\/arantv.az\/wp-content\/uploads\/2019\/11\/meyit_27847576-150x150.jpg",150,150,true],"medium":["https:\/\/arantv.az\/wp-content\/uploads\/2019\/11\/meyit_27847576-300x169.jpg",300,169,true],"large":["https:\/\/arantv.az\/wp-content\/uploads\/2019\/11\/meyit_27847576.jpg",640,360,false],"1536x1536":["https:\/\/arantv.az\/wp-content\/uploads\/2019\/11\/meyit_27847576.jpg",800,450,false],"2048x2048":["https:\/\/arantv.az\/wp-content\/uploads\/2019\/11\/meyit_27847576.jpg",800,450,false],"post-thumbnail":["https:\/\/arantv.az\/wp-content\/uploads\/2019\/11\/meyit_27847576-240x172.jpg",240,172,true],"advps-thumb-one":["https:\/\/arantv.az\/wp-content\/uploads\/2019\/11\/meyit_27847576.jpg",800,450,false]},"rttpg_author":{"display_name":"V\u00fcsal Rafiqo\u011flu","author_link":"https:\/\/arantv.az\/?author=2"},"rttpg_comment":0,"rttpg_category":"<a href=\"https:\/\/arantv.az\/?cat=5\" rel=\"category\">Hadis\u0259<\/a>","rttpg_excerpt":"Bak\u0131dan m\u0259nzild\u0259n qad\u0131n meyiti tap\u0131l\u0131b. ARANTV.AZ\u00a0x\u0259b\u0259r verir ki, F\u00f6vq\u0259lad\u0259 Hallar Nazirliyinin &#8220;112&#8221; qaynar telefon x\u0259ttin\u0259 daxil olan m\u0259lumata \u0259sas\u0259n, Bak\u0131 \u015f\u0259h\u0259rinin Bin\u0259q\u0259di rayonunda 1 n\u0259f\u0259r ba\u011fl\u0131 qap\u0131 arxas\u0131nda k\u00f6m\u0259ksiz v\u0259ziyy\u0259td\u0259 qal\u0131b. Hadis\u0259 yerin\u0259 c\u0259lb olunan X\u00fcsusi Riskli Xilasetm\u0259 Xidm\u0259tinin m\u00fcvafiq xilasetm\u0259 q\u00fcvv\u0259l\u0259ri m\u0259nzilin giri\u015f qap\u0131s\u0131n\u0131 a\u00e7\u0131b. Orada a\u015fkarlanan 1972-ci il t\u0259v\u0259ll\u00fcdl\u00fc Z\u00fclf\u00fcqarova S\u0259lfinaz Hilal q\u0131z\u0131n\u0131n&hellip;","_links":{"self":[{"href":"https:\/\/arantv.az\/index.php?rest_route=\/wp\/v2\/posts\/99916"}],"collection":[{"href":"https:\/\/arantv.az\/index.php?rest_route=\/wp\/v2\/posts"}],"about":[{"href":"https:\/\/arantv.az\/index.php?rest_route=\/wp\/v2\/types\/post"}],"author":[{"embeddable":true,"href":"https:\/\/arantv.az\/index.php?rest_route=\/wp\/v2\/users\/2"}],"replies":[{"embeddable":true,"href":"https:\/\/arantv.az\/index.php?rest_route=%2Fwp%2Fv2%2Fcomments&post=99916"}],"version-history":[{"count":0,"href":"https:\/\/arantv.az\/index.php?rest_route=\/wp\/v2\/posts\/99916\/revisions"}],"wp:featuredmedia":[{"embeddable":true,"href":"https:\/\/arantv.az\/index.php?rest_route=\/wp\/v2\/media\/99917"}],"wp:attachment":[{"href":"https:\/\/arantv.az\/index.php?rest_route=%2Fwp%2Fv2%2Fmedia&parent=99916"}],"wp:term":[{"taxonomy":"category","embeddable":true,"href":"https:\/\/arantv.az\/index.php?rest_route=%2Fwp%2Fv2%2Fcategories&post=99916"},{"taxonomy":"post_tag","embeddable":true,"href":"https:\/\/arantv.az\/index.php?rest_route=%2Fwp%2Fv2%2Ftags&post=99916"}],"curies":[{"name":"wp","href":"https:\/\/api.w.org\/{rel}","templated":true}]}}